{"id":37302,"date":"2019-05-28T17:18:02","date_gmt":"2019-05-28T21:18:02","guid":{"rendered":"https:\/\/linitiative.ca\/International\/un-manuel-de-procedures-pour-gerer-la-dette-publique-du-congo\/"},"modified":"2019-05-28T17:18:02","modified_gmt":"2019-05-28T21:18:02","slug":"un-manuel-de-procedures-pour-gerer-la-dette-publique-du-congo","status":"publish","type":"post","link":"https:\/\/linitiative.ca\/International\/un-manuel-de-procedures-pour-gerer-la-dette-publique-du-congo\/","title":{"rendered":"Un manuel de proc\u00e9dures pour g\u00e9rer la dette publique du Congo"},"content":{"rendered":"<div readability=\"32\">\n<p>Publi\u00e9 le 28.05.2019 \u00e0 22h18 par APA News<\/p>\n<\/div>\n<div readability=\"53\">\n<p>Le Comit\u00e9 national de la dette du Congo a adopt\u00e9, mardi \u00e0 Brazzaville, son manuel de proc\u00e9dures afin de renforcer le dispositif de la gestion de la dette publique congolaise.\u00ab Ce manuel est tr\u00e8s important pour notre pays qui, pendant longtemps, avait des probl\u00e8mes de coordination de sa politique d\u2019endettement et de gestion de la dette avec les politiques budg\u00e9taire et mon\u00e9taire \u00bb, a expliqu\u00e9 la ministre du Plan, de la Statistique et de l\u2019Int\u00e9gration r\u00e9gionale, Ingrid Ebouka Babakas qui pr\u00e9sidait la r\u00e9union inaugurale du Comit\u00e9 national de la dette du Congo.<\/p>\n<p>Selon elle, \u00ab la gestion rencontre des difficult\u00e9s au regard de la soutenabilit\u00e9 des finances publiques en g\u00e9n\u00e9ral et de la viabilit\u00e9 de la dette en particulier \u00bb.<\/p>\n<p>\u00ab Quand l\u2019\u00e9conomie est en crise, a ajout\u00e9 Mme Babakas, le PIB se r\u00e9duit et l\u2019on a le sentiment que la dette devient insupportable, alors que la m\u00eame dette rapport\u00e9e au PIB ferait qu\u2019on ne soit pas en situation de surendettement \u00bb.<\/p>\n<\/div>\n<p>Auteur: APA News<br \/>\n<a href=\"https:\/\/www.journalducameroun.com\/un-manuel-de-procedures-pour-gerer-la-dette-publique-du-congo\/\">Cliquez ici pour lire l&rsquo;article depuis sa source.<\/a><\/p>\n","protected":false},"excerpt":{"rendered":"<p>Publi\u00e9 le 28.05.2019 \u00e0 22h18 par APA News Le Comit\u00e9 national de la dette du Congo a adopt\u00e9, mardi \u00e0 Brazzaville, son manuel de proc\u00e9dures afin de renforcer le dispositif de la gestion de la dette publique congolaise.\u00ab Ce manuel est tr\u00e8s important pour notre pays qui, pendant longtemps, avait des probl\u00e8mes de coordination de [&hellip;]<\/p>\n","protected":false},"author":1965,"featured_media":0,"comment_status":"closed","ping_status":"closed","sticky":false,"template":"","format":"standard","meta":{"fifu_image_url":"","fifu_image_alt":"","footnotes":""},"categories":[73,82],"tags":[],"class_list":["post-37302","post","type-post","status-publish","format-standard","hentry","category-actualite","category-cameroun"],"_links":{"self":[{"href":"https:\/\/linitiative.ca\/International\/wp-json\/wp\/v2\/posts\/37302","targetHints":{"allow":["GET"]}}],"collection":[{"href":"https:\/\/linitiative.ca\/International\/wp-json\/wp\/v2\/posts"}],"about":[{"href":"https:\/\/linitiative.ca\/International\/wp-json\/wp\/v2\/types\/post"}],"author":[{"embeddable":true,"href":"https:\/\/linitiative.ca\/International\/wp-json\/wp\/v2\/users\/1965"}],"replies":[{"embeddable":true,"href":"https:\/\/linitiative.ca\/International\/wp-json\/wp\/v2\/comments?post=37302"}],"version-history":[{"count":0,"href":"https:\/\/linitiative.ca\/International\/wp-json\/wp\/v2\/posts\/37302\/revisions"}],"wp:attachment":[{"href":"https:\/\/linitiative.ca\/International\/wp-json\/wp\/v2\/media?parent=37302"}],"wp:term":[{"taxonomy":"category","embeddable":true,"href":"https:\/\/linitiative.ca\/International\/wp-json\/wp\/v2\/categories?post=37302"},{"taxonomy":"post_tag","embeddable":true,"href":"https:\/\/linitiative.ca\/International\/wp-json\/wp\/v2\/tags?post=37302"}],"curies":[{"name":"wp","href":"https:\/\/api.w.org\/{rel}","templated":true}]}}