{"id":37325,"date":"2019-05-28T10:57:17","date_gmt":"2019-05-28T14:57:17","guid":{"rendered":"https:\/\/linitiative.ca\/International\/crise-anglophone-12-000-employes-de-la-cdc-en-chomage\/"},"modified":"2019-05-28T10:57:17","modified_gmt":"2019-05-28T14:57:17","slug":"crise-anglophone-12-000-employes-de-la-cdc-en-chomage","status":"publish","type":"post","link":"https:\/\/linitiative.ca\/International\/crise-anglophone-12-000-employes-de-la-cdc-en-chomage\/","title":{"rendered":"Crise anglophone : 12 000 employ\u00e9s de la CDC en ch\u00f4mage"},"content":{"rendered":"<div class=\"featured-area featured-area-inner\"><img loading=\"lazy\" decoding=\"async\" width=\"650\" height=\"366\" src=\"https:\/\/i1.wp.com\/ecomatin.net\/wp-content\/uploads\/2019\/05\/ecomatin.net-crise-anglophone-12-000-employes-de-la-cdc-en-chomage-cdc-2019.jpg?resize=650%2C366&#038;ssl=1&#038;is-pending-load=1\" class=\"attachment-jannah-image-post size-jannah-image-post wp-post-image jetpack-lazy-image\" alt=\"\" data-attachment-id=\"8535\" data-permalink=\"https:\/\/ecomatin.net\/crise-anglophone-12-000-employes-de-la-cdc-en-chomage\/cdc-2019\/\" data-orig-file=\"https:\/\/i1.wp.com\/ecomatin.net\/wp-content\/uploads\/2019\/05\/ecomatin.net-crise-anglophone-12-000-employes-de-la-cdc-en-chomage-cdc-2019.jpg?fit=650%2C366&#038;ssl=1\" data-orig-size=\"650,366\" data-comments-opened=\"0\" data-image-meta=\"{\"aperture\":\"0\",\"credit\":\"\",\"camera\":\"\",\"caption\":\"\",\"created_timestamp\":\"0\",\"copyright\":\"\",\"focal_length\":\"0\",\"iso\":\"0\",\"shutter_speed\":\"0\",\"title\":\"\",\"orientation\":\"1\"}\" data-image-title=\"Cdc 2019\" data-image-description=\"\" data-medium-file=\"https:\/\/i1.wp.com\/ecomatin.net\/wp-content\/uploads\/2019\/05\/ecomatin.net-crise-anglophone-12-000-employes-de-la-cdc-en-chomage-cdc-2019.jpg?fit=300%2C169&#038;ssl=1\" data-large-file=\"https:\/\/i1.wp.com\/ecomatin.net\/wp-content\/uploads\/2019\/05\/ecomatin.net-crise-anglophone-12-000-employes-de-la-cdc-en-chomage-cdc-2019.jpg?fit=650%2C366&#038;ssl=1\" data-lazy-srcset=\"https:\/\/i1.wp.com\/ecomatin.net\/wp-content\/uploads\/2019\/05\/ecomatin.net-crise-anglophone-12-000-employes-de-la-cdc-en-chomage-cdc-2019.jpg?w=650&#038;ssl=1 650w, https:\/\/i1.wp.com\/ecomatin.net\/wp-content\/uploads\/2019\/05\/ecomatin.net-crise-anglophone-12-000-employes-de-la-cdc-en-chomage-cdc-2019.jpg?resize=300%2C169&#038;ssl=1 300w, https:\/\/i1.wp.com\/ecomatin.net\/wp-content\/uploads\/2019\/05\/ecomatin.net-crise-anglophone-12-000-employes-de-la-cdc-en-chomage-cdc-2019.jpg?resize=390%2C220&#038;ssl=1 390w\" data-lazy-sizes=\"(max-width: 650px) 100vw, 650px\" srcset=\"data:image\/gif;base64,R0lGODlhAQABAIAAAAAAAP\/\/\/yH5BAEAAAAALAAAAAABAAEAAAIBRAA7\"\/><\/div>\n<div class=\"entry-content entry clearfix\" readability=\"65.7912408759\">\n<p>Dans une note au gouvernement, le directeur g\u00e9n\u00e9ral de la CDC, <strong>Franklin Ngoni Ikome Njie<\/strong> a d\u00e9clar\u00e9 que <em>\u00ab l\u2019entreprise \u00e9volue en moins de 10% de ses capacit\u00e9s \u00bb.<\/em> Au regard de l\u2019ins\u00e9curit\u00e9 qui pr\u00e9vaut dans la r\u00e9gion <em>\u00ab 12 000 employ\u00e9s ont \u00e9t\u00e9 mis en ch\u00f4mage \u00bb,<\/em> ce qui repr\u00e9sente <strong>60%<\/strong> des effectifs. La <strong>CDC<\/strong> paye les frais de la crise qui secoue la partie anglophone du pays, ses plantations et usines \u00e9tant install\u00e9es dans la r\u00e9gion du Sud-ouest.<\/p>\n<hr\/>\n<h4><strong>>> Lire aussi \u2013 <a title=\"La CDC au bord de l\u2019implosion\" href=\"https:\/\/ecomatin.net\/la-cdc-au-bord-de-limplosion\/\" target=\"_blank\" rel=\"noopener noreferrer\">La CDC au bord de l\u2019implosion<\/a><br \/><\/strong><\/h4>\n<hr\/>\n<p>En d\u00e9but d\u2019ann\u00e9e, l\u2019entreprise avait sollicit\u00e9 un appui de <strong>29<\/strong> <strong>milliards<\/strong> de FCFA pour relancer ses activit\u00e9s, dont <em>\u00ab sept milliards de FCFA sont n\u00e9cessaires dans le secteur de l\u2019h\u00e9v\u00e9a, <strong>14 milliards de FCFA<\/strong> pour les bananeraies, <strong>7 milliards FCFA<\/strong> pour les palmeraies, le reste devrait servir \u00e0 financer les arri\u00e9r\u00e9s de salaires \u00bb,<\/em> indiquait le directeur g\u00e9n\u00e9ral dans une note au conseil d\u2019administration. En fin 2018, le gouvernement camerounais avait lanc\u00e9 un processus de restructuration avec l\u2019accompagnement d\u2019une firme canadienne, \u00e9gyptienne et fran\u00e7aise pour un montant de <strong>80 milliards de FCFA.<\/strong><\/p>\n<hr\/>\n<h4><strong>>> Lire aussi \u2013 <a title=\"Le Groupe SABC paie un lourd tribut de la crise anglophone\" href=\"https:\/\/ecomatin.net\/le-groupe-sabc-paie-un-lourd-tribut-de-la-crise-anglophone\/\" target=\"_blank\" rel=\"noopener noreferrer\">Le Groupe SABC paie un lourd tribut de la crise anglophone<\/a><br \/><\/strong><\/h4>\n<hr\/>\n<p>La Cameroon development cooperation (<strong>CDC<\/strong>) est l\u2019une des toutes premi\u00e8res entreprises camerounaises. C\u2019est le premier employeur (<strong>22<\/strong>\u00a0<strong>000<\/strong>) du pays et l\u2019un des principaux exportateurs des produits Made in Cameroun. La CDC produit de la banane, de l\u2019huile de palme, du caoutchouc naturel et quelques cultures plus marginales. Toutes ces plantations sont situ\u00e9es dans le sud-ouest du Cameroun. Selon un rapport du Gicam, \u00e0 cause de l\u2019ins\u00e9curit\u00e9, les pertes enregistr\u00e9es par les produits de cette soci\u00e9t\u00e9 se chiffre \u00e0 un manque \u00e0 gagner en chiffres d\u2019affaires estim\u00e9s \u00e0 <strong>11,4 milliards FCFA<\/strong> ; ainsi que d\u2019autres pertes\u00a0 (\u00e9quipements vol\u00e9s\/ d\u00e9truits, ran\u00e7ons, vols,) \u00e9valu\u00e9s \u00e0 <strong>1,031 milliard de F CFA<\/strong> ; soit au moins <strong>12 milliards FCFA<\/strong> globalement. Les tensions ont touch\u00e9 \u00e9galement les <strong>29 sites<\/strong> de production (plantations et usines) de\u00a0 la CDC.\u00a0 Toujours selon le Gicam, 12 sites sont en arr\u00eat total de production. 10 sites ne\u00a0 sont plus\u00a0 que\u00a0 partiellement op\u00e9rationnels en raison des interruptions sporadiques d\u2019activit\u00e9s suite \u00e0 des attaques de groupes arm\u00e9s, des interruptions de l\u2019alimentation en \u00e9nergie \u00e9lectrique ou \u00e0 cause de l\u2019inaccessibilit\u00e9 \u00e0 certaines zones.\u00a0 07\u00a0\u00a0 sites\u00a0\u00a0 dont\u00a0\u00a0 02\u00a0\u00a0 usines\u00a0\u00a0 (<strong>Tiko<\/strong>\u00a0\u00a0 et\u00a0\u00a0 <strong>Idenau<\/strong>)\u00a0\u00a0 et\u00a0\u00a0 05\u00a0\u00a0 plantations\u00a0\u00a0 ) sont encore enti\u00e8rement op\u00e9rationnels.<\/p>\n<div class=\"about-author about-author-box container-wrapper\">\n<div class=\"author-avatar\">\n<p><img decoding=\"async\" src=\"http:\/\/\" alt=\"\"\/><\/p>\n<\/div>\n<p><h4>La R\u00e9daction EcoMatin<\/h4>\n<\/p>\n<\/div>\n<div class=\"awac-wrapper awac widget blog_subscription-2\">\n<h4 class=\"widget-title\">Abonnez-vous \u00e0 notre lettre d&rsquo;information<\/h4>\n<\/div>\n<\/div>\n<div class=\"toggle-post-content clearfix\"><a id=\"toggle-post-button\" class=\"button\" href=\"#\">Afficher plus <\/a><\/div>\n<p>Auteur: EcoMatin<br \/>\n<a href=\"https:\/\/ecomatin.net\/crise-anglophone-12-000-employes-de-la-cdc-en-chomage\/\">Cliquez ici pour lire l&rsquo;article depuis sa source.<\/a><\/p>\n","protected":false},"excerpt":{"rendered":"<p>Dans une note au gouvernement, le directeur g\u00e9n\u00e9ral de la CDC, Franklin Ngoni Ikome Njie a d\u00e9clar\u00e9 que \u00ab l\u2019entreprise \u00e9volue en moins de 10% de ses capacit\u00e9s \u00bb. Au regard de l\u2019ins\u00e9curit\u00e9 qui pr\u00e9vaut dans la r\u00e9gion \u00ab 12 000 employ\u00e9s ont \u00e9t\u00e9 mis en ch\u00f4mage \u00bb, ce qui repr\u00e9sente 60% des effectifs. La [&hellip;]<\/p>\n","protected":false},"author":1969,"featured_media":0,"comment_status":"closed","ping_status":"closed","sticky":false,"template":"","format":"standard","meta":{"fifu_image_url":"","fifu_image_alt":"","footnotes":""},"categories":[82,78],"tags":[],"class_list":["post-37325","post","type-post","status-publish","format-standard","hentry","category-cameroun","category-economie"],"_links":{"self":[{"href":"https:\/\/linitiative.ca\/International\/wp-json\/wp\/v2\/posts\/37325","targetHints":{"allow":["GET"]}}],"collection":[{"href":"https:\/\/linitiative.ca\/International\/wp-json\/wp\/v2\/posts"}],"about":[{"href":"https:\/\/linitiative.ca\/International\/wp-json\/wp\/v2\/types\/post"}],"author":[{"embeddable":true,"href":"https:\/\/linitiative.ca\/International\/wp-json\/wp\/v2\/users\/1969"}],"replies":[{"embeddable":true,"href":"https:\/\/linitiative.ca\/International\/wp-json\/wp\/v2\/comments?post=37325"}],"version-history":[{"count":0,"href":"https:\/\/linitiative.ca\/International\/wp-json\/wp\/v2\/posts\/37325\/revisions"}],"wp:attachment":[{"href":"https:\/\/linitiative.ca\/International\/wp-json\/wp\/v2\/media?parent=37325"}],"wp:term":[{"taxonomy":"category","embeddable":true,"href":"https:\/\/linitiative.ca\/International\/wp-json\/wp\/v2\/categories?post=37325"},{"taxonomy":"post_tag","embeddable":true,"href":"https:\/\/linitiative.ca\/International\/wp-json\/wp\/v2\/tags?post=37325"}],"curies":[{"name":"wp","href":"https:\/\/api.w.org\/{rel}","templated":true}]}}