{"id":37328,"date":"2019-05-28T16:30:37","date_gmt":"2019-05-28T20:30:37","guid":{"rendered":"https:\/\/linitiative.ca\/International\/abdoulaye-seck-nouveau-directeur-des-operations-de-la-banque-mondiale-pour-le-cameroun\/"},"modified":"2019-05-28T16:30:37","modified_gmt":"2019-05-28T20:30:37","slug":"abdoulaye-seck-nouveau-directeur-des-operations-de-la-banque-mondiale-pour-le-cameroun","status":"publish","type":"post","link":"https:\/\/linitiative.ca\/International\/abdoulaye-seck-nouveau-directeur-des-operations-de-la-banque-mondiale-pour-le-cameroun\/","title":{"rendered":"Abdoulaye Seck, nouveau directeur des op\u00e9rations de la Banque mondiale pour le Cameroun"},"content":{"rendered":"<div class=\"entry-content entry clearfix\" readability=\"58\">\n<p><strong><a href=\"https:\/\/i0.wp.com\/ecomatin.net\/wp-content\/uploads\/2019\/05\/ecomatin.net-abdoulaye-seck.jpg?ssl=1\"><\/p>\n<p><img loading=\"lazy\" decoding=\"async\" data-attachment-id=\"8546\" data-permalink=\"https:\/\/ecomatin.net\/8545-2\/abdoulaye-seck\/\" data-orig-file=\"https:\/\/i0.wp.com\/ecomatin.net\/wp-content\/uploads\/2019\/05\/ecomatin.net-abdoulaye-seck.jpg?fit=500%2C381&#038;ssl=1\" data-orig-size=\"500,381\" data-comments-opened=\"0\" data-image-meta=\"{\"aperture\":\"0\",\"credit\":\"\",\"camera\":\"\",\"caption\":\"\",\"created_timestamp\":\"0\",\"copyright\":\"\",\"focal_length\":\"0\",\"iso\":\"0\",\"shutter_speed\":\"0\",\"title\":\"\",\"orientation\":\"0\"}\" data-image-title=\"Abdoulaye Seck\" data-image-description=\"\" data-medium-file=\"https:\/\/i0.wp.com\/ecomatin.net\/wp-content\/uploads\/2019\/05\/ecomatin.net-abdoulaye-seck.jpg?fit=300%2C229&#038;ssl=1\" data-large-file=\"https:\/\/i0.wp.com\/ecomatin.net\/wp-content\/uploads\/2019\/05\/ecomatin.net-abdoulaye-seck.jpg?fit=500%2C381&#038;ssl=1\" class=\" wp-image-8546 alignleft\" src=\"https:\/\/i0.wp.com\/ecomatin.net\/wp-content\/uploads\/2019\/05\/ecomatin.net-abdoulaye-seck.jpg?resize=203%2C155&#038;ssl=1\" alt=\"\" width=\"203\" height=\"155\" srcset=\"https:\/\/i0.wp.com\/ecomatin.net\/wp-content\/uploads\/2019\/05\/ecomatin.net-abdoulaye-seck.jpg?w=500&#038;ssl=1 500w, https:\/\/i0.wp.com\/ecomatin.net\/wp-content\/uploads\/2019\/05\/ecomatin.net-abdoulaye-seck.jpg?resize=300%2C229&#038;ssl=1 300w\" sizes=\"auto, (max-width: 203px) 100vw, 203px\" data-recalc-dims=\"1\"\/><\/p>\n<p><\/a>Elisabeth Huybens<\/strong>, nomm\u00e9e directrice des op\u00e9rations de la Banque mondiale pour le Cameroun en juillet 2015 est arriv\u00e9e en fin de s\u00e9jour.\u00a0 Elle c\u00e8de son fauteuil \u00e0 <strong>Abdoulaye Seck<\/strong> de nationalit\u00e9 s\u00e9n\u00e9galaise. Ancien \u00e9conomiste en chef pour la Banque mondiale au Cameroun, son pouvoir s\u2019\u00e9tend sur le Gabon, la Guin\u00e9e \u00e9quatoriale, l\u2019Angola et Sao Tom\u00e9. Abdoulaye Seck avant cette \u00ab\u00a0migration\u00a0\u00bb \u00e9tait le directeur des op\u00e9rations de la m\u00eame institution financi\u00e8re en Moldavie.<\/p>\n<p>L\u2019information a \u00e9t\u00e9 r\u00e9v\u00e9l\u00e9e au terme\u00a0 d\u2019une audience qu\u2019a accord\u00e9 lundi 27 mai 2019\u00a0 <strong>Alamine Ousmane Mey<\/strong>, ministre de l\u2019Economie \u00e0 Elisabeth Huybens directrice sortant de la Banque mondiale pour le Cameroun. Cet \u00e9conomiste s\u00e9n\u00e9galais prend ainsi les r\u00eanes de la Banque mondiale dans un pays qui ach\u00e8ve actuellement un programme d\u2019ajustement structurel de 3 ans avec le Fonds mon\u00e9taire international (FMI). Ce programme est assorti d\u2019une facilit\u00e9 \u00e9largie de cr\u00e9dit.<\/p>\n<p>Sous le r\u00e8gne d\u2019Abdoulaye Seck, la Moldavie a b\u00e9n\u00e9fici\u00e9 de l\u2019appui de la Banque mondiale dans les domaines de l\u2019\u00e9ducation, de la sant\u00e9, soutien aux entreprises, administration fiscale, route, agriculture). En 2017, l\u2019Institution de Bretton Woods a adopt\u00e9\u00a0 en\u00a0 juillet\u00a0 2017\u00a0 le\u00a0 nouvel\u00a0 Accord\u00a0 de\u00a0 Partenariat\u00a0 2018-2021 avec\u00a0 la\u00a0 Moldavie.\u00a0 Cet accord soutient l\u2019am\u00e9lioration de la gouvernance \u00e9conomique du pays et des services publics, mais aussi le d\u00e9veloppement du capital humain.<\/p>\n<div class=\"about-author about-author-box container-wrapper\">\n<div class=\"author-avatar\">\n<p><img decoding=\"async\" src=\"http:\/\/\" alt=\"\"\/><\/p>\n<\/div>\n<p><h4>La R\u00e9daction EcoMatin<\/h4>\n<\/p>\n<\/div>\n<div class=\"awac-wrapper awac widget blog_subscription-2\">\n<h4 class=\"widget-title\">Abonnez-vous \u00e0 notre lettre d&rsquo;information<\/h4>\n<\/div>\n<\/div>\n<div class=\"toggle-post-content clearfix\"><a id=\"toggle-post-button\" class=\"button\" href=\"#\">Afficher plus <\/a><\/div>\n<p>Auteur: EcoMatin<br \/>\n<a href=\"https:\/\/ecomatin.net\/8545-2\/\">Cliquez ici pour lire l&rsquo;article depuis sa source.<\/a><\/p>\n","protected":false},"excerpt":{"rendered":"<p>Elisabeth Huybens, nomm\u00e9e directrice des op\u00e9rations de la Banque mondiale pour le Cameroun en juillet 2015 est arriv\u00e9e en fin de s\u00e9jour.\u00a0 Elle c\u00e8de son fauteuil \u00e0 Abdoulaye Seck de nationalit\u00e9 s\u00e9n\u00e9galaise. Ancien \u00e9conomiste en chef pour la Banque mondiale au Cameroun, son pouvoir s\u2019\u00e9tend sur le Gabon, la Guin\u00e9e \u00e9quatoriale, l\u2019Angola et Sao Tom\u00e9. [&hellip;]<\/p>\n","protected":false},"author":1969,"featured_media":0,"comment_status":"closed","ping_status":"closed","sticky":false,"template":"","format":"standard","meta":{"fifu_image_url":"","fifu_image_alt":"","footnotes":""},"categories":[82,78],"tags":[],"class_list":["post-37328","post","type-post","status-publish","format-standard","hentry","category-cameroun","category-economie"],"_links":{"self":[{"href":"https:\/\/linitiative.ca\/International\/wp-json\/wp\/v2\/posts\/37328","targetHints":{"allow":["GET"]}}],"collection":[{"href":"https:\/\/linitiative.ca\/International\/wp-json\/wp\/v2\/posts"}],"about":[{"href":"https:\/\/linitiative.ca\/International\/wp-json\/wp\/v2\/types\/post"}],"author":[{"embeddable":true,"href":"https:\/\/linitiative.ca\/International\/wp-json\/wp\/v2\/users\/1969"}],"replies":[{"embeddable":true,"href":"https:\/\/linitiative.ca\/International\/wp-json\/wp\/v2\/comments?post=37328"}],"version-history":[{"count":0,"href":"https:\/\/linitiative.ca\/International\/wp-json\/wp\/v2\/posts\/37328\/revisions"}],"wp:attachment":[{"href":"https:\/\/linitiative.ca\/International\/wp-json\/wp\/v2\/media?parent=37328"}],"wp:term":[{"taxonomy":"category","embeddable":true,"href":"https:\/\/linitiative.ca\/International\/wp-json\/wp\/v2\/categories?post=37328"},{"taxonomy":"post_tag","embeddable":true,"href":"https:\/\/linitiative.ca\/International\/wp-json\/wp\/v2\/tags?post=37328"}],"curies":[{"name":"wp","href":"https:\/\/api.w.org\/{rel}","templated":true}]}}