{"id":37330,"date":"2019-05-28T17:33:47","date_gmt":"2019-05-28T21:33:47","guid":{"rendered":"https:\/\/linitiative.ca\/International\/nsom-blaise-eugene-choisi-nouveau-directeur-national-de-la-beac-cameroun\/"},"modified":"2019-05-28T17:33:47","modified_gmt":"2019-05-28T21:33:47","slug":"nsom-blaise-eugene-choisi-nouveau-directeur-national-de-la-beac-cameroun","status":"publish","type":"post","link":"https:\/\/linitiative.ca\/International\/nsom-blaise-eugene-choisi-nouveau-directeur-national-de-la-beac-cameroun\/","title":{"rendered":"Nsom Blaise Eug\u00e8ne, choisi nouveau Directeur National de la Beac Cameroun"},"content":{"rendered":"<p>Le poste \u00e9tait jusqu\u2019ici tr\u00e8s convoit\u00e9, tant par les cadres Camerounais de la <strong>Beac<\/strong> que par ceux du minist\u00e8re des Finances. En fin de compte, c\u2019est <strong>Blaise Nsom<\/strong> qui aurait \u00e9t\u00e9 retenu par la <strong>pr\u00e9sidence de la R\u00e9publique<\/strong> pour diriger la <strong>BEAC nationale Cameroun.<\/strong> Le ministre de Finances, <strong>Louis Paul Motaze<\/strong>, qui a re\u00e7u de la pr\u00e9sidence de la r\u00e9publique la note portant sur ce choix, il y a pr\u00e8s d\u2019une semaine, l\u2019a imm\u00e9diatement transmis au Gouverneur de la BEAC pour suite de proc\u00e9dure. En principe, il s\u2019agit-l\u00e0 d\u2019une formalit\u00e9. \u00ab <em>On n\u2019a pas souvenir d\u2019un pareil dossier qui ait \u00e9t\u00e9 refoul\u00e9 par le conseil d\u2019administration de la Beac<\/em> \u00bb, pr\u00e9cise notre source.<\/p>\n<p>Si ce choix est r\u00e9el, la nomination de Blaise Nsom elle, n\u2019est plus qu\u2019une question de proc\u00e9dure. Dans un premier temps, elle devrait \u00eatre valid\u00e9e par le conseil d\u2019administration (CA) de la Beac nationale, l\u2019actuel gouverneur de la BEAC devant l\u2019introduire dans l\u2019ordre du jour du prochain CA pr\u00e9vue pour la premi\u00e8re semaine de juin. Une validation qui devrait permettre \u00e0 celui-ci de le nommer officiellement. Toutefois, \u00ab\u00a0<em>il est possible qu\u2019il fasse un stage de deux \u00e0 trois mois dans une direction nationale avant d\u2019int\u00e9grer son poste\u00a0\u00bb<\/em>, pr\u00e9cise a <strong>EcoMatin<\/strong> une autre source proche du cabinet du Minfi.<\/p>\n<p>N\u00e9anmoins, on se rappelle que\u00a0<strong>EcoMatin<\/strong> l\u2019avait d\u00e9j\u00e0 annonc\u00e9 au poste de <strong>Vice-gouverneur<\/strong> de la Beac, avant de d\u00e9senchanter. \u00ab <em>Nous sommes \u00e0 la veille du sommet des Chefs d\u2019Etats et c\u2019est son nom qui est dans nos dossiers<\/em> \u00bb, nous avait alors rassur\u00e9s une source proche de la BEAC. En effet, le pr\u00e9sident de la R\u00e9publique avait, la veille du sommet, plut\u00f4t port\u00e9 son choix sur son neveu, <strong>Dieudonn\u00e9 Evou Mekou<\/strong>, \u00e0 l\u2019\u00e9poque <strong>DG de la CAA<\/strong>. Un changement de nom qui ne sera r\u00e9v\u00e9l\u00e9 que le jour du sommet par le repr\u00e9sentant du Chef de l\u2019Etat camerounais, le Premier ministre de cette \u00e9poque<strong>.\u00a0<\/strong><\/p>\n<p>Rappelons que Nsom Blaise est actuellement <strong>directeur de l\u2019audit \u00e0 la BEAC centrale<\/strong> \u00e0 Yaound\u00e9. Discret, travailleur et tr\u00e8s connu des milieux financiers, le nouveau promu est n\u00e9 le 27 f\u00e9vrier 1969. En 2005, Il a \u00e9t\u00e9 le tout premier <strong>DG du Tr\u00e9sor et de la Coop\u00e9ration financi\u00e8re et mon\u00e9taire<\/strong>. Sortie de l\u2019Enam en 1997 avec un dipl\u00f4me d\u2019administrateur civil, celui qui aura pour parrain, <strong>Urbain Olanguena Awono<\/strong>, est aussi pass\u00e9 par l\u2019universit\u00e9 de Poitiers en France o\u00f9 il a obtenu un Dipl\u00f4me d\u2019\u00e9tude approfondie (DEA) en analyse mon\u00e9taire et financement.<\/p>\n<div class=\"awac-wrapper awac widget blog_subscription-2\">\n<h4 class=\"widget-title\">Abonnez-vous \u00e0 notre lettre d&rsquo;information<\/h4>\n<\/div>\n<p>Auteur: Emile FIDIECK<br \/>\n<a href=\"https:\/\/ecomatin.net\/nsom-blaise-eugene-choisi-nouveau-directeur-national-de-la-beac-cameroun\/\">Cliquez ici pour lire l&rsquo;article depuis sa source.<\/a><\/p>\n","protected":false},"excerpt":{"rendered":"<p>Le poste \u00e9tait jusqu\u2019ici tr\u00e8s convoit\u00e9, tant par les cadres Camerounais de la Beac que par ceux du minist\u00e8re des Finances. En fin de compte, c\u2019est Blaise Nsom qui aurait \u00e9t\u00e9 retenu par la pr\u00e9sidence de la R\u00e9publique pour diriger la BEAC nationale Cameroun. Le ministre de Finances, Louis Paul Motaze, qui a re\u00e7u de [&hellip;]<\/p>\n","protected":false},"author":1969,"featured_media":0,"comment_status":"closed","ping_status":"closed","sticky":false,"template":"","format":"standard","meta":{"fifu_image_url":"","fifu_image_alt":"","footnotes":""},"categories":[82,78],"tags":[],"class_list":["post-37330","post","type-post","status-publish","format-standard","hentry","category-cameroun","category-economie"],"_links":{"self":[{"href":"https:\/\/linitiative.ca\/International\/wp-json\/wp\/v2\/posts\/37330","targetHints":{"allow":["GET"]}}],"collection":[{"href":"https:\/\/linitiative.ca\/International\/wp-json\/wp\/v2\/posts"}],"about":[{"href":"https:\/\/linitiative.ca\/International\/wp-json\/wp\/v2\/types\/post"}],"author":[{"embeddable":true,"href":"https:\/\/linitiative.ca\/International\/wp-json\/wp\/v2\/users\/1969"}],"replies":[{"embeddable":true,"href":"https:\/\/linitiative.ca\/International\/wp-json\/wp\/v2\/comments?post=37330"}],"version-history":[{"count":0,"href":"https:\/\/linitiative.ca\/International\/wp-json\/wp\/v2\/posts\/37330\/revisions"}],"wp:attachment":[{"href":"https:\/\/linitiative.ca\/International\/wp-json\/wp\/v2\/media?parent=37330"}],"wp:term":[{"taxonomy":"category","embeddable":true,"href":"https:\/\/linitiative.ca\/International\/wp-json\/wp\/v2\/categories?post=37330"},{"taxonomy":"post_tag","embeddable":true,"href":"https:\/\/linitiative.ca\/International\/wp-json\/wp\/v2\/tags?post=37330"}],"curies":[{"name":"wp","href":"https:\/\/api.w.org\/{rel}","templated":true}]}}