{"id":37332,"date":"2019-05-29T06:58:34","date_gmt":"2019-05-29T10:58:34","guid":{"rendered":"https:\/\/linitiative.ca\/International\/dieselgate-bosch-va-payer-90-m-deuros-damende-en-allemagne\/"},"modified":"2019-05-29T06:58:34","modified_gmt":"2019-05-29T10:58:34","slug":"dieselgate-bosch-va-payer-90-m-deuros-damende-en-allemagne","status":"publish","type":"post","link":"https:\/\/linitiative.ca\/International\/dieselgate-bosch-va-payer-90-m-deuros-damende-en-allemagne\/","title":{"rendered":"Dieselgate : Bosch va payer 90 M d\u2019euros d\u2019amende en Allemagne"},"content":{"rendered":"<header>\n<\/header>\n<div class=\"entry-content clearfix\" readability=\"48\"><img decoding=\"async\" class=\"post_layout_5_img\" src=\"http:\/\/aujourdhui.ma\/wp-content\/uploads\/2019\/05\/bosch.jpg?x29840\" alt=\"Dieselgate : Bosch va payer 90 M d\u2019euros d\u2019amende en Allemagne\"\/><\/p>\n<p class=\"p1\"><span class=\"s1 c4\"><strong>L\u2019\u00e9quipementier allemand Bosch a accept\u00e9 de payer une amende de 90 millions d\u2019euros dans le cadre du scandale des moteurs diesel truqu\u00e9s, a annonc\u00e9 jeudi le parquet de Stuttgart.<\/strong><\/span> <span id=\"more-312125\"\/><\/p>\n<p class=\"p1\"><span class=\"s1\">Les magistrats ont mis en \u00e9vidence des \u00abmanquements au devoir de surveillance\u00bb, seule base juridique possible pour poursuivre p\u00e9nalement une entreprise en Allemagne. Ils reprochent \u00e0 Bosch d\u2019avoir livr\u00e9 \u00e0 des \u00abconstructeurs allemands et \u00e9trangers\u00bb environ 17 millions de pi\u00e8ces de moteurs <em>\u00abdont le logiciel permettait pour partie\u00bb<\/em> de tricher sur le niveau r\u00e9el d\u2019\u00e9missions d\u2019oxydes d\u2019azote.<\/span><\/p>\n<p class=\"p1\"><span class=\"s1\">\u00abL\u2019initiative\u00bb de cette tricherie <em>\u00ab\u00e9mane de salari\u00e9s des constructeurs automobiles\u00bb<\/em>, pr\u00e9cisent-ils n\u00e9anmoins. Le scandale avait \u00e9clat\u00e9 en septembre 2015 chez le g\u00e9ant Volkswagen. Bosch indique dans un communiqu\u00e9 avoir \u00abrenonc\u00e9 \u00e0 faire appel\u00bb, refermant l\u2019un des volets judiciaires de cette affaire tentaculaire, et va <em>\u00abcontinuer \u00e0 d\u00e9velopper ses structures internes\u00bb<\/em> d\u00e9di\u00e9es au respect de la loi.<\/span><\/p>\n<\/div>\n<p>Auteur: ALM<br \/>\n<a href=\"http:\/\/aujourdhui.ma\/automobile\/dieselgate-bosch-va-payer-90-m-deuros-damende-en-allemagne\">Cliquez ici pour lire l&rsquo;article depuis sa source.<\/a><\/p>\n","protected":false},"excerpt":{"rendered":"<p>L\u2019\u00e9quipementier allemand Bosch a accept\u00e9 de payer une amende de 90 millions d\u2019euros dans le cadre du scandale des moteurs diesel truqu\u00e9s, a annonc\u00e9 jeudi le parquet de Stuttgart. Les magistrats ont mis en \u00e9vidence des \u00abmanquements au devoir de surveillance\u00bb, seule base juridique possible pour poursuivre p\u00e9nalement une entreprise en Allemagne. Ils reprochent \u00e0 [&hellip;]<\/p>\n","protected":false},"author":1759,"featured_media":0,"comment_status":"closed","ping_status":"closed","sticky":false,"template":"","format":"standard","meta":{"fifu_image_url":"","fifu_image_alt":"","footnotes":""},"categories":[73,54],"tags":[],"class_list":["post-37332","post","type-post","status-publish","format-standard","hentry","category-actualite","category-maroc"],"_links":{"self":[{"href":"https:\/\/linitiative.ca\/International\/wp-json\/wp\/v2\/posts\/37332","targetHints":{"allow":["GET"]}}],"collection":[{"href":"https:\/\/linitiative.ca\/International\/wp-json\/wp\/v2\/posts"}],"about":[{"href":"https:\/\/linitiative.ca\/International\/wp-json\/wp\/v2\/types\/post"}],"author":[{"embeddable":true,"href":"https:\/\/linitiative.ca\/International\/wp-json\/wp\/v2\/users\/1759"}],"replies":[{"embeddable":true,"href":"https:\/\/linitiative.ca\/International\/wp-json\/wp\/v2\/comments?post=37332"}],"version-history":[{"count":0,"href":"https:\/\/linitiative.ca\/International\/wp-json\/wp\/v2\/posts\/37332\/revisions"}],"wp:attachment":[{"href":"https:\/\/linitiative.ca\/International\/wp-json\/wp\/v2\/media?parent=37332"}],"wp:term":[{"taxonomy":"category","embeddable":true,"href":"https:\/\/linitiative.ca\/International\/wp-json\/wp\/v2\/categories?post=37332"},{"taxonomy":"post_tag","embeddable":true,"href":"https:\/\/linitiative.ca\/International\/wp-json\/wp\/v2\/tags?post=37332"}],"curies":[{"name":"wp","href":"https:\/\/api.w.org\/{rel}","templated":true}]}}