{"id":37333,"date":"2019-05-29T07:09:21","date_gmt":"2019-05-29T11:09:21","guid":{"rendered":"https:\/\/linitiative.ca\/International\/insertion-socioprofessionnelle-amendis-au-chevet-des-jeunes-handicapes-mentaux\/"},"modified":"2019-05-29T07:09:21","modified_gmt":"2019-05-29T11:09:21","slug":"insertion-socioprofessionnelle-amendis-au-chevet-des-jeunes-handicapes-mentaux","status":"publish","type":"post","link":"https:\/\/linitiative.ca\/International\/insertion-socioprofessionnelle-amendis-au-chevet-des-jeunes-handicapes-mentaux\/","title":{"rendered":"Insertion socioprofessionnelle : Amendis au chevet des jeunes handicap\u00e9s mentaux"},"content":{"rendered":"<p><img decoding=\"async\" class=\"post_layout_5_img\" src=\"http:\/\/aujourdhui.ma\/wp-content\/uploads\/2019\/05\/Amendis-au-chevet-des-jeunes-handicape%CC%81s-mentaux.jpg?x29840\" alt=\"Insertion socioprofessionnelle : Amendis au chevet des jeunes handicap\u00e9s mentaux\"\/><\/p>\n<p class=\"p1\"><span class=\"s1\"><span class=\"c4\"><strong>Amendis poursuit ses actions pour l\u2019int\u00e9gration socioprofessionnelle des jeunes en difficult\u00e9 dans la r\u00e9gion.<\/strong><\/span><\/span> <span id=\"more-312098\"\/><\/p>\n<p class=\"p1\"><span class=\"s1\">A cet effet, la filiale de Veolia Maroc vient de sceller un partenariat avec l\u2019Association Enfants du paradis de Tanger en vue de faciliter l\u2019insertion socioprofessionnelle des jeunes en situation de handicap mental. Destin\u00e9 \u00e0 une cinquantaine de jeunes \u00e0 besoins sp\u00e9cifiques, <em>\u00abce projet permettra d\u2019offrir une activit\u00e9 productive, \u00e0 caract\u00e8re professionnel et un soutien \u00e9duco-social \u00e0 de jeunes adultes handicap\u00e9s mentaux dont la capacit\u00e9 de travail est limit\u00e9e, favoriser leur int\u00e9gration sociale et valoriser leurs capacit\u00e9s personnelles tout en abordant des notions de d\u00e9veloppement personnel, pour une bonne int\u00e9gration socioprofessionnelle\u00bb,<\/em> a indiqu\u00e9 la coordinatrice de la direction communication &#038; marketing Amendis, Zineb Chaoudri, lors de la c\u00e9r\u00e9monie de la signature de ce nouveau partenariat organis\u00e9e, lundi 27 juin, aux locaux de l\u2019Association Enfants du paradis.<\/span><\/p>\n<p class=\"p1\"><span class=\"s1\">S\u2019inscrivant dans le cadre de sa politique RSE et conform\u00e9ment \u00e0 sa charte, Amendis lance ce projet \u00e0 travers l\u2019\u00e9quipement d\u2019un atelier de p\u00e2tisserie au sein du si\u00e8ge de l\u2019association partenaire. <em>\u00abCe qui va permettre, d\u2019une part, de former les jeunes adultes par un professionnel de la p\u00e2tisserie et ainsi promouvoir leur insertion professionnelle\u00bb,<\/em> a soulign\u00e9 Mme Chaoudri.<\/span><\/p>\n<p class=\"p1\"><span class=\"s1\">L\u2019Association Enfants du paradis est engag\u00e9e, pour sa part, d\u2019octroyer le local et \u00e0 mobiliser ses \u00e9quipes b\u00e9n\u00e9voles pour r\u00e9ussir ce projet.<span class=\"Apple-converted-space\">\u00a0 \u00a0<\/span><\/span><\/p>\n<p class=\"p1\"><span class=\"s1\">D\u2019une p\u00e9riode allant d\u2019octobre 2019 \u00e0 juin 2020, la formation des b\u00e9n\u00e9ficiaires est assur\u00e9e par un professionnel de la p\u00e2tisserie \u00e0 raison de trois fois par semaine et d\u2019une dur\u00e9e de deux heures pour chaque atelier.<\/span><\/p>\n<p class=\"p1\"><span class=\"s1\">Il est \u00e0 pr\u00e9ciser que l\u2019\u00e9quipement de cet atelier de p\u00e2tisserie b\u00e9n\u00e9ficiera \u00e0 une cinquantaine de jeunes adultes avec une d\u00e9ficience intellectuelle, la trisomie 21, des troubles de comportement, un retard psychomoteur ou de difficult\u00e9s d\u2019apprentissage scolaire, appartenant \u00e0 l\u2019Association Enfants du paradis et aux autres associations \u0153uvrant dans le domaine de du handicap \u00e0 Tanger.<\/span><\/p>\n<p>Auteur: Najat Fa\u00efssal<br \/>\n<a href=\"http:\/\/aujourdhui.ma\/societe\/insertion-socioprofessionnelle-amendis-au-chevet-des-jeunes-handicapes-mentaux\">Cliquez ici pour lire l&rsquo;article depuis sa source.<\/a><\/p>\n","protected":false},"excerpt":{"rendered":"<p>Amendis poursuit ses actions pour l\u2019int\u00e9gration socioprofessionnelle des jeunes en difficult\u00e9 dans la r\u00e9gion. A cet effet, la filiale de Veolia Maroc vient de sceller un partenariat avec l\u2019Association Enfants du paradis de Tanger en vue de faciliter l\u2019insertion socioprofessionnelle des jeunes en situation de handicap mental. Destin\u00e9 \u00e0 une cinquantaine de jeunes \u00e0 besoins [&hellip;]<\/p>\n","protected":false},"author":1759,"featured_media":0,"comment_status":"closed","ping_status":"closed","sticky":false,"template":"","format":"standard","meta":{"fifu_image_url":"","fifu_image_alt":"","footnotes":""},"categories":[73,54],"tags":[],"class_list":["post-37333","post","type-post","status-publish","format-standard","hentry","category-actualite","category-maroc"],"_links":{"self":[{"href":"https:\/\/linitiative.ca\/International\/wp-json\/wp\/v2\/posts\/37333","targetHints":{"allow":["GET"]}}],"collection":[{"href":"https:\/\/linitiative.ca\/International\/wp-json\/wp\/v2\/posts"}],"about":[{"href":"https:\/\/linitiative.ca\/International\/wp-json\/wp\/v2\/types\/post"}],"author":[{"embeddable":true,"href":"https:\/\/linitiative.ca\/International\/wp-json\/wp\/v2\/users\/1759"}],"replies":[{"embeddable":true,"href":"https:\/\/linitiative.ca\/International\/wp-json\/wp\/v2\/comments?post=37333"}],"version-history":[{"count":0,"href":"https:\/\/linitiative.ca\/International\/wp-json\/wp\/v2\/posts\/37333\/revisions"}],"wp:attachment":[{"href":"https:\/\/linitiative.ca\/International\/wp-json\/wp\/v2\/media?parent=37333"}],"wp:term":[{"taxonomy":"category","embeddable":true,"href":"https:\/\/linitiative.ca\/International\/wp-json\/wp\/v2\/categories?post=37333"},{"taxonomy":"post_tag","embeddable":true,"href":"https:\/\/linitiative.ca\/International\/wp-json\/wp\/v2\/tags?post=37333"}],"curies":[{"name":"wp","href":"https:\/\/api.w.org\/{rel}","templated":true}]}}