{"id":37334,"date":"2019-05-29T07:39:03","date_gmt":"2019-05-29T11:39:03","guid":{"rendered":"https:\/\/linitiative.ca\/International\/forum-des-droits-de-lhomme-la-culture-comme-remede-a-la-violence\/"},"modified":"2019-05-29T07:39:03","modified_gmt":"2019-05-29T11:39:03","slug":"forum-des-droits-de-lhomme-la-culture-comme-remede-a-la-violence","status":"publish","type":"post","link":"https:\/\/linitiative.ca\/International\/forum-des-droits-de-lhomme-la-culture-comme-remede-a-la-violence\/","title":{"rendered":"Forum des droits de l\u2019Homme : La culture comme rem\u00e8de \u00e0 la violence"},"content":{"rendered":"<p><img decoding=\"async\" class=\"post_layout_5_img\" src=\"http:\/\/aujourdhui.ma\/wp-content\/uploads\/2019\/05\/CNDH-Forum-des-droits-de-l%E2%80%99Homme.jpg?x29840\" alt=\"Forum des droits de l\u2019Homme : La culture comme rem\u00e8de \u00e0 la violence\"\/><\/p>\n<p class=\"p1\"><span class=\"c4\"><strong><em>Organis\u00e9 en marge du Festival Gnaoua Rythmes du Monde d\u2019Essaouira<\/em><\/strong><\/span><span id=\"more-312105\"\/><\/p>\n<div class=\"base-box mom_box_sc_custom mom_box_sc clear c5\" readability=\"12\">\n<p class=\"p1\"><strong><span class=\"s1\"><em>Artistes, acad\u00e9miciens et acteurs politiques associatifs sont invit\u00e9s \u00e0 d\u00e9battre, t\u00e9moigner, \u00e9changer et r\u00e9fl\u00e9chir ensemble \u00e0 la responsabilit\u00e9 de l\u2019acteur culturel pour juguler tant\u00a0<\/em><\/span><span class=\"s1\"><em>de violence.<\/em><\/span><\/strong><\/p>\n<\/div>\n<p class=\"p1\"><span class=\"s1\">Si la musique est au centre du Festival Gnaoua Rythmes du Monde d\u2019Essaouira, elle s\u2019accompagne \u00e9galement d\u2019un projet innovant port\u00e9 par les organisateurs en partenariat avec le Conseil national des droits de l\u2019Homme (CNDH). Il s\u2019agit du forum des droits de l\u2019Homme, pr\u00e9vu les 21 et 22 juin. Espace de libert\u00e9 et d\u2019\u00e9change, cette ann\u00e9e le forum aborde \u00abla force de la culture contre la culture de la violence\u00bb. Pour le choix de cette th\u00e9matique, les organisateurs expliquent que le contexte mondial est de plus en plus violent.<\/span><\/p>\n<p class=\"p1\"><span class=\"s1\"><em>\u00abViolence dans les actes mais \u00e9galement dans les paroles, y compris parfois entre les Etats. Cette violence est amplifi\u00e9e par le d\u00e9veloppement des r\u00e9seaux sociaux, mais \u00e9galement par la course effr\u00e9n\u00e9e des cha\u00eenes d\u2019information en continu et des nouveaux faiseurs de l\u2019information. Ces violences et ces questions interpellent notre \u00e8re. La r\u00e9ponse s\u00e9curitaire, seule, ne suffit pas \u00e0 r\u00e9sorber tant de violence et d\u2019incompr\u00e9hension\u00bb.<\/em><\/span><\/p>\n<p class=\"p1\"><span class=\"s1\">Dans ce contexte, artistes, acad\u00e9miciens et acteurs politiques associatifs du Maroc, du Maghreb, de la r\u00e9gion arabe, d\u2019Afrique et d\u2019autres r\u00e9gions du monde sont invit\u00e9s \u00e0 d\u00e9battre, t\u00e9moigner, \u00e9changer et r\u00e9fl\u00e9chir ensemble \u00e0 la responsabilit\u00e9 de l\u2019acteur culturel pour juguler tant de violence, et \u0153uvrer pour plus d\u2019apaisement. Ainsi, ces intervenants viendront r\u00e9pondre \u00e0 plusieurs questions telles que : Quel r\u00f4le peut jouer la culture pour combattre la barbarie ? Pour \u00e9duquer \u00e0 la diff\u00e9rence et \u00e0 la tol\u00e9rance ? Pour lever les malentendus entre des communaut\u00e9s antagonistes? Pour permettre un dialogue, une ouverture sur l\u2019autre ? Tout au long de l\u2019histoire de l\u2019humanit\u00e9, la culture a \u00e9t\u00e9 au centre de ces tiraillements et de les violences. Ce n\u2019est d\u2019ailleurs pas par hasard que c\u2019est \u00e0 la culture que les envahisseurs et les extr\u00e9mistes s\u2019attaquent en premier.<\/span><\/p>\n<p class=\"p1\"><span class=\"s1\">De la m\u00eame mani\u00e8re, n\u2019est-ce pas par la culture que les peuples renaissent ? N\u2019est-ce pas par la culture que reviennent la paix et le dialogue? Pour rappel, le forum est organis\u00e9 durant sept ann\u00e9es cons\u00e9cutives. Les d\u00e9bats sont enrichis, ann\u00e9e apr\u00e8s ann\u00e9e, par les repr\u00e9sentants des citoyens et des Etats: ministres, parlementaires, \u00e9lus, ambassadeurs, militants associatifs, syndicalistes, simples citoyens\u2026 Durant sept ann\u00e9es cons\u00e9cutives, le temps de deux matin\u00e9es intenses, la parole est lib\u00e9r\u00e9e, dans l\u2019\u00e9coute, le civisme, l\u2019engagement et l\u2019empathie.<\/span><\/p>\n<div class=\"base-box mom_box_sc_custom mom_box_sc clear c7\" readability=\"24\">\n<p class=\"p1\"><span class=\"c6\"><strong>Historique<\/strong><\/span><\/p>\n<p class=\"p1\"><span class=\"s1\"><strong>2012 \u2013<\/strong> Soci\u00e9t\u00e9s en mouvement, cultures en libert\u00e9<\/span><\/p>\n<p class=\"p1\"><span class=\"s1\"><strong>2013 \u2013<\/strong> Soci\u00e9t\u00e9s en mouvement, jeunesses du monde<\/span><\/p>\n<p class=\"p1\"><span class=\"s1\"><strong>2014 \u2013<\/strong> L\u2019Afrique \u00e0 venir<\/span><\/p>\n<p class=\"p1\"><span class=\"s1\"><strong>2015 \u2013<\/strong> Femme d\u2019Afrique : cr\u00e9er, entreprendre<\/span><\/p>\n<p class=\"p1\"><span class=\"s1\"><strong>2016 \u2013<\/strong> Diasporas africaines : racines, mobilit\u00e9s, ancrage<\/span><\/p>\n<p class=\"p1\"><span class=\"s1\"><strong>2017 \u2013<\/strong> Cr\u00e9ativit\u00e9 et politiques culturelles \u00e0 l\u2019\u00e8re du num\u00e9rique<\/span><\/p>\n<p class=\"p1\"><span class=\"s1\"><strong>2018 \u2013<\/strong> L\u2019imp\u00e9ratif d\u2019\u00e9galit\u00e9<\/span><\/p>\n<\/div>\n<p>Auteur: ALM<br \/>\n<a href=\"http:\/\/aujourdhui.ma\/culture\/forum-des-droits-de-lhomme-la-culture-comme-remede-a-la-violence\">Cliquez ici pour lire l&rsquo;article depuis sa source.<\/a><\/p>\n","protected":false},"excerpt":{"rendered":"<p>Organis\u00e9 en marge du Festival Gnaoua Rythmes du Monde d\u2019Essaouira Artistes, acad\u00e9miciens et acteurs politiques associatifs sont invit\u00e9s \u00e0 d\u00e9battre, t\u00e9moigner, \u00e9changer et r\u00e9fl\u00e9chir ensemble \u00e0 la responsabilit\u00e9 de l\u2019acteur culturel pour juguler tant\u00a0de violence. Si la musique est au centre du Festival Gnaoua Rythmes du Monde d\u2019Essaouira, elle s\u2019accompagne \u00e9galement d\u2019un projet innovant port\u00e9 [&hellip;]<\/p>\n","protected":false},"author":1759,"featured_media":0,"comment_status":"closed","ping_status":"closed","sticky":false,"template":"","format":"standard","meta":{"fifu_image_url":"","fifu_image_alt":"","footnotes":""},"categories":[73,54],"tags":[],"class_list":["post-37334","post","type-post","status-publish","format-standard","hentry","category-actualite","category-maroc"],"_links":{"self":[{"href":"https:\/\/linitiative.ca\/International\/wp-json\/wp\/v2\/posts\/37334","targetHints":{"allow":["GET"]}}],"collection":[{"href":"https:\/\/linitiative.ca\/International\/wp-json\/wp\/v2\/posts"}],"about":[{"href":"https:\/\/linitiative.ca\/International\/wp-json\/wp\/v2\/types\/post"}],"author":[{"embeddable":true,"href":"https:\/\/linitiative.ca\/International\/wp-json\/wp\/v2\/users\/1759"}],"replies":[{"embeddable":true,"href":"https:\/\/linitiative.ca\/International\/wp-json\/wp\/v2\/comments?post=37334"}],"version-history":[{"count":0,"href":"https:\/\/linitiative.ca\/International\/wp-json\/wp\/v2\/posts\/37334\/revisions"}],"wp:attachment":[{"href":"https:\/\/linitiative.ca\/International\/wp-json\/wp\/v2\/media?parent=37334"}],"wp:term":[{"taxonomy":"category","embeddable":true,"href":"https:\/\/linitiative.ca\/International\/wp-json\/wp\/v2\/categories?post=37334"},{"taxonomy":"post_tag","embeddable":true,"href":"https:\/\/linitiative.ca\/International\/wp-json\/wp\/v2\/tags?post=37334"}],"curies":[{"name":"wp","href":"https:\/\/api.w.org\/{rel}","templated":true}]}}