{"id":37335,"date":"2019-05-29T07:58:09","date_gmt":"2019-05-29T11:58:09","guid":{"rendered":"https:\/\/linitiative.ca\/International\/fusion-renault-fiat-la-france-pose-ses-conditions\/"},"modified":"2019-05-29T07:58:09","modified_gmt":"2019-05-29T11:58:09","slug":"fusion-renault-fiat-la-france-pose-ses-conditions","status":"publish","type":"post","link":"https:\/\/linitiative.ca\/International\/fusion-renault-fiat-la-france-pose-ses-conditions\/","title":{"rendered":"Fusion Renault-Fiat : La France pose ses conditions"},"content":{"rendered":"<p><img decoding=\"async\" class=\"post_layout_5_img\" src=\"http:\/\/aujourdhui.ma\/wp-content\/uploads\/2019\/05\/Fusion-Renault-Fiat.jpg?x29840\" alt=\"Fusion Renault-Fiat : La France pose ses conditions\"\/><\/p>\n<p class=\"p1\"><span class=\"s1 c4\"><strong>Le conseil d\u2019administration de Renault a d\u00e9cid\u00e9 d\u2019\u00e9tudier avec FCA le projet de fusion \u00e0 50\/50<\/strong><\/span><span id=\"more-312120\"\/><\/p>\n<p class=\"p1\"><span class=\"s1\"><a href=\"http:\/\/aujourdhui.ma\/wp-content\/uploads\/2019\/05\/Bruno-Le-Maire-Ministre-franc%CC%A7ais-de-l%E2%80%99e%CC%81conomie-et-des-finances.jpg?x29840\"><img loading=\"lazy\" decoding=\"async\" class=\"wp-image-312121 alignleft\" src=\"http:\/\/aujourdhui.ma\/wp-content\/uploads\/2019\/05\/Bruno-Le-Maire-Ministre-franc%CC%A7ais-de-l%E2%80%99e%CC%81conomie-et-des-finances.jpg?x29840\" alt=\"\" width=\"367\" height=\"187\" srcset=\"http:\/\/aujourdhui.ma\/wp-content\/uploads\/2019\/05\/Bruno-Le-Maire-Ministre-franc\u0327ais-de-l\u2019e\u0301conomie-et-des-finances.jpg 746w, http:\/\/aujourdhui.ma\/wp-content\/uploads\/2019\/05\/Bruno-Le-Maire-Ministre-franc\u0327ais-de-l\u2019e\u0301conomie-et-des-finances-300x153.jpg 300w\" sizes=\"auto, (max-width: 367px) 100vw, 367px\"\/><\/a>Le gouvernement fran\u00e7ais, par la voix de son ministre de l\u2019\u00e9conomie et des finances, Bruno Le Maire, a donn\u00e9 sa b\u00e9n\u00e9diction au projet de fusion Renault-Fiat, tout en demandant des garanties visant \u00e0 prot\u00e9ger l\u2019emploi et les int\u00e9r\u00eats de la France. Le groupe automobile italo-am\u00e9ricain Fiat Chrysler et son concurrent fran\u00e7ais Renault viennent d\u2019officialiser les discussions autour d\u2019un projet de fusion. Une initiative qui, si elle venait \u00e0 se r\u00e9aliser, cr\u00e9erait le troisi\u00e8me constructeur automobile en termes de production et bouleverserait l\u2019ordre hi\u00e9rarchique de l\u2019industrie automobile mondiale.<\/span><\/p>\n<p class=\"p1\"><span class=\"s1\">Le ministre fran\u00e7ais de l\u2019\u00e9conomie a salu\u00e9 l\u2019op\u00e9ration qu\u2019il a qualifi\u00e9e de \u00abbelle opportunit\u00e9\u00bb pour Renault et pour l\u2019industrie automobile europ\u00e9enne, confront\u00e9e \u00e0 d\u2019importants d\u00e9fis technologiques (voitures \u00e9lectriques, autonomes\u2026). <em>\u00abCela va demander des dizaines de milliards d\u2019euros d\u2019investissement. Il faut rassembler les forces. Ce projet de fusion doit permettre \u00e0 Renault et Fiat de porter ces investissements pour \u00eatre plus efficaces et plus rentables\u00bb<\/em>, a estim\u00e9 le ministre sur RTL. Il s\u2019est \u00e9galement r\u00e9joui de voir se cr\u00e9er <em>\u00abun champion mondial automobile europ\u00e9en\u00bb<\/em>, capable de faire face aux g\u00e9ants chinois et am\u00e9ricains, acceptant, pour cela de voir le poids de l\u2019\u00c9tat fran\u00e7ais se r\u00e9duire au capital, passant de 15 \u00e0 7,5%.<\/span><\/p>\n<p class=\"p1\"><span class=\"s1\">Toutefois, a assur\u00e9 le ministre, l\u2019Etat fran\u00e7ais fera <em>\u00abtout pour prot\u00e9ger les int\u00e9r\u00eats fran\u00e7ais\u00bb<\/em>. Pour cela, il a pos\u00e9 quatre conditions \u00e0 ce projet de fusion. La premi\u00e8re consiste en la pr\u00e9servation des emplois et des sites industriels en France. <em>\u00abC\u2019est la premi\u00e8re des garanties que je demande. Je demande z\u00e9ro fermetures d\u2019usines\u00bb<\/em>. La deuxi\u00e8me condition est que cette op\u00e9ration se fasse <em>\u00abdans le cadre de l\u2019alliance Renault-Nissan\u00bb<\/em> que la France veut \u00abrenforcer\u00bb. La troisi\u00e8me condition r\u00e9clam\u00e9e par la France porte sur la gouvernance du futur ensemble. <em>\u00abIl faut que dans la gouvernance, les int\u00e9r\u00eats fran\u00e7ais soient bien repr\u00e9sent\u00e9s\u00bb<\/em>, a exig\u00e9 le ministre. Enfin, la quatri\u00e8me et derni\u00e8re condition est que ce nouveau g\u00e9ant de l\u2019automobile participe \u00e0 l\u2019initiative lanc\u00e9e avec l\u2019Allemagne de cr\u00e9ation d\u2019une fili\u00e8re europ\u00e9enne de batteries. <em>\u00abNous cr\u00e9ons une grande fili\u00e8re industrielle en Europe. Je souhaite que le futur ensemble participe \u00e0 l\u2019achat de batteries europ\u00e9ennes plut\u00f4t que chinoises\u00bb<\/em>, a r\u00e9clam\u00e9 Bruno Le Maire. Si Renault et Fiat Chrysler aboutissent \u00e0 un accord, leur fusion cr\u00e9erait une soci\u00e9t\u00e9 automobile d\u2019une valeur de march\u00e9 combin\u00e9e d\u2019environ 37 milliards de dollars capable de produire pr\u00e8s de neuf millions de voitures et de camions l\u00e9gers par an.<\/span><\/p>\n<p class=\"p1\"><span class=\"s1\">Par ailleurs, le conseil d\u2019administration de Renault s\u2019est r\u00e9uni lundi afin d\u2019examiner la proposition re\u00e7ue de FCA (Fiat Chrysler Automobiles).<\/span><\/p>\n<p class=\"p1\"><span class=\"s1\">Apr\u00e8s avoir revu attentivement les termes de cette proposition amicale, le conseil d\u2019administration de Renault a d\u00e9cid\u00e9 d\u2019\u00e9tudier avec int\u00e9r\u00eat l\u2019opportunit\u00e9 d\u2019un tel rapprochement, confortant l\u2019empreinte industrielle du Groupe Renault et g\u00e9n\u00e9rateur de valeur additionnelle pour l\u2019alliance.<\/span><\/p>\n<p>Auteur: ALM<br \/>\n<a href=\"http:\/\/aujourdhui.ma\/automobile\/fusion-renault-fiat-la-france-pose-ses-conditions\">Cliquez ici pour lire l&rsquo;article depuis sa source.<\/a><\/p>\n","protected":false},"excerpt":{"rendered":"<p>Le conseil d\u2019administration de Renault a d\u00e9cid\u00e9 d\u2019\u00e9tudier avec FCA le projet de fusion \u00e0 50\/50 Le gouvernement fran\u00e7ais, par la voix de son ministre de l\u2019\u00e9conomie et des finances, Bruno Le Maire, a donn\u00e9 sa b\u00e9n\u00e9diction au projet de fusion Renault-Fiat, tout en demandant des garanties visant \u00e0 prot\u00e9ger l\u2019emploi et les int\u00e9r\u00eats de [&hellip;]<\/p>\n","protected":false},"author":1759,"featured_media":0,"comment_status":"closed","ping_status":"closed","sticky":false,"template":"","format":"standard","meta":{"fifu_image_url":"","fifu_image_alt":"","footnotes":""},"categories":[73,54],"tags":[],"class_list":["post-37335","post","type-post","status-publish","format-standard","hentry","category-actualite","category-maroc"],"_links":{"self":[{"href":"https:\/\/linitiative.ca\/International\/wp-json\/wp\/v2\/posts\/37335","targetHints":{"allow":["GET"]}}],"collection":[{"href":"https:\/\/linitiative.ca\/International\/wp-json\/wp\/v2\/posts"}],"about":[{"href":"https:\/\/linitiative.ca\/International\/wp-json\/wp\/v2\/types\/post"}],"author":[{"embeddable":true,"href":"https:\/\/linitiative.ca\/International\/wp-json\/wp\/v2\/users\/1759"}],"replies":[{"embeddable":true,"href":"https:\/\/linitiative.ca\/International\/wp-json\/wp\/v2\/comments?post=37335"}],"version-history":[{"count":0,"href":"https:\/\/linitiative.ca\/International\/wp-json\/wp\/v2\/posts\/37335\/revisions"}],"wp:attachment":[{"href":"https:\/\/linitiative.ca\/International\/wp-json\/wp\/v2\/media?parent=37335"}],"wp:term":[{"taxonomy":"category","embeddable":true,"href":"https:\/\/linitiative.ca\/International\/wp-json\/wp\/v2\/categories?post=37335"},{"taxonomy":"post_tag","embeddable":true,"href":"https:\/\/linitiative.ca\/International\/wp-json\/wp\/v2\/tags?post=37335"}],"curies":[{"name":"wp","href":"https:\/\/api.w.org\/{rel}","templated":true}]}}