{"id":37338,"date":"2019-05-29T08:18:32","date_gmt":"2019-05-29T12:18:32","guid":{"rendered":"https:\/\/linitiative.ca\/International\/guelmim-un-quadragenaire-abuse-sexuellement-dune-handicapee-mineure\/"},"modified":"2019-05-29T08:18:32","modified_gmt":"2019-05-29T12:18:32","slug":"guelmim-un-quadragenaire-abuse-sexuellement-dune-handicapee-mineure","status":"publish","type":"post","link":"https:\/\/linitiative.ca\/International\/guelmim-un-quadragenaire-abuse-sexuellement-dune-handicapee-mineure\/","title":{"rendered":"Guelmim : Un quadrag\u00e9naire abuse sexuellement d\u2019une handicap\u00e9e mineure"},"content":{"rendered":"<header>\n<\/header>\n<div class=\"entry-content clearfix\" readability=\"49\"><img decoding=\"async\" class=\"post_layout_5_img\" src=\"http:\/\/aujourdhui.ma\/wp-content\/uploads\/2017\/05\/viol.jpg?x29840\" alt=\"Guelmim : Un quadrag\u00e9naire abuse sexuellement d\u2019une handicap\u00e9e mineure\"\/><\/p>\n<p class=\"p1\"><span class=\"s1\"><span class=\"c4\"><strong>A Guelmim, un quadrag\u00e9naire a \u00e9t\u00e9 arr\u00eat\u00e9 par les \u00e9l\u00e9ments de la police judiciaire relevant du district de la s\u00fbret\u00e9 de la ville pour avoir abus\u00e9 d\u2019une fille mineure de seize ans, handicap\u00e9e motrice<\/strong><\/span>.<\/span> <span id=\"more-312038\"\/><\/p>\n<p class=\"p1\"><span class=\"s1\">T\u00f4t le matin de ce jour de Ramadan, ce quadrag\u00e9naire qui est \u00e0 bord de sa bicyclette croise la fillette qui vient de sortir de chez elle, au quartier Amhiriche. Il s\u2019arr\u00eate un instant et regarde bien dans les alentours pour s\u2019assurer qu\u2019il n\u2019y a personne qui puisse le remarquer.<\/span><\/p>\n<p class=\"p1\"><span class=\"s1\">Puis il se dirige vers la fille, la met rapidement sur sa bicyclette et se dirige vers un terrain vague. Sans vergogne, il la d\u00e9shabille et abuse d\u2019elle avec violence. Il la ram\u00e8ne ensuite \u00e0 son quartier. Une plainte a \u00e9t\u00e9 d\u00e9pos\u00e9e par les parents de la fille. Les vid\u00e9osurveillances qui sont install\u00e9es dans le quartier ont permis aux enqu\u00eateurs d\u2019identifier l\u2019auteur du crime et l\u2019arr\u00eater.<\/span><\/p>\n<\/div>\n<p>Auteur: Abderrafii ALOUMLIKI<br \/>\n<a href=\"http:\/\/aujourdhui.ma\/faits-divers\/guelmim-un-quadragenaire-abuse-sexuellement-dune-handicapee-mineure\">Cliquez ici pour lire l&rsquo;article depuis sa source.<\/a><\/p>\n","protected":false},"excerpt":{"rendered":"<p>A Guelmim, un quadrag\u00e9naire a \u00e9t\u00e9 arr\u00eat\u00e9 par les \u00e9l\u00e9ments de la police judiciaire relevant du district de la s\u00fbret\u00e9 de la ville pour avoir abus\u00e9 d\u2019une fille mineure de seize ans, handicap\u00e9e motrice. T\u00f4t le matin de ce jour de Ramadan, ce quadrag\u00e9naire qui est \u00e0 bord de sa bicyclette croise la fillette qui [&hellip;]<\/p>\n","protected":false},"author":1759,"featured_media":0,"comment_status":"closed","ping_status":"closed","sticky":false,"template":"","format":"standard","meta":{"fifu_image_url":"","fifu_image_alt":"","footnotes":""},"categories":[73,54],"tags":[],"class_list":["post-37338","post","type-post","status-publish","format-standard","hentry","category-actualite","category-maroc"],"_links":{"self":[{"href":"https:\/\/linitiative.ca\/International\/wp-json\/wp\/v2\/posts\/37338","targetHints":{"allow":["GET"]}}],"collection":[{"href":"https:\/\/linitiative.ca\/International\/wp-json\/wp\/v2\/posts"}],"about":[{"href":"https:\/\/linitiative.ca\/International\/wp-json\/wp\/v2\/types\/post"}],"author":[{"embeddable":true,"href":"https:\/\/linitiative.ca\/International\/wp-json\/wp\/v2\/users\/1759"}],"replies":[{"embeddable":true,"href":"https:\/\/linitiative.ca\/International\/wp-json\/wp\/v2\/comments?post=37338"}],"version-history":[{"count":0,"href":"https:\/\/linitiative.ca\/International\/wp-json\/wp\/v2\/posts\/37338\/revisions"}],"wp:attachment":[{"href":"https:\/\/linitiative.ca\/International\/wp-json\/wp\/v2\/media?parent=37338"}],"wp:term":[{"taxonomy":"category","embeddable":true,"href":"https:\/\/linitiative.ca\/International\/wp-json\/wp\/v2\/categories?post=37338"},{"taxonomy":"post_tag","embeddable":true,"href":"https:\/\/linitiative.ca\/International\/wp-json\/wp\/v2\/tags?post=37338"}],"curies":[{"name":"wp","href":"https:\/\/api.w.org\/{rel}","templated":true}]}}