{"id":37345,"date":"2019-05-29T06:43:07","date_gmt":"2019-05-29T10:43:07","guid":{"rendered":"https:\/\/linitiative.ca\/International\/abdelkrim-belguendouz-voir-le-nom-de-notre-regrette-aziz-belal-donne-a-un-amphitheatre\/"},"modified":"2019-05-29T06:43:07","modified_gmt":"2019-05-29T10:43:07","slug":"abdelkrim-belguendouz-voir-le-nom-de-notre-regrette-aziz-belal-donne-a-un-amphitheatre","status":"publish","type":"post","link":"https:\/\/linitiative.ca\/International\/abdelkrim-belguendouz-voir-le-nom-de-notre-regrette-aziz-belal-donne-a-un-amphitheatre\/","title":{"rendered":"Abdelkrim Belguendouz: \u00abVoir le nom de notre regrett\u00e9 Aziz Belal donn\u00e9 \u00e0 un amphith\u00e9\u00e2tre\u2026\u00bb"},"content":{"rendered":"<p class=\"c4\"><em><span class=\"c2\"><img loading=\"lazy\" decoding=\"async\" class=\" wp-image-79133 alignright\" src=\"http:\/\/albayane.press.ma\/wp-content\/uploads\/Abdelkrim-Belguendouz-230x130.jpg\" alt=\"\" width=\"212\" height=\"120\"\/>N<\/span><span class=\"c3\">ous c\u00e9l\u00e9brons aujourd\u2019hui le 23 octobre 1983, le 51<sup>\u00e8me<\/sup> anniversaire de la naissance de notre cher et regrett\u00e9 camarade Aziz Belal, disparu \u00e0 la fleur de l\u2019\u00e2ge le 23 mai 1982 dans un incendie d\u2019h\u00f4tel \u00e0 Chicago.<\/span><\/em><\/p>\n<p class=\"c5\">Sa tragique disparition a \u00e9t\u00e9 douloureusement ressentie par tous ses camarades et amis, par l\u2019ensemble du mouvement national, de m\u00eame que l\u2019universit\u00e9 lui a rendu un hommage unanime.<\/p>\n<p class=\"c5\">Comment pouvait-il en \u00eatre autrement, alors que le nom d\u2019Aziz Belal reste intimement li\u00e9\u00a0 \u00e0 celui qui a durant un quart de si\u00e8cle, c\u2019est-\u00e0-dire depuis l\u2019ind\u00e9pendance du Maroc pour laquelle\u00a0 il a lutt\u00e9, contribu\u00e9 \u00e0 la formation de plusieurs\u00a0 g\u00e9n\u00e9rations et de milliers de cadres nationaux.<\/p>\n<p class=\"c5\">De m\u00eame qu\u2019il a mis en place la section arabe \u00e0 la facult\u00e9 de Droit \u00e0 Rabat, alors qu\u2019il \u00e9tait vice-doyen. Tout comme il a \u00e9t\u00e9 le pionnier de la recherche socio-\u00e9conomique au Maroc, dirig\u00e9 de multiples recherches dans les facult\u00e9s de droit \u00e0 l\u2019ENES et \u00e0 l\u2019ESCAE et apport\u00e9 sa contribution \u00e0 de nombreux forums et rencontres internationales, o\u00f9 il porta tout haut la voix des intellectuels marocains.<\/p>\n<p class=\"c5\">Tout derni\u00e8rement encore, la Revue Marocaine de m\u00e9decine et sant\u00e9, qui a publi\u00e9 dans un num\u00e9ro sp\u00e9cial (Juin 1983)\u00a0 les actes du colloque national sur \u00abSant\u00e9 et d\u00e9veloppement socio-\u00e9conomique\u00bb (Facult\u00e9 de M\u00e9decine de Casablanca 22-24 Avril 1982), a \u00e9dit\u00e9 ces travaux \u00e0 sa m\u00e9moire en consid\u00e9rant que \u00abAziz Belal\u00a0\u00e9tait l\u2019un des organisateurs du colloque et reste le promoteur de la recherche en \u00e9conomie de la sant\u00e9 au Maroc\u00bb.<\/p>\n<p class=\"c5\">Ce sont ces raisons, en plus de ses qualit\u00e9s d\u2019honn\u00eatet\u00e9 et de probit\u00e9 intellectuelles, qui ont pouss\u00e9 les enseignants des facult\u00e9s de droit\u00a0 \u00e0 proposer que le nom d\u2019Aziz Belal soit donn\u00e9 \u00e0 un amphith\u00e9\u00e2tre dans chacune de ces deux facult\u00e9s, en reconnaissance de l\u2019apport inestimable et ind\u00e9niable que le d\u00e9funt a rendu \u00e0 l\u2019universit\u00e9 marocaine.<\/p>\n<p class=\"c5\">C\u2019est pourquoi, nous souhaitons vivement que ce v\u0153ux exprim\u00e9 de mani\u00e8re unanime par les enseignants soit exhauss\u00e9 rapidement par le Minist\u00e8re de l\u2019Education Nationale, tout comme nous formulons le v\u0153u que la d\u00e9cision, prise il y\u2019a un an et demi par la commune d\u2019Ain Diab dont il \u00e9tait vice-pr\u00e9sident et qu\u2019il devrait repr\u00e9senter \u00e0 Chicago, consistant \u00e0 donner son nom \u00e0 une rue de la Commune, soit ent\u00e9rin\u00e9e par le Minist\u00e8re de tutelle, en l\u2019occurrence celui de l\u2019Int\u00e9rieur.<\/p>\n<p class=\"c5\">Il n\u2019y a l\u00e0, \u00e0 notre demande et \u00e0 ses rappels, aucune motivation \u00e9troitement partisane. Car nous estimons que ce n\u2019est l\u00e0 que rendre justice en honorant de cette mani\u00e8re la m\u00e9moire de celui qui fut notamment un des promoteurs de l\u2019universit\u00e9 marocaine et un patriote enti\u00e8rement d\u00e9vou\u00e9 \u00e0 son pays et au peuple travailleur.<\/p>\n<p class=\"c5\">L\u2019inauguration derni\u00e8rement (\u00e0 l\u2019occasion de la tenue de la conf\u00e9rence de presse sur la rentr\u00e9e scolaire et universitaire) \u00e0 la facult\u00e9 des Lettres de Casablanca d\u2019un amphith\u00e9\u00e2tre portant le nom de Feu Allal EL FASSI, par le minist\u00e8re de l\u2019\u00e9ducation nationale n\u2019a fait que r\u00e9parer une injustice morale.<\/p>\n<p class=\"c5\">Cet exemple devrait \u00e0 notre sens \u00eatre suivi.<\/p>\n<p>Auteur: rahal mehamed<br \/>\n<a href=\"http:\/\/albayane.press.ma\/abdelkrim-belguendouz-voir-le-nom-de-notre-regrette-aziz-belal-donne-a-un-amphitheatre.html\">Cliquez ici pour lire l&rsquo;article depuis sa source.<\/a><\/p>\n","protected":false},"excerpt":{"rendered":"<p>Nous c\u00e9l\u00e9brons aujourd\u2019hui le 23 octobre 1983, le 51\u00e8me anniversaire de la naissance de notre cher et regrett\u00e9 camarade Aziz Belal, disparu \u00e0 la fleur de l\u2019\u00e2ge le 23 mai 1982 dans un incendie d\u2019h\u00f4tel \u00e0 Chicago. Sa tragique disparition a \u00e9t\u00e9 douloureusement ressentie par tous ses camarades et amis, par l\u2019ensemble du mouvement national, [&hellip;]<\/p>\n","protected":false},"author":1760,"featured_media":37346,"comment_status":"closed","ping_status":"closed","sticky":false,"template":"","format":"standard","meta":{"fifu_image_url":"","fifu_image_alt":"","footnotes":""},"categories":[73,54],"tags":[],"class_list":["post-37345","post","type-post","status-publish","format-standard","has-post-thumbnail","hentry","category-actualite","category-maroc"],"_links":{"self":[{"href":"https:\/\/linitiative.ca\/International\/wp-json\/wp\/v2\/posts\/37345","targetHints":{"allow":["GET"]}}],"collection":[{"href":"https:\/\/linitiative.ca\/International\/wp-json\/wp\/v2\/posts"}],"about":[{"href":"https:\/\/linitiative.ca\/International\/wp-json\/wp\/v2\/types\/post"}],"author":[{"embeddable":true,"href":"https:\/\/linitiative.ca\/International\/wp-json\/wp\/v2\/users\/1760"}],"replies":[{"embeddable":true,"href":"https:\/\/linitiative.ca\/International\/wp-json\/wp\/v2\/comments?post=37345"}],"version-history":[{"count":0,"href":"https:\/\/linitiative.ca\/International\/wp-json\/wp\/v2\/posts\/37345\/revisions"}],"wp:featuredmedia":[{"embeddable":true,"href":"https:\/\/linitiative.ca\/International\/wp-json\/"}],"wp:attachment":[{"href":"https:\/\/linitiative.ca\/International\/wp-json\/wp\/v2\/media?parent=37345"}],"wp:term":[{"taxonomy":"category","embeddable":true,"href":"https:\/\/linitiative.ca\/International\/wp-json\/wp\/v2\/categories?post=37345"},{"taxonomy":"post_tag","embeddable":true,"href":"https:\/\/linitiative.ca\/International\/wp-json\/wp\/v2\/tags?post=37345"}],"curies":[{"name":"wp","href":"https:\/\/api.w.org\/{rel}","templated":true}]}}