{"id":37347,"date":"2019-05-29T06:57:26","date_gmt":"2019-05-29T10:57:26","guid":{"rendered":"https:\/\/linitiative.ca\/International\/houari-zahra-une-voix-du-tiers-monde-qui-doit-trouver-continuite\/"},"modified":"2019-05-29T06:57:26","modified_gmt":"2019-05-29T10:57:26","slug":"houari-zahra-une-voix-du-tiers-monde-qui-doit-trouver-continuite","status":"publish","type":"post","link":"https:\/\/linitiative.ca\/International\/houari-zahra-une-voix-du-tiers-monde-qui-doit-trouver-continuite\/","title":{"rendered":"Houari Zahra: \u00abUne voix  du Tiers Monde, qui doit trouver continuit\u00e9\u00bb"},"content":{"rendered":"<p class=\"c4\"><span class=\"c3\"><strong><span class=\"c2\">A<\/span>bdelaziz Belal n\u2019est plus!<\/strong><\/span><\/p>\n<p class=\"c4\"><span class=\"c3\"><strong><span class=\"c2\">O<\/span>n a \u00e0 peine \u00e0 le croire!<\/strong><\/span><\/p>\n<p class=\"c4\"><span class=\"c3\"><strong><span class=\"c2\">H<\/span>ier encore dans les amphith\u00e9\u00e2tres des facult\u00e9s, dans les salles de conf\u00e9rences, retissait sa voix, calme, sereine mais combien profonde, l\u2019empreinte qu\u2019elle laisse.<\/strong><\/span><\/p>\n<p class=\"c4\">Aziz Belal n\u2019est plus\u00a0! La douleur et l\u2019affliction sont \u00e0 la mesure du choc caus\u00e9 par l\u2019atroce nouvelle. Quels mots trouver pour rendre hommage \u00e0 la m\u00e9moire de notre ma\u00eetre!<\/p>\n<p class=\"c4\">Il ne m\u00e9nageait ni son temps, ni ses sentiments pour persuader, convaincre, encourager, rendre l\u2019\u00e9spoir et l\u2019\u00e9nergie \u00e0 ceux qui viennent s\u2019adresser \u00e0 lui.<\/p>\n<p class=\"c4\">En v\u00e9ritable chercheur, les \u00e9tudiants qui travaillaient sous sa direction, trouvaient en lui toujours l\u2019homme pr\u00e9sent, disponible en d\u00e9pit de nombreuses t\u00e2ches qui l\u2019appelaient quotidiennement.<\/p>\n<p class=\"c4\">Sa porte \u00e9tait ouverte \u00e0 tous ceux qui viennent y frapper. Sa modestie, le faisait s\u2019abaisser au niveau de son interlocuteur, pour l\u2019\u00e9lever ensuite, par ce fait, ce dernier ne ressent jamais son inf\u00e9riorit\u00e9 intellectuelle aupr\u00e8s de lui.<\/p>\n<p class=\"c4\">C\u2019est gr\u00e2ce au regrett\u00e9 Abdelaziz Belal que j\u2019ai pu personnellement reprendre mes \u00e9tudes, alors que toutes les issues m\u2019\u00e9taient ferm\u00e9es.<\/p>\n<p class=\"c4\">Rentr\u00e9e de l\u2019Alg\u00e9rie en 1975, juste au moment o\u00f9 allait \u00e9ciater le conflit alg\u00e9ro-marocain, mon ambition \u00e9tait de continuer mes \u00e9tudes entreprises en Alg\u00e9rie (j\u2019\u00e9tais en 2<sup>e<\/sup> ann\u00e9e de sociologie).<\/p>\n<p class=\"c4\">Mais non seulement cette discipline n\u2019existait pas au Maroc, mais aucune facult\u00e9 n\u2019acceptait mon inscription, ne reconnaissant pas les dipl\u00f4mes alg\u00e9riens.<\/p>\n<p class=\"c4\">Abdelaziz Belal fut la premi\u00e8re personne \u00e0 qui je m\u2019\u00e9tais adress\u00e9e, le connaissant uniquement \u00e0 travers ses \u00e9crits et ses conf\u00e9rences \u00e0 travers le monde.<\/p>\n<p class=\"c4\">S\u2019il n\u2019a pas pu m\u2019inscrire \u00e0 la facult\u00e9 du fait de la rigidit\u00e9 des textes, ses encouragements m\u2019\u00e9taient salutaires. La phrase qu\u2019il m\u2019avais dite il y a 7 ans est demeur\u00e9e grav\u00e9e dans mon esprit, et j\u2019en ai fait ma devise: \u00abLa vie, me disait-il, est un immense champs de bataille, dans lequel il faut savoir lutter avec intelligence et perspicacit\u00e9\u00bb.<\/p>\n<p class=\"c4\">J\u2019ai pu en tirer un enseignement, j\u2019ai su lutter en repassant un autre bac qui m\u2019a permis \u00e0 l\u2019heure actuelle de pr\u00e9parer un m\u00e9moire de Dipl\u00f4me des \u00e9tudes sup\u00e9rieures. Quelle \u00e9tait sa joie profonde en me voyant parmi ses \u00e9tudiants de premi\u00e8re ann\u00e9e de licence en droit 1975-1976, et surtout de voir ses conseils trouver un \u00e9cho en moi.<\/p>\n<p class=\"c4\">En homme juste et impartial, il a su faire la part des choses et donner aux \u00e9v\u00e9nements leur interpr\u00e9tation propre, \u00e0 propos de certaines difficult\u00e9s que j\u2019ai rencontr\u00e9es au cours de mes \u00e9tudes universitaires.<\/p>\n<p class=\"c4\">Comment ne pas \u00eatre afflig\u00e9e par la disparition de ce grand homme mais combien modeste qui fut mon ma\u00eetre.<\/p>\n<p class=\"c4\">La famille d\u2019Aziz Belal n\u2019est pas seule \u00e0 l\u2019avoir perdu. Ses anciens et actuels \u00e9tudiants, les cadres qu\u2019il a form\u00e9s, ses coll\u00e8gues, ses camarades militants, le peuple entier, tous pleurent leur regrett\u00e9 et cher ma\u00eetre, ami, fr\u00e8re et compagnon de lutte.<\/p>\n<p class=\"c4\">Le Maroc n\u2019est pas le seul \u00e0 \u00eatre frapp\u00e9 de cette disparition. Son \u00abpatriotisme in\u00e9branlable\u00bb, doubl\u00e9 \u00abd\u2019un solide internationalisme\u00bb a fait d\u2019Aziz Belal, une voix du tiers-monde. Sa disparition marque une faille dans les rangs de ceux qui militent pour un lutte anti-imp\u00e9rialiste, une cause juste, une paix sociale et \u00e9quitable.<\/p>\n<p class=\"c4\">Mais si la disparition physique est \u00e9vidente, l\u2019\u00e9sprit de notre ma\u00eetre Abdelaziz Belal demeure vivant en chacun de ceux qu\u2019il a form\u00e9s. Le terrain qu\u2019il avait d\u00e9frich\u00e9 pour eux doit trouver sa continuit\u00e9 et c\u2019est l\u00e0 l\u2019\u0153uvre de tous ses disciples.<\/p>\n<p class=\"c4\">C\u2019est l\u00e0 le plus grand hommage qu\u2019on puisse rendre \u00e0 la m\u00e9moire de notre cher et regrett\u00e9 ma\u00eetre.<\/p>\n<p class=\"c4\">Les grands hommes meurent, mais leurs \u0153uvres demeurent.<\/p>\n<p>Auteur: rahal mehamed<br \/>\n<a href=\"http:\/\/albayane.press.ma\/houari-zahra-une-voix-du-tiers-monde-qui-doit-trouver-continuite.html\">Cliquez ici pour lire l&rsquo;article depuis sa source.<\/a><\/p>\n","protected":false},"excerpt":{"rendered":"<p>Abdelaziz Belal n\u2019est plus! On a \u00e0 peine \u00e0 le croire! Hier encore dans les amphith\u00e9\u00e2tres des facult\u00e9s, dans les salles de conf\u00e9rences, retissait sa voix, calme, sereine mais combien profonde, l\u2019empreinte qu\u2019elle laisse. Aziz Belal n\u2019est plus\u00a0! La douleur et l\u2019affliction sont \u00e0 la mesure du choc caus\u00e9 par l\u2019atroce nouvelle. Quels mots trouver [&hellip;]<\/p>\n","protected":false},"author":1760,"featured_media":0,"comment_status":"closed","ping_status":"closed","sticky":false,"template":"","format":"standard","meta":{"fifu_image_url":"","fifu_image_alt":"","footnotes":""},"categories":[73,54],"tags":[],"class_list":["post-37347","post","type-post","status-publish","format-standard","hentry","category-actualite","category-maroc"],"_links":{"self":[{"href":"https:\/\/linitiative.ca\/International\/wp-json\/wp\/v2\/posts\/37347","targetHints":{"allow":["GET"]}}],"collection":[{"href":"https:\/\/linitiative.ca\/International\/wp-json\/wp\/v2\/posts"}],"about":[{"href":"https:\/\/linitiative.ca\/International\/wp-json\/wp\/v2\/types\/post"}],"author":[{"embeddable":true,"href":"https:\/\/linitiative.ca\/International\/wp-json\/wp\/v2\/users\/1760"}],"replies":[{"embeddable":true,"href":"https:\/\/linitiative.ca\/International\/wp-json\/wp\/v2\/comments?post=37347"}],"version-history":[{"count":0,"href":"https:\/\/linitiative.ca\/International\/wp-json\/wp\/v2\/posts\/37347\/revisions"}],"wp:attachment":[{"href":"https:\/\/linitiative.ca\/International\/wp-json\/wp\/v2\/media?parent=37347"}],"wp:term":[{"taxonomy":"category","embeddable":true,"href":"https:\/\/linitiative.ca\/International\/wp-json\/wp\/v2\/categories?post=37347"},{"taxonomy":"post_tag","embeddable":true,"href":"https:\/\/linitiative.ca\/International\/wp-json\/wp\/v2\/tags?post=37347"}],"curies":[{"name":"wp","href":"https:\/\/api.w.org\/{rel}","templated":true}]}}