{"id":37348,"date":"2019-05-29T07:08:14","date_gmt":"2019-05-29T11:08:14","guid":{"rendered":"https:\/\/linitiative.ca\/International\/valls-echoue-a-conquerir-barcelone\/"},"modified":"2019-05-29T07:08:14","modified_gmt":"2019-05-29T11:08:14","slug":"valls-echoue-a-conquerir-barcelone","status":"publish","type":"post","link":"https:\/\/linitiative.ca\/International\/valls-echoue-a-conquerir-barcelone\/","title":{"rendered":"Valls \u00e9choue \u00e0 conqu\u00e9rir Barcelone"},"content":{"rendered":"<p class=\"c4\"><em><span class=\"c2\">A<\/span><span class=\"c3\">u moment m\u00eame o\u00f9, ce dimanche 26 mai 2019, se tenaient les \u00e9lections europ\u00e9ennes, une autre bataille se jouait \u00e0 Barcelone pour la conqu\u00eate de la mairie de la capitale catalane \u00e0 laquelle a particip\u00e9 Manuel Valls, 56 ans, ancien Premier ministre de Fran\u00e7ois Hollande qui, bien que n\u2019ayant \u00e9t\u00e9 cr\u00e9dit\u00e9 que de 12% des voix par les sondages, avait promis d\u2019\u00eatre \u00abla grande surprise\u00bb de ces \u00e9lections.<\/span><\/em><\/p>\n<p class=\"c4\">Mais, au vu des premi\u00e8res estimations, l\u2019ancien dirigeant fran\u00e7ais et ancien maire d\u2019Evry (Essonne, France), catalan de naissance, qui se pr\u00e9sente comme \u00e9tant un \u00absocial-d\u00e9mocrate\u00bb issu du \u00abcatalanisme mod\u00e9r\u00e9\u00bb n\u2019a, non seulement, cr\u00e9e aucune surprise mais\u00a0 m\u00eame compl\u00e8tement rat\u00e9 sa reconversion ib\u00e9rique. Il a \u00e9t\u00e9, en effet, largement distanc\u00e9 par Ada Colau, la mairesse sortante, proche de Podemos qui s\u2019est trouv\u00e9e au coude-\u00e0-coude avec le repr\u00e9sentant de la gauche r\u00e9publicaine catalane Ernest Magarall, 76 ans, lequel apr\u00e8s avoir \u00e9t\u00e9 cr\u00e9dit\u00e9 de 22% des voix pourrait ainsi devenir le premier maire ind\u00e9pendantiste de la deuxi\u00e8me ville espagnol depuis le r\u00e9tablissement de la d\u00e9mocratie.<\/p>\n<p class=\"c4\">Et si, d\u2019apr\u00e8s les premi\u00e8res projections, les socialistes seraient arriv\u00e9s 3\u00e8mes\u00a0 en glanant 16% des voix et que les ind\u00e9pendantistes de \u00abJunts per Catalunya\u00bb auraient recueillis 12,5% des suffrages, il ne resterait donc plus grand-chose \u00e0 l\u2019ancien Premier ministre de l\u2019Hexagone m\u00eame s\u2019il pourra quand m\u00eame si\u00e9ger au conseil municipal de la ville sous l\u2019\u00e9tiquette \u00abCuidadanos\u00bb (les citoyens) en \u00e9tant assist\u00e9 de quatre ou cinq colistiers; ce qui lui permettra, apr\u00e8s avoir d\u00e9lib\u00e9r\u00e9ment exclu tout retour \u00e0 la vie politique fran\u00e7aise, de continuer son combat de l\u2019autre c\u00f4t\u00e9 des Pyr\u00e9n\u00e9es comme il l\u2019avait souhait\u00e9 \u00e0 titre \u00abintime et personnel\u00bb apr\u00e8s sa \u00abd\u00e9confiture pr\u00e9sidentielle\u00bb parisienne.<\/p>\n<p class=\"c4\">Ainsi, bien qu\u2019ayant quadrill\u00e9, ces derniers mois, sa ville natale pour montrer qu\u2019il est un \u00abvrai barcelonais \u00bb et bomb\u00e9 le torse, \u00e0 la veille du scrutin, en d\u00e9clarant dans \u00abLa Vanguardia\u00bb : \u00abJe suis un leader. J\u2019ai des d\u00e9fauts mais j\u2019ai gagn\u00e9 toutes les \u00e9lections directes auxquelles je me suis pr\u00e9sent\u00e9\u00bb, sa liste \u00abBarcelona pel Canvi\u00bb (Barcelone pour le changement) arrive en quatri\u00e8me position; ce qui, en ne lui conf\u00e9rant que 5 ou 6 si\u00e8ges au sein d\u2019un Conseil municipal qui en compte 41, obligera Manuel Valls \u00e0 s\u2019allier soit avec la gauche soit avec les ind\u00e9pendantistes tout en \u00e9loignant de lui toute \u00e9ventualit\u00e9 de faire partie du gouvernement de la capitale catalane.<\/p>\n<p class=\"c4\">Ce r\u00e9sultat, il fallait s\u2019y attendre clament certains observateurs puis-qu\u2019apr\u00e8s avoir choisi de participer \u00e0 la vie politique de la capitale catalane, il s\u2019\u00e9tait attel\u00e9 \u00e0 diviser la ville entre, d\u2019un c\u00f4t\u00e9, les \u00abpopulistes\u00bb (Podemos catalans) et les ind\u00e9pendantistes et, de l\u2019autre, \u00ables constitutionnalistes\u00bb qui d\u00e9fendent l\u2019unit\u00e9 de l\u2019Espagne sous-estimant, par-l\u00e0, les r\u00e9alit\u00e9s locales du paysage politique barcelonais (catalanistes mod\u00e9r\u00e9s, autonomistes\u2026) mais\u00a0 surestimant, en revanche, sa capacit\u00e9 de rassemblement ; ce qui a contribu\u00e9, par ailleurs, \u00e0 faire \u00e9chouer son projet de liste \u00abtransversale\u00bb destin\u00e9e \u00e0 unir la droite conservatrice du Parti Populaire \u00e0 la gauche socialiste lequel n\u2019avait \u00e9t\u00e9 appuy\u00e9 que par \u00abCuidadanos\u00bb, ce parti \u00abn\u00e9 centriste mais de plus en plus port\u00e9 \u00e0 droite\u00bb qui, en v\u00e9hiculant les id\u00e9es d\u2019ordre, de s\u00e9curit\u00e9 et de fermet\u00e9 a \u00abisol\u00e9\u00bb encore plus l\u2019ancien Premier ministre fran\u00e7ais.<\/p>\n<p class=\"c4\">Et m\u00eame s\u2019il a toujours clam\u00e9 son d\u00e9sir de continuer sa vie politique \u00e0 Barcelone, sa ville natale, rien n\u2019indique qu\u2019en europ\u00e9en convaincu, Manuel Valls qui est n\u00e9 \u00e0 Barcelone, a \u00e9t\u00e9 \u00e9lev\u00e9 \u00e0 Paris par un p\u00e8re catalan et une m\u00e8re italo-suisse puis naturalis\u00e9 fran\u00e7ais \u00e0 l\u2019\u00e2ge de 20 ans ne risquerait pas, un jour prochain, de tourner son regard de l\u2019autre c\u00f4t\u00e9 des Alpes quand bien m\u00eame, avant les municipales barcelonaises, il avait dit : \u00abQuoiqu\u2019il arrive, je reste ici\u00bb (\u00e0 Barcelone). Mais, en consid\u00e9rant, enfin, que les voies de la politique sont, souvent, aussi imp\u00e9n\u00e9trables que celles du Seigneur, attendons pour voir\u2026<\/p>\n<p class=\"c5\"><strong>Nabil Bousaadi<\/strong><\/p>\n<p>Auteur: rahal mehamed<br \/>\n<a href=\"http:\/\/albayane.press.ma\/valls-echoue-a-conquerir-barcelone.html\">Cliquez ici pour lire l&rsquo;article depuis sa source.<\/a><\/p>\n","protected":false},"excerpt":{"rendered":"<p>Au moment m\u00eame o\u00f9, ce dimanche 26 mai 2019, se tenaient les \u00e9lections europ\u00e9ennes, une autre bataille se jouait \u00e0 Barcelone pour la conqu\u00eate de la mairie de la capitale catalane \u00e0 laquelle a particip\u00e9 Manuel Valls, 56 ans, ancien Premier ministre de Fran\u00e7ois Hollande qui, bien que n\u2019ayant \u00e9t\u00e9 cr\u00e9dit\u00e9 que de 12% des [&hellip;]<\/p>\n","protected":false},"author":1760,"featured_media":0,"comment_status":"closed","ping_status":"closed","sticky":false,"template":"","format":"standard","meta":{"fifu_image_url":"","fifu_image_alt":"","footnotes":""},"categories":[73,54],"tags":[],"class_list":["post-37348","post","type-post","status-publish","format-standard","hentry","category-actualite","category-maroc"],"_links":{"self":[{"href":"https:\/\/linitiative.ca\/International\/wp-json\/wp\/v2\/posts\/37348","targetHints":{"allow":["GET"]}}],"collection":[{"href":"https:\/\/linitiative.ca\/International\/wp-json\/wp\/v2\/posts"}],"about":[{"href":"https:\/\/linitiative.ca\/International\/wp-json\/wp\/v2\/types\/post"}],"author":[{"embeddable":true,"href":"https:\/\/linitiative.ca\/International\/wp-json\/wp\/v2\/users\/1760"}],"replies":[{"embeddable":true,"href":"https:\/\/linitiative.ca\/International\/wp-json\/wp\/v2\/comments?post=37348"}],"version-history":[{"count":0,"href":"https:\/\/linitiative.ca\/International\/wp-json\/wp\/v2\/posts\/37348\/revisions"}],"wp:attachment":[{"href":"https:\/\/linitiative.ca\/International\/wp-json\/wp\/v2\/media?parent=37348"}],"wp:term":[{"taxonomy":"category","embeddable":true,"href":"https:\/\/linitiative.ca\/International\/wp-json\/wp\/v2\/categories?post=37348"},{"taxonomy":"post_tag","embeddable":true,"href":"https:\/\/linitiative.ca\/International\/wp-json\/wp\/v2\/tags?post=37348"}],"curies":[{"name":"wp","href":"https:\/\/api.w.org\/{rel}","templated":true}]}}