{"id":37358,"date":"2019-05-29T08:31:59","date_gmt":"2019-05-29T12:31:59","guid":{"rendered":"https:\/\/linitiative.ca\/International\/barrage-hydroelectrique-mekin-sort-le-dja-et-lobo-du-noir\/"},"modified":"2019-05-29T08:31:59","modified_gmt":"2019-05-29T12:31:59","slug":"barrage-hydroelectrique-mekin-sort-le-dja-et-lobo-du-noir","status":"publish","type":"post","link":"https:\/\/linitiative.ca\/International\/barrage-hydroelectrique-mekin-sort-le-dja-et-lobo-du-noir\/","title":{"rendered":"Barrage hydro\u00e9lectrique : Mekin sort le Dja-et-Lobo du noir"},"content":{"rendered":"<p>Apr\u00e8s le barrage hydro\u00e9lectrique de Memve\u2019ele, les premiers kilowatts de celui de Mekin sont disponibles depuis la semaine derni\u00e8re. C\u2019est sans nul doute le r\u00e9sultat du dynamisme et de l\u2019abn\u00e9gation de l\u2019actuel ministre de l\u2019Eau et l\u2019Energie, Gaston Eloundou Essomba pour qui, la mise en fonctionnement de ces infrastructures \u00e9tait devenue un v\u00e9ritable d\u00e9fi. Surtout pour le barrage de Mekin qui, bien qu\u2019il soit le plus petit barrage en termes de puissance install\u00e9e de la g\u00e9n\u00e9ration des am\u00e9nagements hydro\u00e9lectriques des \u00ab Grandes r\u00e9alisations \u00bb du pr\u00e9sident Biya, est le barrage qui a donn\u00e9 le plus de soucis au gouvernement. En effet, c\u2019est depuis 2015 que Hydro-Mekin, en charge de l\u2019exploitation du barrage hyponyme, annonce la mise en marche de cet ouvrage hydro\u00e9lectrique en vain. En f\u00e9vrier 2018, apr\u00e8s un autre rendez-vous manqu\u00e9, une tentative de marche probatoire en \u00eelotage de la centrale de Mekin s\u2019est d\u00e9roul\u00e9e du 17 au 25 avril 2018 sans succ\u00e8s. Les villes de Meyomessala et de Sangm\u00e9lima, dans le sud du pays, ont \u00e9t\u00e9 aliment\u00e9es. Mais des anomalies ont \u00e9t\u00e9 constat\u00e9es sur les groupes de la centrale. Cette fois-ci, c\u2019est une autre mise sous tension, toujours en mode ilot\u00e9, et avec seulement deux groupes sur trois, qui est en cours depuis quelques jours.<\/p>\n<hr\/>\n<h4><strong>>> Lire aussi \u2013 <a title=\"Barrages hydro\u00e9lectriques: le Cameroun invit\u00e9 \u00e0 s\u2019expliquer sur l\u2019\u00e9chec de Mekin\" href=\"https:\/\/ecomatin.net\/barrages-hydroelectriques-le-cameroun-invite-a-sexpliquer-sur-lechec-de-mekin\/\" target=\"_blank\" rel=\"noopener noreferrer\">Barrages hydro\u00e9lectriques: le Cameroun invit\u00e9 \u00e0 s\u2019expliquer sur l\u2019\u00e9chec de Mekin<\/a><br \/><\/strong><\/h4>\n<hr\/>\n<p>Et, cette fois devrait \u00eatre la bonne, si l\u2019on en croit les assurances du ministre de l\u2019Eau et de l\u2019Energie, Gaston Eloundou Essomba qui est all\u00e9, vendredi dernier, sur le site constater l\u2019effectivit\u00e9 de cette mise sous tension. Le Minee a rassur\u00e9 que \u00ab les techniciens qui sont sur le terrain me font savoir qu\u2019au cours des 24 premi\u00e8res heures, les essais sont concluants. Tous les moteurs fonctionnent bien, les temp\u00e9ratures sont bonnes, l\u2019\u00e9nergie est stable aupr\u00e8s des m\u00e9nages. Cet ouvrage est \u00e9quip\u00e9 d\u2019un transformateur qui permet de fournir l\u2019\u00e9nergie aux populations riveraines, dans les prochains jours, Eneo, Hydro-Mekin et le minist\u00e8re de l\u2019Eau et de l\u2019Energie vont s\u2019atteler \u00e0 construire une ligne de distribution et pouvoir connecter les m\u00e9nages \u00bb. N\u00e9anmoins, le barrage hydro\u00e9lectrique de Mekin, d\u2019une puissance install\u00e9e de 15 MW et d\u2019un co\u00fbt initial de 25 milliards de FCFA, ne fonctionne toujours pas de mani\u00e8re optimale. Comme l\u2019a indiqu\u00e9 le Minee, depuis le 23 mai au soir \u00ab les turbines 1 et 3 sont en production. La turbine No 2 a pr\u00e9sent\u00e9 certaines avaries au moment des premiers essais. Elle est donc en r\u00e9habilitation, et je pense qu\u2019elle remise sur le site d\u2019ici une trentaine de jours \u00bb.<\/p>\n<hr\/>\n<h4><strong>>> Lire aussi \u2013 <a title=\"Hydro\u00e9lectricit\u00e9 : Gaston Eloundou Essomba et le pi\u00e8ge de Memve\u2019ele\" href=\"https:\/\/ecomatin.net\/hydroelectricite-gaston-eloundou-essomba-et-le-piege-de-memveele\/\" target=\"_blank\" rel=\"noopener noreferrer\">Hydro\u00e9lectricit\u00e9 : Gaston Eloundou Essomba et le pi\u00e8ge de Memve\u2019ele<\/a><br \/><\/strong><\/h4>\n<hr\/>\n<p>En effet, Le groupe n\u00b0 2 ayant connu des anomalies plus s\u00e9rieuses au niveau de son arbre, en mai 2018, est actuellement en cours de r\u00e9vision. La marche probatoire des groupes 1 et 3 a eu lieu avec succ\u00e8s du 01 au 14 novembre 2018. Le Minee pr\u00e9cise que \u00ab pour les besoins de tests, nous avons pr\u00e9f\u00e9r\u00e9 fonctionner en mode ilot\u00e9, on l\u2019a circonscrit au Dja-et-Lobo, mais la puissance appel\u00e9e de ces localit\u00e9s est \u00e0 peine le tiers de ce que produit actuellement le barrage. Donc, les diligences sont en cours au niveau d\u2019une \u00e9quipe technique constitu\u00e9e d\u2019Hydro-Mekin, de la Sonatrel, d\u2019Eneo, afin de pouvoir int\u00e9grer l\u2019\u00e9nergie de Mekin dans le R\u00e9seau Interconnect\u00e9 Sud, \u00e0 travers une \u00e9tude de synchronisation d\u2019int\u00e9gration \u00bb.<br \/>En ce qui concerne le Plan de gestion environnementale et sociale (PGES), l\u2019on indique que tous les acteurs (Mintp, Minepded, Minfof, Mindcaf, Hydro-Mekin, entreprises cocontractantes, administrations et populations) sont en pleine collaboration pour la relocalisation des populations \u00e0 d\u00e9guerpir, la r\u00e9habilitation et la construction des ponts et la restructuration du r\u00e9seau routier (33 km).<\/p>\n<table class=\"c2\" border=\"1\" width=\"100%\" cellspacing=\"1\" cellpadding=\"1\">\n<tbody readability=\"11.5\">\n<tr readability=\"23\">\n<td>Le projet Mekin en raccourci<br \/>L\u2019am\u00e9nagement hydro\u00e9lectrique de Mekin est situ\u00e9 sur le fleuve Dja, dans l\u2019arrondissement de Meyomessala, d\u00e9partement du Dja et Lobo, r\u00e9gion du Sud. Il comprend une centrale hydro\u00e9lectrique d\u2019une puissance install\u00e9e de 15 MW, associ\u00e9e \u00e0 une ligne d\u2019\u00e9vacuation d\u2019\u00e9nergie de 110 kilovolts sur 33,1 km le long de Mekin jusqu\u2019au lieu-dit Ndjom-Yekombo, station d\u2019interconnexion au R\u00e9seau Interconnect\u00e9 Sud (RIS), et d\u2019un poste de transformation de 110\/30 kilovolts \u00e0 Ndjom-Yekombo. A cela, il faut \u00e9galement ajouter une voie d\u2019acc\u00e8s de 12,6 km. Ce projet a \u00e9t\u00e9 r\u00e9alis\u00e9 sous forme d\u2019un contrat de construction cl\u00e9 en main (EPC), par l\u2019entreprise chinoise China National Electric Engineering Corporation (CNEEC). L\u2019\u00e9nergie du barrage doit essentiellement alimenter des arrondissements de la r\u00e9gion du Sud et quelques-uns de la r\u00e9gion du Centre.PGES : une \u00e9pine sous le pied des administrations concern\u00e9esCertes, elles sont \u00e0 pied d\u2019\u0153uvre, mais le site de relocalisation devant accueillir les d\u00e9guerpis n\u2019est pas encore pr\u00eat et la menace des inondations des populations riveraines n\u2019est pas encore \u00e9cart\u00e9e.Le barrage de Mekin produit donc depuis la semaine derni\u00e8re ses m\u00e9gawatts. Du moins, de mani\u00e8re circonscrite pour les villes de Meyomessala et de Sangm\u00e9lima, \u00e0 partir des salles de commande de l\u2019usine de Mekin et du poste de Ndjom Yekombo. Mekin \u00e9tant raccord\u00e9 aux lignes \u00e9lectriques du concessionnaire Eneo pour es villes concern\u00e9es. L\u2019interconnexion au R\u00e9seau Interconnect\u00e9 Sud (RIS) devant intervenir apr\u00e8s les r\u00e9sultats de l\u2019\u00e9tude d\u2019int\u00e9gration en cours, apprend-on. Mais, les probl\u00e8mes socio-environnementaux qui se sont pos\u00e9s lors des premiers essais de la mise en fonctionnement restent entiers. C\u2019est notamment le cas des inondations des populations riveraines de cet am\u00e9nagement hydro\u00e9lectrique. Le site de relocalisation devant accueillir les d\u00e9guerpis n\u2019est toujours pas pr\u00eat. En effet, s\u2019agissant des travaux de recasement des personnes par le projet, l\u2019on informe que la route reliant la digue secondaire au site de recasement est en arr\u00eat. L\u2019entreprise attendant la r\u00e9fection int\u00e9grale du bac de Nlobesse qui est en cours depuis quelques temps sous la supervision du Mintp.<\/td>\n<\/tr>\n<\/tbody>\n<\/table>\n<hr\/>\n<h4><strong>>> Lire aussi \u2013 <a title=\"Transport d\u2019\u00e9lectricit\u00e9: vers la mise en place d\u2019un syst\u00e8me national de conduite du r\u00e9seau\" href=\"https:\/\/ecomatin.net\/transport-delectricite-vers-la-mise-en-place-dun-systeme-national-de-conduite-du-reseau\/\" target=\"_blank\" rel=\"noopener noreferrer\">Transport d\u2019\u00e9lectricit\u00e9: vers la mise en place d\u2019un syst\u00e8me national de conduite du r\u00e9seau<\/a><br \/><\/strong><\/h4>\n<hr\/>\n<p>A Hydro-Mekin, la structure en charge de la gestion du barrage de Mekin, l\u2019on informe que, suite au courrier No 686\/19 Minee\/SG\/DEL\/SDPE\/oenf du 12 f\u00e9vrier 2019 relatif \u00e0 la mise en \u0153uvre des recommandations sur les \u00e9tudes d\u2019impact environnementales et sociales, le directeur g\u00e9n\u00e9ral d\u2019Hydro-Mekin a saisi le pr\u00e9sident du conseil d\u2019administration, le 12 f\u00e9vrier 2019 pour solliciter l\u2019autorisation d\u2019un gr\u00e9 \u00e0 gr\u00e9 en vue de la d\u00e9limitation par Lidar de la zone d\u2019ennoiement et de d\u00e9claration d\u2019utilit\u00e9 publique de l\u2019am\u00e9nagement hydro\u00e9lectrique de Mekin. A la suite de l\u2019accord du PCA, le 05 mars 2019, les prestataires ont \u00e9t\u00e9 saisis le 02 mai 2019, afin de soumettre leurs offres techniques et financi\u00e8res. Il s\u2019agit, apprend-on, Sepret Cameroun, Ngomez Engineering et de Geoservices Innovation. Aussi, plusieurs tron\u00e7ons, informe-t-on, font l\u2019objet d\u2019entretien dans le cadre de la gestion des d\u00e9g\u00e2ts du barrage. Notamment, la construction et la r\u00e9habilitation des ponts sur les routes communales du tron\u00e7on de Nlobessse, vers le pont sur le fleuve Dja \u00e0 Ngalla et Olembe vers Minla. Ces travaux, indique-t-on, font l\u2019objet d\u2019une proc\u00e9dure de passation des march\u00e9s de gr\u00e9 \u00e0 gr\u00e9 au niveau de la r\u00e9gion du Sud, suivant autorisation No 003360\/L\/Minmap\/SG\/DGMI\/DMAI\/CE5\/CEA5 du 28 mai 2018. Le tron\u00e7on Nlobesse-pont sur le Dja \u00e0 Ngalla, pr\u00e9cise-t-on, est financ\u00e9 le Budget d\u2019investissement public (BIP) du minist\u00e8re de l\u2019Economie, de la Planification et de l\u2019Am\u00e9nagement du Territoire (Minepat), tandis que Olembe-Minla\u2019a ainsi que la ma\u00eetrise d\u2019\u0153uvre sont sur financement du BIP du minist\u00e8re des Travaux publics.<\/p>\n<hr\/>\n<h4><strong>>> Lire aussi \u2013 <a title=\"Electricit\u00e9 : un secteur de plus en plus attractif au Cameroun\" href=\"https:\/\/ecomatin.net\/electricite-un-secteur-de-plus-en-plus-attractif-au-cameroun\/\" target=\"_blank\" rel=\"noopener noreferrer\">Electricit\u00e9 : un secteur de plus en plus attractif au Cameroun<\/a><br \/><\/strong><\/h4>\n<hr\/>\n<p>Pour ce qui est des travaux des ponts de Ngalla et Assock, les \u00e9tudes d\u2019ex\u00e9cution sont en cours de validation par le BET et le ma\u00eetre d\u2019ouvrage (Mintp) pour la reprise des travaux en consid\u00e9rant un certain nombre d\u2019\u00e9l\u00e9ments. Notamment, la prise en compte des march\u00e9s de base et avenants pour tenir compte de la modification de la zone d\u2019ex\u00e9cution du projet suite \u00e0 la fermeture des vannes. Mais \u00e9galement, l\u2019\u00e9laboration et la signature des deux march\u00e9s compl\u00e9mentaires pour les ouvrages et au b\u00e9n\u00e9fice des premiers adjudicataires pour tenir compte du co\u00fbt des acc\u00e8s.<\/p>\n<div class=\"about-author about-author-box container-wrapper\">\n<div class=\"author-avatar\">\n<p><img decoding=\"async\" src=\"http:\/\/\" alt=\"\"\/><\/p>\n<\/div>\n<p><h4>La R\u00e9daction EcoMatin<\/h4>\n<\/p>\n<\/div>\n<div class=\"awac-wrapper awac widget blog_subscription-2\">\n<h4 class=\"widget-title\">Abonnez-vous \u00e0 notre lettre d&rsquo;information<\/h4>\n<\/div>\n<p>Auteur: EcoMatin<br \/>\n<a href=\"https:\/\/ecomatin.net\/barrage-hydroelectrique-mekin-sort-le-dja-et-lobo-du-noir\/\">Cliquez ici pour lire l&rsquo;article depuis sa source.<\/a><\/p>\n","protected":false},"excerpt":{"rendered":"<p>Apr\u00e8s le barrage hydro\u00e9lectrique de Memve\u2019ele, les premiers kilowatts de celui de Mekin sont disponibles depuis la semaine derni\u00e8re. C\u2019est sans nul doute le r\u00e9sultat du dynamisme et de l\u2019abn\u00e9gation de l\u2019actuel ministre de l\u2019Eau et l\u2019Energie, Gaston Eloundou Essomba pour qui, la mise en fonctionnement de ces infrastructures \u00e9tait devenue un v\u00e9ritable d\u00e9fi. Surtout [&hellip;]<\/p>\n","protected":false},"author":1969,"featured_media":0,"comment_status":"closed","ping_status":"closed","sticky":false,"template":"","format":"standard","meta":{"fifu_image_url":"","fifu_image_alt":"","footnotes":""},"categories":[82,78],"tags":[],"class_list":["post-37358","post","type-post","status-publish","format-standard","hentry","category-cameroun","category-economie"],"_links":{"self":[{"href":"https:\/\/linitiative.ca\/International\/wp-json\/wp\/v2\/posts\/37358","targetHints":{"allow":["GET"]}}],"collection":[{"href":"https:\/\/linitiative.ca\/International\/wp-json\/wp\/v2\/posts"}],"about":[{"href":"https:\/\/linitiative.ca\/International\/wp-json\/wp\/v2\/types\/post"}],"author":[{"embeddable":true,"href":"https:\/\/linitiative.ca\/International\/wp-json\/wp\/v2\/users\/1969"}],"replies":[{"embeddable":true,"href":"https:\/\/linitiative.ca\/International\/wp-json\/wp\/v2\/comments?post=37358"}],"version-history":[{"count":0,"href":"https:\/\/linitiative.ca\/International\/wp-json\/wp\/v2\/posts\/37358\/revisions"}],"wp:attachment":[{"href":"https:\/\/linitiative.ca\/International\/wp-json\/wp\/v2\/media?parent=37358"}],"wp:term":[{"taxonomy":"category","embeddable":true,"href":"https:\/\/linitiative.ca\/International\/wp-json\/wp\/v2\/categories?post=37358"},{"taxonomy":"post_tag","embeddable":true,"href":"https:\/\/linitiative.ca\/International\/wp-json\/wp\/v2\/tags?post=37358"}],"curies":[{"name":"wp","href":"https:\/\/api.w.org\/{rel}","templated":true}]}}