{"id":37364,"date":"2019-05-29T09:05:48","date_gmt":"2019-05-29T13:05:48","guid":{"rendered":"https:\/\/linitiative.ca\/International\/remise-des-prix-aux-detenus-vainqueurs-aux-concours-religieux\/"},"modified":"2019-05-29T09:05:48","modified_gmt":"2019-05-29T13:05:48","slug":"remise-des-prix-aux-detenus-vainqueurs-aux-concours-religieux","status":"publish","type":"post","link":"https:\/\/linitiative.ca\/International\/remise-des-prix-aux-detenus-vainqueurs-aux-concours-religieux\/","title":{"rendered":"Remise des prix aux d\u00e9tenus vainqueurs aux concours religieux"},"content":{"rendered":"<div readability=\"39\">\n<p>La prison locale d\u2019Oujda a abrit\u00e9, mardi soir, la c\u00e9r\u00e9monie de remise des prix aux pensionnaires vainqueurs aux concours religieux, organis\u00e9s au niveau national par la D\u00e9l\u00e9gation g\u00e9n\u00e9rale \u00e0 l\u2019Administration p\u00e9nitentiaire et \u00e0 la r\u00e9insertion (DGAPR), en partenariat avec le Conseil local des oul\u00e9mas.<\/p>\n<\/div>\n<div readability=\"102\">\n<p>Organis\u00e9s sous le th\u00e8me \u00ab\u00a0l\u2019Islam religion de tol\u00e9rance et d\u2019entraide\u00a0\u00bb, ces concours ont englob\u00e9 la m\u00e9morisation et la psalmodie du Saint Coran, la m\u00e9morisation de l\u2019ordre des Sourat, et des Hadits ainsi que l\u2019explication du Saint Coran, en sus du madih et de la plus belle voix \u00e0 l\u2019appel \u00e0 la pri\u00e8re.<\/p>\n<p>Le directeur r\u00e9gional de la DGAPR de l\u2019Oriental, Abdelaziz El Hini, a indiqu\u00e9 que les programmes de qualification des d\u00e9tenus pour promouvoir leur r\u00e9insertion jouissent d\u2019un int\u00e9r\u00eat particulier dans la strat\u00e9gie de la Direction g\u00e9n\u00e9rale, notant que la c\u00e9l\u00e9bration de ces prisonniers \u00e0 travers les diff\u00e9rents concours et comp\u00e9titions t\u00e9moigne des efforts d\u00e9ploy\u00e9s pour l\u2019encadrement des pensionnaires des \u00e9tablissements p\u00e9nitentiaires dans le domaine religieux et la facilitation de leur r\u00e9insertion au sein de la soci\u00e9t\u00e9.<\/p>\n<p>Il s\u2019agit aussi selon lui de prot\u00e9ger les individus et la soci\u00e9t\u00e9 des comportements d\u00e9viants et des id\u00e9es obscures et \u00e9trang\u00e8res \u00e0 la soci\u00e9t\u00e9 marocaine.<\/p>\n<p>Et d\u2019ajouter que ces multiples actions s\u2019inscrivent dans la droite ligne des Hautes orientations Royales visant \u00e0 faire des institutions p\u00e9nitentiaires des espaces de r\u00e9\u00e9ducation.<\/p>\n<p>M. El Hini a rappel\u00e9 dans ce sens que la DGAPR, qui s\u2019est engag\u00e9e dans une s\u00e9rie de grands chantiers, a lanc\u00e9 plusieurs programmes au profit des d\u00e9tenus, invitant les diff\u00e9rents partenaires, des secteurs publics ou priv\u00e9s, a adh\u00e9rer de mani\u00e8re active et positive aux programmes de r\u00e9insertion afin de faciliter la r\u00e9int\u00e9gration des d\u00e9tenus dans le milieu socio-\u00e9conomique apr\u00e8s leur lib\u00e9ration.<\/p>\n<p><img class=\"wp-image-12454 aligncenter\" data-src=\"http:\/\/www.mapoujda.ma\/map\/uploads\/2019\/05\/Remise-des-prix-aux-d\u00e9tenus-\u00e0-Oujda-M-750\u00d7430.jpg\" alt=\"Remise des prix aux d\u00e9tenus vainqueurs aux concours religieux\" width=\"523\" height=\"300\" srcset=\"http:\/\/www.mapoujda.ma\/map\/uploads\/2019\/05\/Remise-des-prix-aux-d\u00e9tenus-\u00e0-Oujda-M-750\u00d7430.jpg 750w, http:\/\/www.mapoujda.ma\/map\/uploads\/2019\/05\/Remise-des-prix-aux-d\u00e9tenus-\u00e0-Oujda-M-750\u00d7430-300x172.jpg 300w\" sizes=\"(max-width: 523px) 100vw, 523px\"\/><\/p>\n<p>De son c\u00f4t\u00e9, le pr\u00e9sident du Conseil local des Oul\u00e9mas d\u2019Oujda, Mustapha Benhamza, a fait remarquer que le choix de la ville d\u2019Oujda pour l\u2019organisation de la phase finale des concours religieux \u00ab\u00a0nous r\u00e9jouit et honore cette Cit\u00e9, connue et reconnue pour \u00eatre une ville de tol\u00e9rance, de rencontre, de culture et d\u2019amour\u00a0\u00bb.<\/p>\n<p>Et de relever que les \u00e9tablissements p\u00e9nitentiaires ont permis \u00e0 beaucoup de d\u00e9tenus de changer leur vie vers le meilleur gr\u00e2ce \u00e0 leur d\u00e9termination \u00e0 apprendre, \u00e0 rattraper les erreurs commises par le pass\u00e9 et \u00e0 travailler.<\/p>\n<p>Dans une d\u00e9claration \u00e0 la MAP, Ben Issa Benacer, chef du service de l\u2019action sociale, culturelle et p\u00e9dagogique, et de l\u2019accompagnement psychologique \u00e0 la DGAPR, a pr\u00e9cis\u00e9 que le nombre des pensionnaires ayant particip\u00e9 aux concours religieux au niveau local et r\u00e9gional a atteint plus de 1.900 (hommes et femmes) dont 100 au total (15 femmes) se sont qualifi\u00e9s \u00e0 la comp\u00e9tition nationale finale organis\u00e9e les 28 et 29 mai \u00e0 Oujda.<\/p>\n<p>Il a pr\u00e9cis\u00e9 \u00e0 cet effet que cette comp\u00e9tition s\u2019inscrit dans le sillage du programme national des concours culturels, artistiques, religieux et sportifs adopt\u00e9 par la DGAPR.<\/p>\n<p>Cette c\u00e9r\u00e9monie de remise de prix qui s\u2019est d\u00e9roul\u00e9e en pr\u00e9sence notamment du Secr\u00e9taire g\u00e9n\u00e9ral de la wilaya de l\u2019Oriental, de repr\u00e9sentants des autorit\u00e9s judiciaires et des services ext\u00e9rieurs, d\u2019acteurs de la soci\u00e9t\u00e9 civile et d\u2019autres personnalit\u00e9s, a \u00e9t\u00e9 marqu\u00e9e par l\u2019organisation d\u2019un Iftar collectif.<\/p>\n<\/div>\n<p>Auteur: Soufiane ELAHMAR<br \/>\n<a href=\"http:\/\/www.mapoujda.ma\/fr\/remise-des-prix-aux-detenus-vainqueurs-aux-concours-religieux\/\">Cliquez ici pour lire l&rsquo;article depuis sa source.<\/a><\/p>\n","protected":false},"excerpt":{"rendered":"<p>La prison locale d\u2019Oujda a abrit\u00e9, mardi soir, la c\u00e9r\u00e9monie de remise des prix aux pensionnaires vainqueurs aux concours religieux, organis\u00e9s au niveau national par la D\u00e9l\u00e9gation g\u00e9n\u00e9rale \u00e0 l\u2019Administration p\u00e9nitentiaire et \u00e0 la r\u00e9insertion (DGAPR), en partenariat avec le Conseil local des oul\u00e9mas. Organis\u00e9s sous le th\u00e8me \u00ab\u00a0l\u2019Islam religion de tol\u00e9rance et d\u2019entraide\u00a0\u00bb, ces [&hellip;]<\/p>\n","protected":false},"author":1788,"featured_media":37371,"comment_status":"closed","ping_status":"closed","sticky":false,"template":"","format":"standard","meta":{"fifu_image_url":"","fifu_image_alt":"","footnotes":""},"categories":[54,76],"tags":[],"class_list":["post-37364","post","type-post","status-publish","format-standard","has-post-thumbnail","hentry","category-maroc","category-regions"],"_links":{"self":[{"href":"https:\/\/linitiative.ca\/International\/wp-json\/wp\/v2\/posts\/37364","targetHints":{"allow":["GET"]}}],"collection":[{"href":"https:\/\/linitiative.ca\/International\/wp-json\/wp\/v2\/posts"}],"about":[{"href":"https:\/\/linitiative.ca\/International\/wp-json\/wp\/v2\/types\/post"}],"author":[{"embeddable":true,"href":"https:\/\/linitiative.ca\/International\/wp-json\/wp\/v2\/users\/1788"}],"replies":[{"embeddable":true,"href":"https:\/\/linitiative.ca\/International\/wp-json\/wp\/v2\/comments?post=37364"}],"version-history":[{"count":0,"href":"https:\/\/linitiative.ca\/International\/wp-json\/wp\/v2\/posts\/37364\/revisions"}],"wp:featuredmedia":[{"embeddable":true,"href":"https:\/\/linitiative.ca\/International\/wp-json\/"}],"wp:attachment":[{"href":"https:\/\/linitiative.ca\/International\/wp-json\/wp\/v2\/media?parent=37364"}],"wp:term":[{"taxonomy":"category","embeddable":true,"href":"https:\/\/linitiative.ca\/International\/wp-json\/wp\/v2\/categories?post=37364"},{"taxonomy":"post_tag","embeddable":true,"href":"https:\/\/linitiative.ca\/International\/wp-json\/wp\/v2\/tags?post=37364"}],"curies":[{"name":"wp","href":"https:\/\/api.w.org\/{rel}","templated":true}]}}