{"id":37367,"date":"2019-05-28T16:54:27","date_gmt":"2019-05-28T20:54:27","guid":{"rendered":"https:\/\/linitiative.ca\/International\/saisie-de-111-tonnes-daliments-avaries\/"},"modified":"2019-05-28T16:54:27","modified_gmt":"2019-05-28T20:54:27","slug":"saisie-de-111-tonnes-daliments-avaries","status":"publish","type":"post","link":"https:\/\/linitiative.ca\/International\/saisie-de-111-tonnes-daliments-avaries\/","title":{"rendered":"Saisie de 11,1 tonnes d\u2019aliments avari\u00e9s"},"content":{"rendered":"<div class=\"single-featured\"><img alt=\"\" data-src=\"http:\/\/www.mapmarrakech.ma\/map\/uploads\/2019\/05\/Produitsimpropres-\u00e0-la-consommation.jpg\"\/><\/div>\n<div class=\"single-post-excerpt post-excerpt-bc\" readability=\"38\">\n<p>Marrakech \u2013 Les services d\u2019inspection de la direction r\u00e9gionale de l\u2019Office National de S\u00e9curit\u00e9 Sanitaire des Produits Alimentaires (ONSSA) de Marrakech-Safi ont proc\u00e9d\u00e9 \u00e0 la saisie et \u00e0 la destruction de 11,1 tonnes de produits alimentaires impropres \u00e0 la consommation durant les 15 premiers jours du mois de Ramadan, soit 4,5% de la quantit\u00e9 contr\u00f4l\u00e9e.<\/p>\n<\/div>\n<div class=\"entry-content clearfix single-post-content\" readability=\"49\">\n<p>Ainsi, un total de 248,8 tonnes de diff\u00e9rents produits ont \u00e9t\u00e9 contr\u00f4l\u00e9s durant la premi\u00e8re moiti\u00e9 du mois sacr\u00e9, dans le cadre des commissions mixtes locales ou directement par les services relevant de la direction r\u00e9gionale de l\u2019ONSSA.<\/p>\n<p>Selon un communiqu\u00e9 de la direction r\u00e9gionale de l\u2019Office, les services de l\u2019ONSSA ont effectu\u00e9 806 sorties de contr\u00f4le durant la premi\u00e8re quinzaine du mois b\u00e9ni, dont 781 dans le cadre des commissions provinciales, pr\u00e9cise-t-on de m\u00eame source.<\/p>\n<p>Depuis le d\u00e9but du mois sacr\u00e9 du Ramadan, les services de l\u2019ONSSA ont renforc\u00e9 tout particuli\u00e8rement leurs actions de contr\u00f4le des produits alimentaires les plus consomm\u00e9s pour garantir la protection de la sant\u00e9 du consommateur.<\/p>\n<\/div>\n<p>Auteur: Meriem IGASS<br \/>\n<a href=\"http:\/\/www.mapmarrakech.ma\/fr\/marrakech-safi-saisie-de-111-tonnes-de-produits-impropres-a-la-consommation\/\">Cliquez ici pour lire l&rsquo;article depuis sa source.<\/a><\/p>\n","protected":false},"excerpt":{"rendered":"<p>Marrakech \u2013 Les services d\u2019inspection de la direction r\u00e9gionale de l\u2019Office National de S\u00e9curit\u00e9 Sanitaire des Produits Alimentaires (ONSSA) de Marrakech-Safi ont proc\u00e9d\u00e9 \u00e0 la saisie et \u00e0 la destruction de 11,1 tonnes de produits alimentaires impropres \u00e0 la consommation durant les 15 premiers jours du mois de Ramadan, soit 4,5% de la quantit\u00e9 contr\u00f4l\u00e9e. [&hellip;]<\/p>\n","protected":false},"author":1788,"featured_media":37375,"comment_status":"closed","ping_status":"closed","sticky":false,"template":"","format":"standard","meta":{"fifu_image_url":"","fifu_image_alt":"","footnotes":""},"categories":[54,76],"tags":[],"class_list":["post-37367","post","type-post","status-publish","format-standard","has-post-thumbnail","hentry","category-maroc","category-regions"],"_links":{"self":[{"href":"https:\/\/linitiative.ca\/International\/wp-json\/wp\/v2\/posts\/37367","targetHints":{"allow":["GET"]}}],"collection":[{"href":"https:\/\/linitiative.ca\/International\/wp-json\/wp\/v2\/posts"}],"about":[{"href":"https:\/\/linitiative.ca\/International\/wp-json\/wp\/v2\/types\/post"}],"author":[{"embeddable":true,"href":"https:\/\/linitiative.ca\/International\/wp-json\/wp\/v2\/users\/1788"}],"replies":[{"embeddable":true,"href":"https:\/\/linitiative.ca\/International\/wp-json\/wp\/v2\/comments?post=37367"}],"version-history":[{"count":0,"href":"https:\/\/linitiative.ca\/International\/wp-json\/wp\/v2\/posts\/37367\/revisions"}],"wp:featuredmedia":[{"embeddable":true,"href":"https:\/\/linitiative.ca\/International\/wp-json\/"}],"wp:attachment":[{"href":"https:\/\/linitiative.ca\/International\/wp-json\/wp\/v2\/media?parent=37367"}],"wp:term":[{"taxonomy":"category","embeddable":true,"href":"https:\/\/linitiative.ca\/International\/wp-json\/wp\/v2\/categories?post=37367"},{"taxonomy":"post_tag","embeddable":true,"href":"https:\/\/linitiative.ca\/International\/wp-json\/wp\/v2\/tags?post=37367"}],"curies":[{"name":"wp","href":"https:\/\/api.w.org\/{rel}","templated":true}]}}