{"id":37379,"date":"2019-05-29T03:05:38","date_gmt":"2019-05-29T07:05:38","guid":{"rendered":"https:\/\/linitiative.ca\/International\/9e-forum-international-des-femmes-mediterraneennes-du-7-au-9-juin-a-fes\/"},"modified":"2019-05-29T03:05:38","modified_gmt":"2019-05-29T07:05:38","slug":"9e-forum-international-des-femmes-mediterraneennes-du-7-au-9-juin-a-fes","status":"publish","type":"post","link":"https:\/\/linitiative.ca\/International\/9e-forum-international-des-femmes-mediterraneennes-du-7-au-9-juin-a-fes\/","title":{"rendered":"9\u00e8 forum international des femmes m\u00e9diterran\u00e9ennes, du 7 au 9 juin \u00e0 F\u00e8s"},"content":{"rendered":"<p>La 9-\u00e8me \u00e9dition du Forum international des femmes m\u00e9diterran\u00e9ennes aura lieu du 7 au 9 juin \u00e0 F\u00e8s sous le th\u00e8me \u00ab\u00a0f\u00e9minismes islamiques : perspectives nationales et transnationales\u00a0\u00bb.<\/p>\n<div class=\"c10\"\/>\n<p>Initi\u00e9e par le Centre Isis pour femmes et d\u00e9veloppement et la fondation Konrad Adenauer, cette manifestation d\u00e9battra d\u2019une s\u00e9rie de questions relatives \u00e0 la femme m\u00e9diterran\u00e9enne.<\/p>\n<p>Le forum, qui verra la participation de nombreux intellectuels marocains et \u00e9trangers originaires de pays arabes et islamiques, ainsi que d\u2019Afrique, d\u2019Europe, d\u2019Asie et des Etats Unis, examinera aussi des th\u00e9matiques li\u00e9es au f\u00e9minisme islamique universel et aux f\u00e9minismes islamiques locaux.<\/p>\n<p>Les conf\u00e9renciers devront d\u00e9battre de plusieurs axes, dont \u2018\u2019f\u00e9minismes islamiques transnationaux\u2019\u2019, \u2018\u2019f\u00e9minismes islamiques nationaux\u2019\u2019, \u2018\u2019activismes islamiques\u2019\u2019, \u2018\u2019Ijtihad et codes de la famille\u2019\u2019 et \u2018\u2019f\u00e9minisme islamique et intersection de l\u2019universel et du national\u2019\u2019.<\/p>\n<p>\u2018\u2019Le f\u00e9minisme islamique gagne du terrain aussi bien dans les recherches scientifiques sur l\u2019intersection entre les droits des femmes et la religion que dans l\u2019activisme et la soci\u00e9t\u00e9 civile en g\u00e9n\u00e9ral\u2019\u2019, indiquent les organisateurs dans une note de pr\u00e9sentation, ajoutant que de nombreuses recherches aussi bien dans la r\u00e9gion du Moyen Orient et d\u2019Afrique du Nord que partout dans le monde ont vu le jour depuis la derni\u00e8re d\u00e9cennie du 20\u00e8me si\u00e8cle.<\/p>\n<p>\u2018\u2019Les efforts de r\u00e9flexion pour r\u00e9former les codes de la famille dans le sens de l\u2019\u00e9galit\u00e9 entre hommes et femmes dans les pays arabes et musulmans constituent le moteur principal qui anime ces f\u00e9minismes islamiques\u2019\u2019, rel\u00e8ve-t-on.<\/p>\n<div class=\"c17\">\n<fieldset class=\"c16\">\n<legend><strong><span class=\"c11\">Challenge<\/span><span class=\"c12\">news<\/span><\/strong><\/legend>\n<div class=\"c15\">Le meilleur de la r\u00e9daction s\u00e9lectionn\u00e9 par Challenge :<\/p>\n<\/div>\n<\/fieldset>\n<\/div>\n<p>Auteur: challenge<br \/>\n<a href=\"https:\/\/www.challenge.ma\/9e-forum-international-des-femmes-mediterraneennes-du-7-au-9-juin-a-fes-109779\/\">Cliquez ici pour lire l&rsquo;article depuis sa source.<\/a><\/p>\n","protected":false},"excerpt":{"rendered":"<p>La 9-\u00e8me \u00e9dition du Forum international des femmes m\u00e9diterran\u00e9ennes aura lieu du 7 au 9 juin \u00e0 F\u00e8s sous le th\u00e8me \u00ab\u00a0f\u00e9minismes islamiques : perspectives nationales et transnationales\u00a0\u00bb. Initi\u00e9e par le Centre Isis pour femmes et d\u00e9veloppement et la fondation Konrad Adenauer, cette manifestation d\u00e9battra d\u2019une s\u00e9rie de questions relatives \u00e0 la femme m\u00e9diterran\u00e9enne. Le [&hellip;]<\/p>\n","protected":false},"author":1787,"featured_media":0,"comment_status":"closed","ping_status":"closed","sticky":false,"template":"","format":"standard","meta":{"fifu_image_url":"","fifu_image_alt":"","footnotes":""},"categories":[78,54],"tags":[],"class_list":["post-37379","post","type-post","status-publish","format-standard","hentry","category-economie","category-maroc"],"_links":{"self":[{"href":"https:\/\/linitiative.ca\/International\/wp-json\/wp\/v2\/posts\/37379","targetHints":{"allow":["GET"]}}],"collection":[{"href":"https:\/\/linitiative.ca\/International\/wp-json\/wp\/v2\/posts"}],"about":[{"href":"https:\/\/linitiative.ca\/International\/wp-json\/wp\/v2\/types\/post"}],"author":[{"embeddable":true,"href":"https:\/\/linitiative.ca\/International\/wp-json\/wp\/v2\/users\/1787"}],"replies":[{"embeddable":true,"href":"https:\/\/linitiative.ca\/International\/wp-json\/wp\/v2\/comments?post=37379"}],"version-history":[{"count":0,"href":"https:\/\/linitiative.ca\/International\/wp-json\/wp\/v2\/posts\/37379\/revisions"}],"wp:attachment":[{"href":"https:\/\/linitiative.ca\/International\/wp-json\/wp\/v2\/media?parent=37379"}],"wp:term":[{"taxonomy":"category","embeddable":true,"href":"https:\/\/linitiative.ca\/International\/wp-json\/wp\/v2\/categories?post=37379"},{"taxonomy":"post_tag","embeddable":true,"href":"https:\/\/linitiative.ca\/International\/wp-json\/wp\/v2\/tags?post=37379"}],"curies":[{"name":"wp","href":"https:\/\/api.w.org\/{rel}","templated":true}]}}