{"id":37381,"date":"2019-05-29T09:33:15","date_gmt":"2019-05-29T13:33:15","guid":{"rendered":"https:\/\/linitiative.ca\/International\/radiodiffusion-black-out-sur-la-tnt\/"},"modified":"2019-05-29T09:33:15","modified_gmt":"2019-05-29T13:33:15","slug":"radiodiffusion-black-out-sur-la-tnt","status":"publish","type":"post","link":"https:\/\/linitiative.ca\/International\/radiodiffusion-black-out-sur-la-tnt\/","title":{"rendered":"Radiodiffusion : black-out sur la TNT"},"content":{"rendered":"<p>Apr\u00e8s un mois de retard par rapport \u00e0 la date butoir fix\u00e9e par l\u2019Union internationale des t\u00e9l\u00e9communications (<strong>Uit<\/strong>), le gouvernement avait annonc\u00e9 en grande pompe, le 14 juillet 2015, le basculement du Cameroun \u00e0 la T\u00e9l\u00e9vision num\u00e9rique terrestre (Tnt). En sa triple qualit\u00e9 de ministre de la Communication (Mincom), de vice-pr\u00e9sident du Comit\u00e9 national de pilotage de la migration de l\u2019analogique au num\u00e9rique (<strong>Cameroon Digital Television project-Cam-Dtv<\/strong>) et de pr\u00e9sident du conseil d\u2019administration de la Cameroon Radio Television (Crtv), op\u00e9rateur choisi par le gouvernement pour op\u00e9rer cette migration, <strong>Issa Tchiroma Bakary<\/strong>, avait indiqu\u00e9 que 1000 m\u00e9nages de Douala et Yaound\u00e9 \u00e9taient concern\u00e9s par cette phase technique au terme de laquelle les d\u00e9codeurs destin\u00e9s au t\u00e9l\u00e9viseurs analogiques devaient \u00eatre mis en vente \u00e0 un prix suffisamment accessible aux populations. 12 cha\u00eenes dont huit nationales (<strong>Crtv, Canal 2 International, Equinoxe Tv, Vision 4, Stv, Ltm, Dbs et Camnews 24<\/strong>) et quatre \u00e9trang\u00e8res (<strong>France 24, Bbc World News, TV5 Monde Afrique et Tiji<\/strong>) constituaient le bouquet <strong>Cam-Dtv<\/strong>, extensible \u00e0 une trentaine de cha\u00eenes. Il avait \u00e9galement donn\u00e9 un d\u00e9lai de deux ans pour que les huit autres chefs-lieux de r\u00e9gions soit couvertes par la Tnt.<\/p>\n<p>Cette migration de l\u2019analogique au num\u00e9rique incluait la r\u00e9habilitation de la <strong>Crtv<\/strong> qui disposait depuis plusieurs ann\u00e9es d\u2019un outil obsol\u00e8te, pour un co\u00fbt global de 110 milliards Fcfa. A la suite de ce basculement, la Crtv t\u00e9l\u00e9 devait \u00e9clater en six avec la naissance de cinq cha\u00eenes th\u00e9matiques. A ce jour, seul Crtv News, lanc\u00e9e l\u2019ann\u00e9e derni\u00e8re, diffuse effectivement. Crtv Sports, annonc\u00e9e pour ce mois de mai, n\u2019en est encore qu\u2019\u00e0 des essais. Du mat\u00e9riel de pointe avait pourtant \u00e9t\u00e9 acquis, notamment de nouveaux \u00e9metteurs install\u00e9s \u00e0 Yaound\u00e9 et Douala \u2013 en plus de celui <strong>Camtel<\/strong>, utilis\u00e9 dans la phase pilote -, une demi-douzaine de cars de production dot\u00e9s de 20 et 12 cam\u00e9ras. Pour la Coupe d\u2019Afrique des nations (Can) 2019 attribu\u00e9e au Cameroun et finalement retir\u00e9e par la Conf\u00e9d\u00e9ration africaine de football (Caf), ce mat\u00e9riel devait servir \u00e0 produire le signal international HD, ainsi que l\u2019avait exig\u00e9 l\u2019instance fa\u00eeti\u00e8re du football africain.<\/p>\n<p><span class=\"c2\"><strong>Risques d\u2019amortissement<\/strong><\/span><br \/>A ce jour, ce mat\u00e9riel dernier cri, qui a fait ses preuves lors de la Can f\u00e9minine organis\u00e9e au Cameroun en novembre et d\u00e9cembre 2016, est sous-utilis\u00e9, avec tout ce que cela comporte comme risques d\u2019amortissement. Si le co\u00fbt global des \u00e9quipements acquis pour le compte de la Crtv n\u2019a jamais \u00e9t\u00e9 communiqu\u00e9 officiellement, il faut relever que le gouvernement n\u2019a pas mis enti\u00e8rement \u00e0 disposition les fonds n\u00e9cessaires pour l\u2019op\u00e9rationnalisation de la Tnt dans le pays.<\/p>\n<p>Sur le terrain, quatre ans apr\u00e8s, le bouquet Cam-Dtv, distribu\u00e9 par le minist\u00e8re de la Communication \u00e0 certaines administrations publiques et priv\u00e9es lors du lancement, a non seulement gard\u00e9 le nombre de cha\u00eenes de d\u00e9part, mais il est crypt\u00e9 en permanence. \u00c9tonnamment, tout se passe comme si ni le gouvernement, ni la Crtv ne voulaient plus parler du basculement \u00e0 la T\u00e9l\u00e9vision num\u00e9rique terrestre. Le Comit\u00e9 national de pilotage de la migration de l\u2019analogique au num\u00e9rique, pr\u00e9sid\u00e9 par l\u2019ex-Premier ministre, Philemon Yang, est simplement en hibernation.<\/p>\n<p>Pour m\u00e9moire, la mise en \u0153uvre du projet de basculement de l\u2019analogique au num\u00e9rique au Cameroun a \u00e9t\u00e9 instruite par le pr\u00e9sident de la R\u00e9publique en 2009, soit trois ans apr\u00e8s l\u2019accord de Gen\u00e8ve (Suisse) de 2006, sign\u00e9 \u00e0 l\u2019initiative l\u2019Union internationale des t\u00e9l\u00e9communications (Uit). Les pays africains avaient alors jusqu\u2019au 17 juin 2015 pour s\u2019arrimer \u00e0 cette technologie qui offre une plus grande ouverture au march\u00e9 et surtout, qui booste les capacit\u00e9s de production en termes de cha\u00eenes \u00e0 diffuser. Avec \u00ab <em>la migration du Cameroun vers la T\u00e9l\u00e9vision num\u00e9rique terrestre \u00bb, \u00ab je peux vous dire que le chef de l\u2019Etat a \u00e9t\u00e9 divinement inspir\u00e9. Car gr\u00e2ce \u00e0 cette technologie, l\u2019on \u00e9conomisera \u00e0 terme plus de 100 milliards Fcfa<\/em> \u00bb, avait jur\u00e9 l\u2019ex-ministre de la Communication, lors d\u2019une conf\u00e9rence de presse, en juin 2015 \u00e0 Douala.<\/p>\n<p><span class=\"c2\"><strong>4G<\/strong><\/span><br \/>Consultant en audiovisuel num\u00e9rique, <strong>Th\u00e9odore Ndanga<\/strong> a expliqu\u00e9 il y a deux ans que, \u00ab <em>la bande utilis\u00e9e en analogie pour une cha\u00eene peut faire passer huit (8) cha\u00eenes en num\u00e9rique. Donc, si on passait au num\u00e9rique, l\u2019on pourrait r\u00e9duire cet espace au septi\u00e8me et il va rester six septi\u00e8mes \u00e0 attribuer comme bande passante dans d\u2019autres secteurs des nouvelles technologies, de la t\u00e9l\u00e9phonie mobile<\/em> \u00bb.<\/p>\n<p>Jusque-l\u00e0, regrette-t-il, \u00ab <em>on n\u2019arrive pas encore \u00e0 rentrer v\u00e9ritablement dans ce que l\u2019on appelle 4G au Cameroun. Beaucoup d\u2019op\u00e9rateurs d\u00e9clarent avoir la 4G, mais elle n\u2019\u00e9volue pas sur la bande requise. Cette 4G fonctionne sur la bande 2G. Il n\u2019y a pas de bande passante \u00e0 attribuer. Donc, si on lib\u00e8re un peu plus d\u2019espace sur les bandes analogiques utilis\u00e9es par les t\u00e9l\u00e9visions, on en attribuerait facilement pour la 4G, et pour toutes les nouvelles technologies. On devait d\u00e9velopper l\u2019internet \u00e0 un niveau tr\u00e8s avanc\u00e9<\/em> \u00bb.<\/p>\n<div class=\"about-author about-author-box container-wrapper\">\n<div class=\"author-avatar\">\n<p><img decoding=\"async\" src=\"http:\/\/\" alt=\"\"\/><\/p>\n<\/div>\n<p><h4>La R\u00e9daction EcoMatin<\/h4>\n<\/p>\n<\/div>\n<div class=\"awac-wrapper awac widget blog_subscription-2\">\n<h4 class=\"widget-title\">Abonnez-vous \u00e0 notre lettre d&rsquo;information<\/h4>\n<\/div>\n<p>Auteur: EcoMatin<br \/>\n<a href=\"https:\/\/ecomatin.net\/radiodiffusion-black-out-sur-la-tnt\/\">Cliquez ici pour lire l&rsquo;article depuis sa source.<\/a><\/p>\n","protected":false},"excerpt":{"rendered":"<p>Apr\u00e8s un mois de retard par rapport \u00e0 la date butoir fix\u00e9e par l\u2019Union internationale des t\u00e9l\u00e9communications (Uit), le gouvernement avait annonc\u00e9 en grande pompe, le 14 juillet 2015, le basculement du Cameroun \u00e0 la T\u00e9l\u00e9vision num\u00e9rique terrestre (Tnt). En sa triple qualit\u00e9 de ministre de la Communication (Mincom), de vice-pr\u00e9sident du Comit\u00e9 national de [&hellip;]<\/p>\n","protected":false},"author":1969,"featured_media":0,"comment_status":"closed","ping_status":"closed","sticky":false,"template":"","format":"standard","meta":{"fifu_image_url":"","fifu_image_alt":"","footnotes":""},"categories":[82,78],"tags":[],"class_list":["post-37381","post","type-post","status-publish","format-standard","hentry","category-cameroun","category-economie"],"_links":{"self":[{"href":"https:\/\/linitiative.ca\/International\/wp-json\/wp\/v2\/posts\/37381","targetHints":{"allow":["GET"]}}],"collection":[{"href":"https:\/\/linitiative.ca\/International\/wp-json\/wp\/v2\/posts"}],"about":[{"href":"https:\/\/linitiative.ca\/International\/wp-json\/wp\/v2\/types\/post"}],"author":[{"embeddable":true,"href":"https:\/\/linitiative.ca\/International\/wp-json\/wp\/v2\/users\/1969"}],"replies":[{"embeddable":true,"href":"https:\/\/linitiative.ca\/International\/wp-json\/wp\/v2\/comments?post=37381"}],"version-history":[{"count":0,"href":"https:\/\/linitiative.ca\/International\/wp-json\/wp\/v2\/posts\/37381\/revisions"}],"wp:attachment":[{"href":"https:\/\/linitiative.ca\/International\/wp-json\/wp\/v2\/media?parent=37381"}],"wp:term":[{"taxonomy":"category","embeddable":true,"href":"https:\/\/linitiative.ca\/International\/wp-json\/wp\/v2\/categories?post=37381"},{"taxonomy":"post_tag","embeddable":true,"href":"https:\/\/linitiative.ca\/International\/wp-json\/wp\/v2\/tags?post=37381"}],"curies":[{"name":"wp","href":"https:\/\/api.w.org\/{rel}","templated":true}]}}