{"id":37382,"date":"2019-05-28T18:20:20","date_gmt":"2019-05-28T22:20:20","guid":{"rendered":"https:\/\/linitiative.ca\/International\/la-bibliotheque-ibn-youssef-un-des-joyaux-patrimoniaux-de-la-cite-ocre\/"},"modified":"2019-05-28T18:20:20","modified_gmt":"2019-05-28T22:20:20","slug":"la-bibliotheque-ibn-youssef-un-des-joyaux-patrimoniaux-de-la-cite-ocre","status":"publish","type":"post","link":"https:\/\/linitiative.ca\/International\/la-bibliotheque-ibn-youssef-un-des-joyaux-patrimoniaux-de-la-cite-ocre\/","title":{"rendered":"La Biblioth\u00e8que Ibn Youssef, un des joyaux patrimoniaux de la cit\u00e9 ocre"},"content":{"rendered":"<p><iframe loading=\"lazy\" width=\"1170\" height=\"658\" src=\"https:\/\/www.youtube.com\/embed\/oxm8N0o7dkU?feature=oembed\" frameborder=\"0\" allow=\"accelerometer; autoplay; encrypted-media; gyroscope; picture-in-picture\" allowfullscreen=\"\">[embedded content]<\/iframe><\/p>\n<div class=\"single-post-excerpt post-excerpt-bc\" readability=\"37\">\n<p>Situ\u00e9e au coeur de l\u2019ancienne m\u00e9dina de la ville de Marrakech, la Biblioth\u00e8que Ibn Youssef, dont la construction remonte \u00e0 l\u2019\u00e9poque de la Dynastie des Almoravides, compte parmi les innombrables joyaux patrimoniaux dont regorge la cit\u00e9 ocre.<\/p>\n<\/div>\n<p>Auteur: Meriem IGASS<br \/>\n<a href=\"http:\/\/www.mapmarrakech.ma\/fr\/la-bibliotheque-ibn-youssef-un-des-joyaux-patrimoniaux-de-la-cite-ocre\/\">Cliquez ici pour lire l&rsquo;article depuis sa source.<\/a><\/p>\n","protected":false},"excerpt":{"rendered":"<p>[embedded content] Situ\u00e9e au coeur de l\u2019ancienne m\u00e9dina de la ville de Marrakech, la Biblioth\u00e8que Ibn Youssef, dont la construction remonte \u00e0 l\u2019\u00e9poque de la Dynastie des Almoravides, compte parmi les innombrables joyaux patrimoniaux dont regorge la cit\u00e9 ocre. Auteur: Meriem IGASS Cliquez ici pour lire l&rsquo;article depuis sa source.<\/p>\n","protected":false},"author":1788,"featured_media":0,"comment_status":"closed","ping_status":"closed","sticky":false,"template":"","format":"standard","meta":{"fifu_image_url":"","fifu_image_alt":"","footnotes":""},"categories":[54,76],"tags":[],"class_list":["post-37382","post","type-post","status-publish","format-standard","hentry","category-maroc","category-regions"],"_links":{"self":[{"href":"https:\/\/linitiative.ca\/International\/wp-json\/wp\/v2\/posts\/37382","targetHints":{"allow":["GET"]}}],"collection":[{"href":"https:\/\/linitiative.ca\/International\/wp-json\/wp\/v2\/posts"}],"about":[{"href":"https:\/\/linitiative.ca\/International\/wp-json\/wp\/v2\/types\/post"}],"author":[{"embeddable":true,"href":"https:\/\/linitiative.ca\/International\/wp-json\/wp\/v2\/users\/1788"}],"replies":[{"embeddable":true,"href":"https:\/\/linitiative.ca\/International\/wp-json\/wp\/v2\/comments?post=37382"}],"version-history":[{"count":0,"href":"https:\/\/linitiative.ca\/International\/wp-json\/wp\/v2\/posts\/37382\/revisions"}],"wp:attachment":[{"href":"https:\/\/linitiative.ca\/International\/wp-json\/wp\/v2\/media?parent=37382"}],"wp:term":[{"taxonomy":"category","embeddable":true,"href":"https:\/\/linitiative.ca\/International\/wp-json\/wp\/v2\/categories?post=37382"},{"taxonomy":"post_tag","embeddable":true,"href":"https:\/\/linitiative.ca\/International\/wp-json\/wp\/v2\/tags?post=37382"}],"curies":[{"name":"wp","href":"https:\/\/api.w.org\/{rel}","templated":true}]}}