{"id":37385,"date":"2019-05-29T05:20:00","date_gmt":"2019-05-29T09:20:00","guid":{"rendered":"https:\/\/linitiative.ca\/International\/casablanca-le-conseil-de-la-ville-sourd-aux-petitions\/"},"modified":"2019-05-29T05:20:00","modified_gmt":"2019-05-29T09:20:00","slug":"casablanca-le-conseil-de-la-ville-sourd-aux-petitions","status":"publish","type":"post","link":"https:\/\/linitiative.ca\/International\/casablanca-le-conseil-de-la-ville-sourd-aux-petitions\/","title":{"rendered":"Casablanca: Le conseil de la ville sourd aux p\u00e9titions"},"content":{"rendered":"<p class=\"rtejustify\">Malgr\u00e9 une p\u00e9tition envoy\u00e9e il y a environ deux ans au maire de Casablanca sur l\u2019\u00e9tat d\u2019une rue \u00aboubli\u00e9e\u00bb par l\u2019attributaire du march\u00e9 de l\u2019asphaltage, les habitants du quartier Florida Sidi Ma\u00e2rouf, n\u2019ont toujours pas re\u00e7u de r\u00e9ponse. En attendant, la rue n\u00b084 est devenue impraticable et tant pis pour les usagers. Selon nos informations, le march\u00e9 a \u00e9t\u00e9 r\u00e9ceptionn\u00e9 sans aucune v\u00e9rification de la part du ma\u00eetre d\u2019ouvrage.<\/p>\n<p class=\"rtejustify\"><em>H.E.<\/em><\/p>\n<p>Auteur: hlafriqi<br \/>\n<a href=\"https:\/\/www.leconomiste.com\/article\/1045706-casablanca-le-conseil-de-la-ville-sourd-aux-petitions\">Cliquez ici pour lire l&rsquo;article depuis sa source.<\/a><\/p>\n","protected":false},"excerpt":{"rendered":"<p>Malgr\u00e9 une p\u00e9tition envoy\u00e9e il y a environ deux ans au maire de Casablanca sur l\u2019\u00e9tat d\u2019une rue \u00aboubli\u00e9e\u00bb par l\u2019attributaire du march\u00e9 de l\u2019asphaltage, les habitants du quartier Florida Sidi Ma\u00e2rouf, n\u2019ont toujours pas re\u00e7u de r\u00e9ponse. En attendant, la rue n\u00b084 est devenue impraticable et tant pis pour les usagers. Selon nos informations, [&hellip;]<\/p>\n","protected":false},"author":1763,"featured_media":0,"comment_status":"closed","ping_status":"closed","sticky":false,"template":"","format":"standard","meta":{"fifu_image_url":"","fifu_image_alt":"","footnotes":""},"categories":[78,54],"tags":[],"class_list":["post-37385","post","type-post","status-publish","format-standard","hentry","category-economie","category-maroc"],"_links":{"self":[{"href":"https:\/\/linitiative.ca\/International\/wp-json\/wp\/v2\/posts\/37385","targetHints":{"allow":["GET"]}}],"collection":[{"href":"https:\/\/linitiative.ca\/International\/wp-json\/wp\/v2\/posts"}],"about":[{"href":"https:\/\/linitiative.ca\/International\/wp-json\/wp\/v2\/types\/post"}],"author":[{"embeddable":true,"href":"https:\/\/linitiative.ca\/International\/wp-json\/wp\/v2\/users\/1763"}],"replies":[{"embeddable":true,"href":"https:\/\/linitiative.ca\/International\/wp-json\/wp\/v2\/comments?post=37385"}],"version-history":[{"count":0,"href":"https:\/\/linitiative.ca\/International\/wp-json\/wp\/v2\/posts\/37385\/revisions"}],"wp:attachment":[{"href":"https:\/\/linitiative.ca\/International\/wp-json\/wp\/v2\/media?parent=37385"}],"wp:term":[{"taxonomy":"category","embeddable":true,"href":"https:\/\/linitiative.ca\/International\/wp-json\/wp\/v2\/categories?post=37385"},{"taxonomy":"post_tag","embeddable":true,"href":"https:\/\/linitiative.ca\/International\/wp-json\/wp\/v2\/tags?post=37385"}],"curies":[{"name":"wp","href":"https:\/\/api.w.org\/{rel}","templated":true}]}}