{"id":37390,"date":"2019-05-29T08:17:00","date_gmt":"2019-05-29T12:17:00","guid":{"rendered":"https:\/\/linitiative.ca\/International\/poterie-un-patrimoine-traduisant-lart-de-lartisan\/"},"modified":"2019-05-29T08:17:00","modified_gmt":"2019-05-29T12:17:00","slug":"poterie-un-patrimoine-traduisant-lart-de-lartisan","status":"publish","type":"post","link":"https:\/\/linitiative.ca\/International\/poterie-un-patrimoine-traduisant-lart-de-lartisan\/","title":{"rendered":"Poterie: un patrimoine traduisant l\u2019art de l\u2019artisan"},"content":{"rendered":"<div readability=\"37\">\n<p>Safi \u2013 L\u2019industrie de la c\u00e9ramique et de la poterie \u00e0 Safi, dont le rayonnement a d\u00e9pass\u00e9 les fronti\u00e8res nationales, repr\u00e9sente un patrimoine culturel traduisant l\u2019art et la capacit\u00e9 de l\u2019artisan local \u00e0 cr\u00e9er des chefs-d\u2019\u0153uvre qui suscitent l\u2019admiration des visiteurs marocains et \u00e9trangers aussi bien dans les salons nationaux qu\u2019internationaux.<\/p>\n<\/div>\n<div readability=\"138\">\n<p>Compte tenu de l\u2019importance socio-\u00e9conomique de cette activit\u00e9 dans la cit\u00e9 de l\u2019Oc\u00e9an,\u00a0\u00bbla Colline des Potiers\u00a0\u00bb, premier noyau abritant une industrie de la c\u00e9ramique dans la ville, a \u00e9t\u00e9 class\u00e9e depuis 1920 parmi les sites historiques de Safi, devenant depuis cette date un lieu d\u2019attractivit\u00e9 des touristes et visiteurs de cette ville, en plus de sa position \u00e0 proximit\u00e9 du souk des potiers consid\u00e9r\u00e9 comme le salon permanent des produits c\u00e9ramiques.<\/p>\n<p>Dans ce contexte, l\u2019industrie de la c\u00e9ramique et de la poterie est le secteur socio-\u00e9conomique le plus important dans la r\u00e9gion \u00e9tant donn\u00e9 qu\u2019elle emploie pr\u00e8s de 1.176 artisans de mani\u00e8re stable et 680 salari\u00e9s de mani\u00e8re saisonni\u00e8re, qui perp\u00e9tuent ce savoir-faire et ce patrimoine culturel dans pr\u00e8s de 212 ateliers.<\/p>\n<p>Selon des statistiques de la D\u00e9l\u00e9gation de l\u2019artisanat \u00e0 Safi, le nombre d\u2019ateliers de poterie d\u00e9di\u00e9s \u00e0 la production de la poterie dans la Colline des Potiers, s\u2019\u00e9l\u00e8ve \u00e0 42 ateliers, dans lesquels travaillent de fa\u00e7on stable 400 artisans et de mani\u00e8re saisonni\u00e8re 200 employ\u00e9s, \u00e9quip\u00e9s de 28 fours \u00e0 gaz et pr\u00e8s de 40 fours traditionnels.<\/p>\n<p>\u00ab\u00a0La vall\u00e9e Cha\u00e2ba\u00a0\u00bb, un autre lieu de cette industrie, situ\u00e9e \u00e0 proximit\u00e9 de l\u2019oued Cha\u00e2ba et \u00e0 1 kilom\u00e8tre de la Colline des Potiers, abrite de son c\u00f4t\u00e9, 450 artisans stables et 250 ouvriers saisonniers, qui exercent leur m\u00e9tiers dans 100 ateliers, \u00e9quip\u00e9s de 12 fours \u00e0 gaz et 50 autres traditionnels.<\/p>\n<p>Il est \u00e0 noter que la fabrication de la poterie et de la c\u00e9ramique est concentr\u00e9e dans plusieurs r\u00e9gions de la province de Safi, dont la route Dar Si Aissa, qui abrite 08 ateliers, employant 70 artisans de fa\u00e7on stable et 30 de fa\u00e7on saisonni\u00e8re, la commune Sa\u00e2dla (48 ateliers employant 156 artisans stables et 177 de fa\u00e7on saisonni\u00e8re) et la route de Marrakech (10 ateliers employant 80 artisans stables et 20 de fa\u00e7on saisonni\u00e8re).<\/p>\n<p>D\u2019autres r\u00e9gions sont concern\u00e9es par cette activit\u00e9, notamment la fabrication de la c\u00e9ramique et des tuiles dans la commune de Sa\u00e2dla, sachant que les tuiles font partie de l\u2019architecture marocaine authentique.<\/p>\n<p>Dans ce cadre, il est \u00e0 rappeler que 48 ateliers de l\u2019industrie des tuiles emploient pr\u00e8s de 343 salari\u00e9s alors que le nombre des fours s\u2019\u00e9l\u00e8ve \u00e0 73 fours traditionnels.<\/p>\n<p>Le chef de service de soutien de l\u2019artisanat au sein de la D\u00e9l\u00e9gation d\u2019artisanat \u00e0 Safi, Abderrahim Ben Zaidia, a indiqu\u00e9 que plusieurs facteurs concourent \u00e0 faire de Safi la capitale de la poterie.<\/p>\n<p>En effet, la cit\u00e9 de l\u2019Oc\u00e9an dispose d\u2019une grande r\u00e9serve d\u2019une argile de haute qualit\u00e9, et une main d\u2019\u0153uvre qualifi\u00e9e et form\u00e9e, a-t-il expliqu\u00e9, relevant que ces facteurs ont contribu\u00e9 \u00e0 mettre en exergue le patrimoine culturel, touristique et civilisationnel de Safi afin que l\u2019industrie artisanale de la c\u00e9ramique et la poterie constitue un pilier essentiel du secteur de l\u2019artisanat dans la province.<\/p>\n<p>Et d\u2019ajouter que l\u2019ouverture du Mus\u00e9e national de la poterie \u00e0 Safi au cours du mois de mars de l\u2019ann\u00e9e \u00e9coul\u00e9e dans la cit\u00e9 des arts, repr\u00e9sente un \u00e9v\u00e9nement marquant d\u2019une grande port\u00e9e pour cette ville.<\/p>\n<p>Dans une d\u00e9claration similaire, le conservateur du mus\u00e9e national de la poterie \u00e0 Safi, Said Chemsi, a soulign\u00e9 que l\u2019ouverture du Mus\u00e9e National de la C\u00e9ramique s\u2019inscrit dans le cadre du programme de r\u00e9habilitation des mus\u00e9es lanc\u00e9 par la Fondation Nationale des Mus\u00e9es (FNM), relevant que ces actions hautement cibl\u00e9es visent \u00e0 rendre les mus\u00e9es du Royaume plus accueillants, plus attractifs et conformes aux normes de sauvegarde du patrimoine.<\/p>\n<p>M.Chemsi a expliqu\u00e9 que cet espace d\u2019exposition et de d\u00e9couverte met en exergue le d\u00e9veloppement de cet art au Maroc \u00e0 travers l\u2019histoire, et expose pr\u00e8s de 150 chefs d\u2019\u0153uvre dot\u00e9s d\u2019une grande symbolique historique, artistique et arch\u00e9ologique, faisant remarquer que cette structure mus\u00e9ale est repr\u00e9sentative de la cr\u00e9ation c\u00e9ramique des diff\u00e9rentes r\u00e9gions du Maroc,\u00a0lesquelles ont nettement excell\u00e9 \u00e0 travers l\u2019histoire dans cet art.<\/p>\n<p>Des \u0153uvres uniques aux valeurs inestimables, dont certaines remontent \u00e0 plus de 3800 ans et inscrites au patrimoine national, sont expos\u00e9es dans ce mus\u00e9e avec une nouvelle sc\u00e9nographie qui ravit les mordus de ce patrimoine national combien riche et diversifi\u00e9.<\/p>\n<p>A travers cet espace in\u00e9dit, le public s\u2019offre l\u2019opportunit\u00e9 de se r\u00e9approprier, d\u00e9sormais, un lieu de m\u00e9moire d\u00e9di\u00e9 \u00e0 l\u2019art de fa\u00e7onner et de sublimer la c\u00e9ramique.<\/p>\n<\/div>\n<p>Auteur: Meriem IGASS<br \/>\n<a href=\"http:\/\/www.mapmarrakech.ma\/fr\/la-poterie-un-patrimoine-culturel-traduisant-lesprit-creatif-de-lartisan\/\">Cliquez ici pour lire l&rsquo;article depuis sa source.<\/a><\/p>\n","protected":false},"excerpt":{"rendered":"<p>Safi \u2013 L\u2019industrie de la c\u00e9ramique et de la poterie \u00e0 Safi, dont le rayonnement a d\u00e9pass\u00e9 les fronti\u00e8res nationales, repr\u00e9sente un patrimoine culturel traduisant l\u2019art et la capacit\u00e9 de l\u2019artisan local \u00e0 cr\u00e9er des chefs-d\u2019\u0153uvre qui suscitent l\u2019admiration des visiteurs marocains et \u00e9trangers aussi bien dans les salons nationaux qu\u2019internationaux. Compte tenu de l\u2019importance [&hellip;]<\/p>\n","protected":false},"author":1788,"featured_media":0,"comment_status":"closed","ping_status":"closed","sticky":false,"template":"","format":"standard","meta":{"fifu_image_url":"","fifu_image_alt":"","footnotes":""},"categories":[54,76],"tags":[],"class_list":["post-37390","post","type-post","status-publish","format-standard","hentry","category-maroc","category-regions"],"_links":{"self":[{"href":"https:\/\/linitiative.ca\/International\/wp-json\/wp\/v2\/posts\/37390","targetHints":{"allow":["GET"]}}],"collection":[{"href":"https:\/\/linitiative.ca\/International\/wp-json\/wp\/v2\/posts"}],"about":[{"href":"https:\/\/linitiative.ca\/International\/wp-json\/wp\/v2\/types\/post"}],"author":[{"embeddable":true,"href":"https:\/\/linitiative.ca\/International\/wp-json\/wp\/v2\/users\/1788"}],"replies":[{"embeddable":true,"href":"https:\/\/linitiative.ca\/International\/wp-json\/wp\/v2\/comments?post=37390"}],"version-history":[{"count":0,"href":"https:\/\/linitiative.ca\/International\/wp-json\/wp\/v2\/posts\/37390\/revisions"}],"wp:attachment":[{"href":"https:\/\/linitiative.ca\/International\/wp-json\/wp\/v2\/media?parent=37390"}],"wp:term":[{"taxonomy":"category","embeddable":true,"href":"https:\/\/linitiative.ca\/International\/wp-json\/wp\/v2\/categories?post=37390"},{"taxonomy":"post_tag","embeddable":true,"href":"https:\/\/linitiative.ca\/International\/wp-json\/wp\/v2\/tags?post=37390"}],"curies":[{"name":"wp","href":"https:\/\/api.w.org\/{rel}","templated":true}]}}