{"id":37393,"date":"2019-05-29T05:49:35","date_gmt":"2019-05-29T09:49:35","guid":{"rendered":"https:\/\/linitiative.ca\/International\/le-clan-toubel-se-renforce-salma-elloumi-a-la-tete-de-nidaa-tounes\/"},"modified":"2019-05-29T05:49:35","modified_gmt":"2019-05-29T09:49:35","slug":"le-clan-toubel-se-renforce-salma-elloumi-a-la-tete-de-nidaa-tounes","status":"publish","type":"post","link":"https:\/\/linitiative.ca\/International\/le-clan-toubel-se-renforce-salma-elloumi-a-la-tete-de-nidaa-tounes\/","title":{"rendered":"Le clan Toubel se renforce : Salma Elloumi \u00e0 la t\u00eate de Nidaa Tounes"},"content":{"rendered":"<p>Les dissensions entre Hafedh Ca\u00efd Essebsi et les membres influents de Nidaa Toun\u00e8s s\u2019approfondissent, au point que L\u2019ancienne ministre du Tourisme et au cabinet pr\u00e9sidentiel, Salma Elloumi Rekik a choisi son camp pour rallier le clan Toubel, pr\u00e9f\u00e9rant quitter la pr\u00e9sidence de la R\u00e9publique. Elle a \u00e9t\u00e9 choisie, \u00e0 l\u2019unanimit\u00e9, \u00e0 la t\u00eate du mouvement Nidaa Tounes (clan Sofiane Toubel), au cours de la r\u00e9union du bureau politique du parti tenue lundi.<\/p>\n<p>Le mouvement Nidaa Tounes a salu\u00e9, dans une d\u00e9claration publi\u00e9e hier, \u00ab les importants pas franchis sur la voie de l\u2019\u00e9dification du Nidaa historique \u00bb.<\/p>\n<p>A la mi-mai, Salma Elloumi Rekik avait d\u00e9missionn\u00e9 de son poste de directeur du cabinet pr\u00e9sidentiel. Elle avait \u00e9t\u00e9 nomm\u00e9e \u00e0 ce poste en novembre 2018 en remplacement de Selim Azzabi, actuel secr\u00e9taire g\u00e9n\u00e9ral du parti Tahya Tounes.<\/p>\n<p class=\"dpsp-share-text\">Partager c&rsquo;est aimer!<\/p>\n<div class=\"wp-post-author-wrap wp-post-author-shortcode left\">\n<h3 class=\"awpa-title\"\/>\n<div class=\"wp-post-author\">\n<div class=\"awpa-img awpa-author-block square\"><a href=\"http:\/\/lexpertjournal.net\/fr\/author\/expert\/\"><img loading=\"lazy\" decoding=\"async\" alt=\"\" src=\"http:\/\/2.gravatar.com\/avatar\/56d99be2a6f97af88ccb49fada637fcd?s=150&#038;d=mm&#038;r=g\" srcset=\"http:\/\/2.gravatar.com\/avatar\/56d99be2a6f97af88ccb49fada637fcd?s=300&#038;d=mm&#038;r=g 2x\" class=\"avatar avatar-150 photo\" height=\"150\" width=\"150\"\/><\/a><\/div>\n<\/div>\n<\/div>\n<p>Auteur: L&rsquo;expert<br \/>\n<a href=\"http:\/\/lexpertjournal.net\/fr\/2019\/05\/29\/le-clan-toubel-se-renforce-salma-elloumi-a-la-tete-de-nidaa-tounes\/\">Cliquez ici pour lire l&rsquo;article depuis sa source.<\/a><\/p>\n","protected":false},"excerpt":{"rendered":"<p>Les dissensions entre Hafedh Ca\u00efd Essebsi et les membres influents de Nidaa Toun\u00e8s s\u2019approfondissent, au point que L\u2019ancienne ministre du Tourisme et au cabinet pr\u00e9sidentiel, Salma Elloumi Rekik a choisi son camp pour rallier le clan Toubel, pr\u00e9f\u00e9rant quitter la pr\u00e9sidence de la R\u00e9publique. Elle a \u00e9t\u00e9 choisie, \u00e0 l\u2019unanimit\u00e9, \u00e0 la t\u00eate du mouvement [&hellip;]<\/p>\n","protected":false},"author":1775,"featured_media":0,"comment_status":"closed","ping_status":"closed","sticky":false,"template":"","format":"standard","meta":{"fifu_image_url":"","fifu_image_alt":"","footnotes":""},"categories":[78,55],"tags":[],"class_list":["post-37393","post","type-post","status-publish","format-standard","hentry","category-economie","category-tunisie"],"_links":{"self":[{"href":"https:\/\/linitiative.ca\/International\/wp-json\/wp\/v2\/posts\/37393","targetHints":{"allow":["GET"]}}],"collection":[{"href":"https:\/\/linitiative.ca\/International\/wp-json\/wp\/v2\/posts"}],"about":[{"href":"https:\/\/linitiative.ca\/International\/wp-json\/wp\/v2\/types\/post"}],"author":[{"embeddable":true,"href":"https:\/\/linitiative.ca\/International\/wp-json\/wp\/v2\/users\/1775"}],"replies":[{"embeddable":true,"href":"https:\/\/linitiative.ca\/International\/wp-json\/wp\/v2\/comments?post=37393"}],"version-history":[{"count":0,"href":"https:\/\/linitiative.ca\/International\/wp-json\/wp\/v2\/posts\/37393\/revisions"}],"wp:attachment":[{"href":"https:\/\/linitiative.ca\/International\/wp-json\/wp\/v2\/media?parent=37393"}],"wp:term":[{"taxonomy":"category","embeddable":true,"href":"https:\/\/linitiative.ca\/International\/wp-json\/wp\/v2\/categories?post=37393"},{"taxonomy":"post_tag","embeddable":true,"href":"https:\/\/linitiative.ca\/International\/wp-json\/wp\/v2\/tags?post=37393"}],"curies":[{"name":"wp","href":"https:\/\/api.w.org\/{rel}","templated":true}]}}