{"id":37394,"date":"2019-05-29T05:20:00","date_gmt":"2019-05-29T09:20:00","guid":{"rendered":"https:\/\/linitiative.ca\/International\/relations-pharmacies-laboratoires-des-medecins-veulent-une-enquete\/"},"modified":"2019-05-29T05:20:00","modified_gmt":"2019-05-29T09:20:00","slug":"relations-pharmacies-laboratoires-des-medecins-veulent-une-enquete","status":"publish","type":"post","link":"https:\/\/linitiative.ca\/International\/relations-pharmacies-laboratoires-des-medecins-veulent-une-enquete\/","title":{"rendered":"Relations pharmacies\/Laboratoires: Des m\u00e9decins veulent une enqu\u00eate"},"content":{"rendered":"<p class=\"rtejustify\">La Coordination syndicale des m\u00e9decins g\u00e9n\u00e9ralistes priv\u00e9s vient de saisir le ministre de la Sant\u00e9 au sujet des \u00ablargesses des laboratoires pharmaceutiques envers le personnel des pharmacies\u00bb. L\u2019association aurait constat\u00e9 depuis quelques temps, \u00abla multiplication des journ\u00e9es de formation au profit des employ\u00e9s de pharmacies, qui re\u00e7oivent des cadeaux dont des voyages\u00bb. Elle r\u00e9clame une enqu\u00eate pour d\u00e9terminer si cette pratique n\u2019est pas contradictoire avec les obligations de transparence dans le domaine de la sant\u00e9. A rappeler tout de m\u00eame qu&rsquo;une partie de la profession m\u00e9dicale est r\u00e9guli\u00e8rement accus\u00e9e d\u2019\u00eatre elle-m\u00eame soudoy\u00e9e par les laboratoires pharmaceutiques.<\/p>\n<p class=\"rtejustify\"><em>H.E.<\/em><\/p>\n<p>Auteur: hlafriqi<br \/>\n<a href=\"https:\/\/www.leconomiste.com\/article\/1045705-relations-pharmacies-laboratoires-des-medecins-veulent-une-enquete\">Cliquez ici pour lire l&rsquo;article depuis sa source.<\/a><\/p>\n","protected":false},"excerpt":{"rendered":"<p>La Coordination syndicale des m\u00e9decins g\u00e9n\u00e9ralistes priv\u00e9s vient de saisir le ministre de la Sant\u00e9 au sujet des \u00ablargesses des laboratoires pharmaceutiques envers le personnel des pharmacies\u00bb. L\u2019association aurait constat\u00e9 depuis quelques temps, \u00abla multiplication des journ\u00e9es de formation au profit des employ\u00e9s de pharmacies, qui re\u00e7oivent des cadeaux dont des voyages\u00bb. Elle r\u00e9clame une [&hellip;]<\/p>\n","protected":false},"author":1763,"featured_media":0,"comment_status":"closed","ping_status":"closed","sticky":false,"template":"","format":"standard","meta":{"fifu_image_url":"","fifu_image_alt":"","footnotes":""},"categories":[78,54],"tags":[],"class_list":["post-37394","post","type-post","status-publish","format-standard","hentry","category-economie","category-maroc"],"_links":{"self":[{"href":"https:\/\/linitiative.ca\/International\/wp-json\/wp\/v2\/posts\/37394","targetHints":{"allow":["GET"]}}],"collection":[{"href":"https:\/\/linitiative.ca\/International\/wp-json\/wp\/v2\/posts"}],"about":[{"href":"https:\/\/linitiative.ca\/International\/wp-json\/wp\/v2\/types\/post"}],"author":[{"embeddable":true,"href":"https:\/\/linitiative.ca\/International\/wp-json\/wp\/v2\/users\/1763"}],"replies":[{"embeddable":true,"href":"https:\/\/linitiative.ca\/International\/wp-json\/wp\/v2\/comments?post=37394"}],"version-history":[{"count":0,"href":"https:\/\/linitiative.ca\/International\/wp-json\/wp\/v2\/posts\/37394\/revisions"}],"wp:attachment":[{"href":"https:\/\/linitiative.ca\/International\/wp-json\/wp\/v2\/media?parent=37394"}],"wp:term":[{"taxonomy":"category","embeddable":true,"href":"https:\/\/linitiative.ca\/International\/wp-json\/wp\/v2\/categories?post=37394"},{"taxonomy":"post_tag","embeddable":true,"href":"https:\/\/linitiative.ca\/International\/wp-json\/wp\/v2\/tags?post=37394"}],"curies":[{"name":"wp","href":"https:\/\/api.w.org\/{rel}","templated":true}]}}