{"id":37398,"date":"2019-05-29T08:38:59","date_gmt":"2019-05-29T12:38:59","guid":{"rendered":"https:\/\/linitiative.ca\/International\/incendies-de-forets-la-mobilisation-de-mise\/"},"modified":"2019-05-29T08:38:59","modified_gmt":"2019-05-29T12:38:59","slug":"incendies-de-forets-la-mobilisation-de-mise","status":"publish","type":"post","link":"https:\/\/linitiative.ca\/International\/incendies-de-forets-la-mobilisation-de-mise\/","title":{"rendered":"Incendies de for\u00eats: la mobilisation de mise"},"content":{"rendered":"<p>Avec une superficie totale de 633.000 Ha, dont 275.371 Ha comme patrimoine forestier, un taux de couvert forestier de 43% et 130.498 Ha de for\u00eats dites \u00a0\u00bbsensibles\u00a0\u00bb aux incendies, il \u00e9tait tout \u00e0 fait logique pour la Direction provinciale des Eaux et For\u00eats et de la Lutte Contre la D\u00e9sertification (DPEFLCD) d\u2019Essaouira et ses diff\u00e9rents partenaires (autorit\u00e9s locales, Gendarmerie Royale, protection civile, Forces Arm\u00e9es Royales\u2026) de placer la pr\u00e9vention et la lutte contre ce ph\u00e9nom\u00e8ne au coeur de ses priorit\u00e9s et de sa strat\u00e9gie annuelle.<\/p>\n<p>Cette importance li\u00e9e \u00e0 la protection de la for\u00eat et sa valorisation tient \u00e9galement aux r\u00f4les multiples que joue cet espace vital d\u2019un point de vue social, \u00e9conomique, voire m\u00eame \u00e9cologique, notamment la protection contre l\u2019\u00e9rosion du sol, la lutte contre la d\u00e9sertification, l\u2019organisation du cycle hydrique, et l\u2019offre d\u2019un v\u00e9ritable espace de biodiversit\u00e9.<\/p>\n<p>N\u00e9anmoins, l\u2019espace forestier pr\u00e9sente de plus en plus des signes de vuln\u00e9rabilit\u00e9 et de fragilit\u00e9 en raison de la faiblesse de la cha\u00eene de production et d\u2019investissement, la fragilit\u00e9 des \u00e9cosyst\u00e8mes, une urbanisation galopante et la pression exerc\u00e9e par certaines activit\u00e9s comme le tourisme, un boom d\u00e9mographique effr\u00e9n\u00e9, les incendies, et la d\u00e9forestation, entre autres.<\/p>\n<p>Selon les donn\u00e9es de la DPEFLCD d\u2019Essaouira, le nombre de for\u00eats les plus expos\u00e9es aux incendies au niveau de la province est estim\u00e9 \u00e0 47, soit un total de 130.498 Ha, sachant que le degr\u00e9 de sensibilit\u00e9 d\u2019une for\u00eat aux incendies se trouve li\u00e9 \u00e0 plusieurs facteurs, notamment les esp\u00e8ces foresti\u00e8res, la densit\u00e9 des arbres et du couvert v\u00e9g\u00e9tal, la proximit\u00e9 des espaces d\u2019habitation et par rapport aux axes routiers les plus emprunt\u00e9s.<\/p>\n<p>En chiffres entre 2000 et 2018, le nombre d\u2019incendies de for\u00eats enregistr\u00e9 au niveau de la province s\u2019est \u00e9lev\u00e9 \u00e0 101, soit 700 Ha de superficie br\u00fbl\u00e9e, dont 15 incendies enregistr\u00e9s en 2004 (24,87 Ha incendi\u00e9s), 22 incendies en 2010 (234 Ha, dont 110 Ha \u00e0 la for\u00eat de thuya \u00e0 Essaouira), 11 incendies en 2011 (233 Ha dont 124 Ha \u00e0 Jbel Ihchach), 4 incendies en 2013 (15,5 Ha), et 3 incendies en 2018 (14 Ha).<\/p>\n<p>Approch\u00e9 par la MAP, M. Abdelali Oumouhab, directeur provincial des Eaux et For\u00eats, a expliqu\u00e9 que les incendies de for\u00eats sont dus g\u00e9n\u00e9ralement \u00e0 des facteurs naturels comme les tonnerres, mais aussi \u00e0 des facteurs humains engendr\u00e9s par l\u2019insouciance et la n\u00e9gligence, ou encore des comportements n\u00e9gatifs, voire des actes pr\u00e9m\u00e9dit\u00e9s tels le d\u00e9sir d\u2019\u00e9tendre des superficies cultiv\u00e9es au d\u00e9triment du patrimoine forestier, notant l\u2019existence \u00e9galement de plusieurs facteurs derri\u00e8re la propagation des feux, entre autres, la typologie des for\u00eats, l\u2019\u00e9tat annuel de la pluviom\u00e9trie, la vitesse et la direction du vent, et la topographie de la zone.<\/p>\n<p>Et de faire observer que dans le cadre de sa mobilisation permanente pour pr\u00e9venir et lutter efficacement contre les incendies de for\u00eats, la DPEFLCD veille \u00e0 la mise en oeuvre d\u2019une strat\u00e9gie bien r\u00e9fl\u00e9chie et pragmatique, bas\u00e9e sur 4 piliers fondamentaux \u00e0 savoir : la communication et la sensibilisation, le d\u00e9broussaillement et nettoiement, la coordination avec l\u2019ensemble des services concern\u00e9s, et enfin la mise en place du dispositif de pr\u00e9vention et de lutte contre ce fl\u00e9au.<\/p>\n<p>Chiffres \u00e0 l\u2019appui, M. Oumouhab a pass\u00e9 en revue l\u2019ensemble du mat\u00e9riel et des \u00e9quipements mobilis\u00e9s ainsi que les mesures prises par la DPEFLCD pour pr\u00e9venir et lutter efficacement contre les incendies de for\u00eats, notamment l\u2019implantation des guetteurs d\u2019incendies (40 au total), des tours de contr\u00f4le d\u2019incendies, la r\u00e9alisation de 66 tranch\u00e9es pare-feu couvrant une superficie foresti\u00e8re de 95.076 Ha, et l\u2019installation de points d\u2019eau de ruiss\u00e8lement.<\/p>\n<p>Et de pr\u00e9ciser que pour l\u2019ann\u00e9e en cours, une batterie de mesures sont adopt\u00e9es, dont la distribution d\u2019\u00e9quipements l\u00e9gers d\u2019extinction des feux au niveau des centres et secteurs forestiers, la tenue de r\u00e9unions avec les membres du comit\u00e9 provincial de coordination, l\u2019activation des comit\u00e9s locaux de veille et d\u2019intervention, et l\u2019\u00e9tablissement de la permanence \u00e0 partir du 1er juin au 30 septembre prochain dans l\u2019ensemble des unit\u00e9s de gestion.<\/p>\n<p>Au rang de ces mesures figurent \u00e9galement l\u2019organisation de campagnes de sensibilisation au niveau des communes, des souks hebdomadaires, et des lieux d\u2019habitations sur les mesures de pr\u00e9vention \u00e0 prendre durant la saison d\u2019\u00e9t\u00e9, ainsi que sur l\u2019alerte, la mobilisation et la lutte contre les incendies de for\u00eats, en coordination avec les autorit\u00e9s et les communes locales, et l\u2019interdiction de la fabrication du charbon de bois durant cette p\u00e9riode, outre la syviculture et la conduite du peuplement des for\u00eats sur une superficie de 2.000 Ha.<\/p>\n<p>Pour M. Oumouhab, la vigilance s\u2019impose parce que la probl\u00e9matique des incendies de for\u00eats est devenue une pr\u00e9occupation majeure, qui s\u2019accentue avec l\u2019augmentation de la vuln\u00e9rabilit\u00e9 des \u00e9cosyst\u00e8mes forestiers, notamment face aux changements climatiques et \u00e0 l\u2019accroissement du nombre des d\u00e9parts de feu.<\/p>\n<p>Il a, dans ce sens, tenu \u00e0 rappeler que la province d\u2019Essaouira a connu plusieurs incendies par rapport \u00e0 d\u2019autres provinces, notant qu\u2019en raison de son couvert v\u00e9g\u00e9tal, la province d\u2019Essaouira a \u00e9t\u00e9 aussi class\u00e9e comme \u00e9tant l\u2019une des zones \u00a0\u00bbles plus sensibles\u00a0\u00bb, et n\u00e9cessitant un effort suppl\u00e9mentaire en mati\u00e8re de pr\u00e9vention des incendies de for\u00eats d\u2019o\u00f9, a-t-il expliqu\u00e9, la mise en place d\u2019un programme important en termes d\u2019\u00e9quipements et d\u2019infrastructures d\u00e9di\u00e9s \u00e0 la pr\u00e9vention et \u00e0 la lutte contre ces incendies.<\/p>\n<p>\u00a0\u00bbN\u00e9anmoins, le nombre cons\u00e9quent d\u2019incendies survenus sur le territoire de la province, a permis d\u2019acqu\u00e9rir une certaine exp\u00e9rience et de capitaliser les acquis aupr\u00e8s des diff\u00e9rentes structures concern\u00e9es\u00a0\u00bb, a estim\u00e9 M. Oumouhab, insistant sur la n\u00e9cessit\u00e9 d\u2019accorder une importance capitale \u00e0 la sensibilisation de la population et de la soci\u00e9t\u00e9 civile afin d\u2019\u00e9viter au maximum le risque d\u2019\u00e9closion du feu, tout en veillant \u00e0 doter les communes rurales \u00e0 fort risque d\u2019incendie de mat\u00e9riels ad\u00e9quats afin de parvenir \u00e0 ma\u00eetriser un \u00e9ventuel feu \u00e0 temps tr\u00e8s court.<\/p>\n<p>Le responsable a mis en avant l\u2019importance et la pertinence d\u2019une bonne organisation, collaboration et coordination en tant que facteurs cl\u00e9s pour assurer un \u00e9change fluide et efficace d\u2019informations et une mise en synergie des moyens des diff\u00e9rents partenaires.<\/p>\n<p>In fine, la pr\u00e9vention des incendies de for\u00eats rel\u00e8ve de la responsabilit\u00e9 quotidienne de tout un chacun et ce, \u00e0 travers l\u2019adoption d\u2019un comportement citoyen, car la for\u00eat est un \u00a0\u00bbbien commun\u00a0\u00bb qu\u2019il appartient \u00e0 tous de pr\u00e9server jalousement pour les g\u00e9n\u00e9rations montantes.<\/p>\n<p>Auteur: Meriem IGASS<br \/>\n<a href=\"http:\/\/www.mapmarrakech.ma\/fr\/incendies-de-forets-la-mobilisation-et-la-vigilance-de-mise\/\">Cliquez ici pour lire l&rsquo;article depuis sa source.<\/a><\/p>\n","protected":false},"excerpt":{"rendered":"<p>Avec une superficie totale de 633.000 Ha, dont 275.371 Ha comme patrimoine forestier, un taux de couvert forestier de 43% et 130.498 Ha de for\u00eats dites \u00a0\u00bbsensibles\u00a0\u00bb aux incendies, il \u00e9tait tout \u00e0 fait logique pour la Direction provinciale des Eaux et For\u00eats et de la Lutte Contre la D\u00e9sertification (DPEFLCD) d\u2019Essaouira et ses diff\u00e9rents [&hellip;]<\/p>\n","protected":false},"author":1788,"featured_media":0,"comment_status":"closed","ping_status":"closed","sticky":false,"template":"","format":"standard","meta":{"fifu_image_url":"","fifu_image_alt":"","footnotes":""},"categories":[54,76],"tags":[],"class_list":["post-37398","post","type-post","status-publish","format-standard","hentry","category-maroc","category-regions"],"_links":{"self":[{"href":"https:\/\/linitiative.ca\/International\/wp-json\/wp\/v2\/posts\/37398","targetHints":{"allow":["GET"]}}],"collection":[{"href":"https:\/\/linitiative.ca\/International\/wp-json\/wp\/v2\/posts"}],"about":[{"href":"https:\/\/linitiative.ca\/International\/wp-json\/wp\/v2\/types\/post"}],"author":[{"embeddable":true,"href":"https:\/\/linitiative.ca\/International\/wp-json\/wp\/v2\/users\/1788"}],"replies":[{"embeddable":true,"href":"https:\/\/linitiative.ca\/International\/wp-json\/wp\/v2\/comments?post=37398"}],"version-history":[{"count":0,"href":"https:\/\/linitiative.ca\/International\/wp-json\/wp\/v2\/posts\/37398\/revisions"}],"wp:attachment":[{"href":"https:\/\/linitiative.ca\/International\/wp-json\/wp\/v2\/media?parent=37398"}],"wp:term":[{"taxonomy":"category","embeddable":true,"href":"https:\/\/linitiative.ca\/International\/wp-json\/wp\/v2\/categories?post=37398"},{"taxonomy":"post_tag","embeddable":true,"href":"https:\/\/linitiative.ca\/International\/wp-json\/wp\/v2\/tags?post=37398"}],"curies":[{"name":"wp","href":"https:\/\/api.w.org\/{rel}","templated":true}]}}