{"id":37399,"date":"2019-05-29T06:05:04","date_gmt":"2019-05-29T10:05:04","guid":{"rendered":"https:\/\/linitiative.ca\/International\/cdg-bcp-un-soutien-important-aux-pme\/"},"modified":"2019-05-29T06:05:04","modified_gmt":"2019-05-29T10:05:04","slug":"cdg-bcp-un-soutien-important-aux-pme","status":"publish","type":"post","link":"https:\/\/linitiative.ca\/International\/cdg-bcp-un-soutien-important-aux-pme\/","title":{"rendered":"CDG-BCP : un soutien important aux PME"},"content":{"rendered":"<p>La filiale du groupe Caisse de d\u00e9p\u00f4t et de gestion (CDG), Fin\u00e9a, et la Banque centrale populaire (BCP) ont sign\u00e9, mardi, une convention de refinancement en faveur des <strong>petites et moyennes entreprises<\/strong> (PME) d\u2019un montant de plus d\u2019un milliard de dirhams.<\/p>\n<div class=\"c10\"\/>\n<p>Paraph\u00e9e par l\u2019Administrateur directeur g\u00e9n\u00e9ral (DG) de Fin\u00e9a, Ali Bensouda, et le DG de la BCP, Kamal Mokdad, cette convention porte sur une ligne de cr\u00e9dit qui permettra \u00e0 la banque, \u00e0 travers sa filiale Maroc Leasing, de financer, \u00e0 des conditions avantageuses, les projets d\u2019investissement et les besoins en tr\u00e9sorerie des PME exer\u00e7ant dans tous les secteurs productifs de l\u2019\u00e9conomie nationale, indique un communiqu\u00e9 conjoint de Fin\u00e9a, CDG et BCP.<\/p>\n<p>Cette signature, qui intervient apr\u00e8s la contractualisation d\u2019une ligne de refinancement avec la Banque europ\u00e9enne d\u2019investissement (BEI), repr\u00e9sente une nouvelle contribution majeure du groupe CDG, \u00e0 travers Fin\u00e9a, en faveur du d\u00e9veloppement des PME marocaines, ajoute le communiqu\u00e9.<\/p>\n<p>Elle confirme \u00e9galement le r\u00f4le de la CDG en tant que tiers de confiance et le positionnement de Fin\u00e9a en tant qu\u2019\u00e9tablissement de place anim\u00e9 par une mission d\u2019int\u00e9r\u00eat g\u00e9n\u00e9ral, combinant le financement, le refinancement et le cofinancement, conform\u00e9ment \u00e0 son plan de d\u00e9veloppement strat\u00e9gique CAP 22, ajoute la m\u00eame source.<\/p>\n<p>En outre, ce nouveau partenariat vient soutenir le dispositif d\u00e9ploy\u00e9 par la BCP dans le cadre de sa strat\u00e9gie d\u2019accompagnement de la PME marocaine et de relance de l\u2019investissement, en s\u2019appuyant notamment sur la proximit\u00e9 et la r\u00e9activit\u00e9 de ses banques r\u00e9gionales ainsi que sur le d\u00e9veloppement d\u2019une offre de services innovante, rel\u00e8ve la m\u00eame source, pr\u00e9cisant que les formules de financement propos\u00e9es permettent de renforcer les capacit\u00e9s des PME et de mettre \u00e0 leur disposition des solutions de financement appropri\u00e9es.<\/p>\n<p>Sur ces cinq derni\u00e8res ann\u00e9es, la BCP et la CDG avaient conclu deux partenariats similaires ayant pour mission premi\u00e8re le financement de la PME marocaine, principal vecteur de croissance et de cr\u00e9ation d\u2019emplois pour le pays.<\/p>\n<p>La c\u00e9r\u00e9monie de signature de cette convention a \u00e9t\u00e9 pr\u00e9sid\u00e9e par le DG de la CDG, Abdellatif Zaghnoun, et le PDG de la BCP, Mohamed Karim Mounir.<\/p>\n<div class=\"c17\">\n<fieldset class=\"c16\">\n<legend><strong><span class=\"c11\">Challenge<\/span><span class=\"c12\">news<\/span><\/strong><\/legend>\n<div class=\"c15\">Le meilleur de la r\u00e9daction s\u00e9lectionn\u00e9 par Challenge :<\/p>\n<\/div>\n<\/fieldset>\n<\/div>\n<p>Auteur: challenge<br \/>\n<a href=\"https:\/\/www.challenge.ma\/cdg-bcp-un-soutien-important-aux-pme-109798\/\">Cliquez ici pour lire l&rsquo;article depuis sa source.<\/a><\/p>\n","protected":false},"excerpt":{"rendered":"<p>La filiale du groupe Caisse de d\u00e9p\u00f4t et de gestion (CDG), Fin\u00e9a, et la Banque centrale populaire (BCP) ont sign\u00e9, mardi, une convention de refinancement en faveur des petites et moyennes entreprises (PME) d\u2019un montant de plus d\u2019un milliard de dirhams. Paraph\u00e9e par l\u2019Administrateur directeur g\u00e9n\u00e9ral (DG) de Fin\u00e9a, Ali Bensouda, et le DG de [&hellip;]<\/p>\n","protected":false},"author":1787,"featured_media":0,"comment_status":"closed","ping_status":"closed","sticky":false,"template":"","format":"standard","meta":{"fifu_image_url":"","fifu_image_alt":"","footnotes":""},"categories":[78,54],"tags":[],"class_list":["post-37399","post","type-post","status-publish","format-standard","hentry","category-economie","category-maroc"],"_links":{"self":[{"href":"https:\/\/linitiative.ca\/International\/wp-json\/wp\/v2\/posts\/37399","targetHints":{"allow":["GET"]}}],"collection":[{"href":"https:\/\/linitiative.ca\/International\/wp-json\/wp\/v2\/posts"}],"about":[{"href":"https:\/\/linitiative.ca\/International\/wp-json\/wp\/v2\/types\/post"}],"author":[{"embeddable":true,"href":"https:\/\/linitiative.ca\/International\/wp-json\/wp\/v2\/users\/1787"}],"replies":[{"embeddable":true,"href":"https:\/\/linitiative.ca\/International\/wp-json\/wp\/v2\/comments?post=37399"}],"version-history":[{"count":0,"href":"https:\/\/linitiative.ca\/International\/wp-json\/wp\/v2\/posts\/37399\/revisions"}],"wp:attachment":[{"href":"https:\/\/linitiative.ca\/International\/wp-json\/wp\/v2\/media?parent=37399"}],"wp:term":[{"taxonomy":"category","embeddable":true,"href":"https:\/\/linitiative.ca\/International\/wp-json\/wp\/v2\/categories?post=37399"},{"taxonomy":"post_tag","embeddable":true,"href":"https:\/\/linitiative.ca\/International\/wp-json\/wp\/v2\/tags?post=37399"}],"curies":[{"name":"wp","href":"https:\/\/api.w.org\/{rel}","templated":true}]}}