{"id":37403,"date":"2019-05-29T05:53:50","date_gmt":"2019-05-29T09:53:50","guid":{"rendered":"https:\/\/linitiative.ca\/International\/preoccupations-du-parti-attalia-risque-de-desintegration-du-front-populaire\/"},"modified":"2019-05-29T05:53:50","modified_gmt":"2019-05-29T09:53:50","slug":"preoccupations-du-parti-attalia-risque-de-desintegration-du-front-populaire","status":"publish","type":"post","link":"https:\/\/linitiative.ca\/International\/preoccupations-du-parti-attalia-risque-de-desintegration-du-front-populaire\/","title":{"rendered":"Pr\u00e9occupations du parti \u00ab Attalia \u00bb :  Risque de d\u00e9sint\u00e9gration du Front populaire"},"content":{"rendered":"<p>IL y a p\u00e9ril en la demeure au sein du Front populaire depuis l\u2019annonce de l\u2019intention de Mongi Rahoui de pr\u00e9senter sa candidature \u00e0 la pr\u00e9sidentielle, ce qui a m\u00e9content\u00e9 Hamma Hammami, le porte-parole du Front qui croit qu\u2019il est le seul ayant le droit de briguer ce poste.<\/p>\n<p>Le parti \u00ab\u00a0Attalia\u00a0\u00bb (Parti d\u2019avant-garde arabe d\u00e9mocratique), membre du Front populaire, a exprim\u00e9, <a>hier<\/a>, sa profonde inqui\u00e9tude face \u00e0 la situation du Front populaire.<\/p>\n<p>Le parti a soulign\u00e9 son attachement \u00e0 l\u2019unit\u00e9 de la formation politique et au maintien de son bloc parlementaire. \u00bb Attalia n\u2019\u00e9pargnera aucun effort, pour aplanir les obstacles afin de pouvoir participer aux prochaines \u00e9lections avec un front unifi\u00e9 \u00ab , lit-on dans un communiqu\u00e9 publi\u00e9 par le parti.<\/p>\n<p>Attalia a d\u00e9cid\u00e9 de maintenir le bureau politique, qui s\u2019est r\u00e9uni dimanche pour examiner les derniers d\u00e9veloppements conernant le front et prendre les mesures qui s\u2019imposent dans ce sens.<\/p>\n<p>D\u2019autre part, le parti s\u2019est f\u00e9licit\u00e9 de l\u2019augmentation du nombre des nouveaux inscrits sur le registre \u00e9lectoral, exprimant sa grande pr\u00e9occupation face \u00e0 la grave d\u00e9t\u00e9rioration du climat politique. Il a notamment d\u00e9plor\u00e9 l\u2019afflux de l\u2019argent politique suspect, la propagation du n\u00e9potisme, le non respect des r\u00e8gles du jeu d\u00e9mocratique et l\u2019utilisation flagrante des moyens de l\u2019Etat par certains partis de la coalition au pouvoir.<\/p>\n<p>Le parti a, \u00e9galement, regrett\u00e9 l\u2019exploitation de la d\u00e9gradation des conditions de vie des citoyens et \u00ab l\u2019achat des consciences \u00bb.<\/p>\n<p>Rappelons que Zouheir Hamdi, membre du conseil central du front populaire et secr\u00e9taire g\u00e9n\u00e9ral du courant populaire, avait d\u00e9clar\u00e9 \u00e0 la TAP, que le d\u00e9saccord sur le candidat du FP \u00e0 la pr\u00e9sidentielle persiste et affecte la relation entre les diff\u00e9rentes composantes du Front.<\/p>\n<p>Des composantes du Front proposent Hamma Hammami candidat \u00e0 la pr\u00e9sidentielle, alors qu\u2019une partie du FP, qualifi\u00e9e de minoritaire par Zouheir Hamdi, d\u00e9fend la candidature de Mongi Rahoui.<\/p>\n<p class=\"dpsp-share-text\">Partager c&rsquo;est aimer!<\/p>\n<div class=\"wp-post-author-wrap wp-post-author-shortcode left\">\n<h3 class=\"awpa-title\"\/>\n<div class=\"wp-post-author\">\n<div class=\"awpa-img awpa-author-block square\"><a href=\"http:\/\/lexpertjournal.net\/fr\/author\/expert\/\"><img loading=\"lazy\" decoding=\"async\" alt=\"\" src=\"http:\/\/2.gravatar.com\/avatar\/56d99be2a6f97af88ccb49fada637fcd?s=150&#038;d=mm&#038;r=g\" srcset=\"http:\/\/2.gravatar.com\/avatar\/56d99be2a6f97af88ccb49fada637fcd?s=300&#038;d=mm&#038;r=g 2x\" class=\"avatar avatar-150 photo\" height=\"150\" width=\"150\"\/><\/a><\/div>\n<\/div>\n<\/div>\n<p>Auteur: L&rsquo;expert<br \/>\n<a href=\"http:\/\/lexpertjournal.net\/fr\/2019\/05\/29\/preoccupations-du-parti-attalia-risque-de-desintegration-du-front-populaire\/\">Cliquez ici pour lire l&rsquo;article depuis sa source.<\/a><\/p>\n","protected":false},"excerpt":{"rendered":"<p>IL y a p\u00e9ril en la demeure au sein du Front populaire depuis l\u2019annonce de l\u2019intention de Mongi Rahoui de pr\u00e9senter sa candidature \u00e0 la pr\u00e9sidentielle, ce qui a m\u00e9content\u00e9 Hamma Hammami, le porte-parole du Front qui croit qu\u2019il est le seul ayant le droit de briguer ce poste. Le parti \u00ab\u00a0Attalia\u00a0\u00bb (Parti d\u2019avant-garde arabe [&hellip;]<\/p>\n","protected":false},"author":1775,"featured_media":0,"comment_status":"closed","ping_status":"closed","sticky":false,"template":"","format":"standard","meta":{"fifu_image_url":"","fifu_image_alt":"","footnotes":""},"categories":[78,55],"tags":[],"class_list":["post-37403","post","type-post","status-publish","format-standard","hentry","category-economie","category-tunisie"],"_links":{"self":[{"href":"https:\/\/linitiative.ca\/International\/wp-json\/wp\/v2\/posts\/37403","targetHints":{"allow":["GET"]}}],"collection":[{"href":"https:\/\/linitiative.ca\/International\/wp-json\/wp\/v2\/posts"}],"about":[{"href":"https:\/\/linitiative.ca\/International\/wp-json\/wp\/v2\/types\/post"}],"author":[{"embeddable":true,"href":"https:\/\/linitiative.ca\/International\/wp-json\/wp\/v2\/users\/1775"}],"replies":[{"embeddable":true,"href":"https:\/\/linitiative.ca\/International\/wp-json\/wp\/v2\/comments?post=37403"}],"version-history":[{"count":0,"href":"https:\/\/linitiative.ca\/International\/wp-json\/wp\/v2\/posts\/37403\/revisions"}],"wp:attachment":[{"href":"https:\/\/linitiative.ca\/International\/wp-json\/wp\/v2\/media?parent=37403"}],"wp:term":[{"taxonomy":"category","embeddable":true,"href":"https:\/\/linitiative.ca\/International\/wp-json\/wp\/v2\/categories?post=37403"},{"taxonomy":"post_tag","embeddable":true,"href":"https:\/\/linitiative.ca\/International\/wp-json\/wp\/v2\/tags?post=37403"}],"curies":[{"name":"wp","href":"https:\/\/api.w.org\/{rel}","templated":true}]}}