{"id":37404,"date":"2019-05-29T05:20:00","date_gmt":"2019-05-29T09:20:00","guid":{"rendered":"https:\/\/linitiative.ca\/International\/somed-rachete-le-groupe-scolaire-elbilia\/"},"modified":"2019-05-29T05:20:00","modified_gmt":"2019-05-29T09:20:00","slug":"somed-rachete-le-groupe-scolaire-elbilia","status":"publish","type":"post","link":"https:\/\/linitiative.ca\/International\/somed-rachete-le-groupe-scolaire-elbilia\/","title":{"rendered":"Somed rach\u00e8te le groupe scolaire Elbilia"},"content":{"rendered":"<p class=\"rtejustify\">Le groupe scolaire Elbilia vient d\u2019\u00eatre rachet\u00e9 par Somed. Les contrats de rachat devaient \u00eatre sign\u00e9s, hier lundi 27 mai. Les n\u00e9gociations avaient \u00e9t\u00e9 enclench\u00e9es il y a plus d\u2019un an entre l\u2019ex-PDG de Somed Marouane Tarafa et Mustapha Andaloussi, fondateur directeur g\u00e9n\u00e9ral. Celui-ci devrait rester dans le management du groupe scolaire pendant deux ann\u00e9es. Le montant de la transaction n\u2019a pas \u00e9t\u00e9 d\u00e9voil\u00e9.<\/p>\n<p class=\"rtejustify\"><em>H.E.\u00a0<\/em><\/p>\n<p>Auteur: hlafriqi<br \/>\n<a href=\"https:\/\/www.leconomiste.com\/article\/1045703-somed-rachete-le-groupe-scolaire-elbilia\">Cliquez ici pour lire l&rsquo;article depuis sa source.<\/a><\/p>\n","protected":false},"excerpt":{"rendered":"<p>Le groupe scolaire Elbilia vient d\u2019\u00eatre rachet\u00e9 par Somed. Les contrats de rachat devaient \u00eatre sign\u00e9s, hier lundi 27 mai. Les n\u00e9gociations avaient \u00e9t\u00e9 enclench\u00e9es il y a plus d\u2019un an entre l\u2019ex-PDG de Somed Marouane Tarafa et Mustapha Andaloussi, fondateur directeur g\u00e9n\u00e9ral. Celui-ci devrait rester dans le management du groupe scolaire pendant deux ann\u00e9es. [&hellip;]<\/p>\n","protected":false},"author":1763,"featured_media":0,"comment_status":"closed","ping_status":"closed","sticky":false,"template":"","format":"standard","meta":{"fifu_image_url":"","fifu_image_alt":"","footnotes":""},"categories":[78,54],"tags":[],"class_list":["post-37404","post","type-post","status-publish","format-standard","hentry","category-economie","category-maroc"],"_links":{"self":[{"href":"https:\/\/linitiative.ca\/International\/wp-json\/wp\/v2\/posts\/37404","targetHints":{"allow":["GET"]}}],"collection":[{"href":"https:\/\/linitiative.ca\/International\/wp-json\/wp\/v2\/posts"}],"about":[{"href":"https:\/\/linitiative.ca\/International\/wp-json\/wp\/v2\/types\/post"}],"author":[{"embeddable":true,"href":"https:\/\/linitiative.ca\/International\/wp-json\/wp\/v2\/users\/1763"}],"replies":[{"embeddable":true,"href":"https:\/\/linitiative.ca\/International\/wp-json\/wp\/v2\/comments?post=37404"}],"version-history":[{"count":0,"href":"https:\/\/linitiative.ca\/International\/wp-json\/wp\/v2\/posts\/37404\/revisions"}],"wp:attachment":[{"href":"https:\/\/linitiative.ca\/International\/wp-json\/wp\/v2\/media?parent=37404"}],"wp:term":[{"taxonomy":"category","embeddable":true,"href":"https:\/\/linitiative.ca\/International\/wp-json\/wp\/v2\/categories?post=37404"},{"taxonomy":"post_tag","embeddable":true,"href":"https:\/\/linitiative.ca\/International\/wp-json\/wp\/v2\/tags?post=37404"}],"curies":[{"name":"wp","href":"https:\/\/api.w.org\/{rel}","templated":true}]}}