{"id":37405,"date":"2019-05-29T06:26:27","date_gmt":"2019-05-29T10:26:27","guid":{"rendered":"https:\/\/linitiative.ca\/International\/caf-le-wac-conteste-grisha-suspendu-pour-six-mois\/"},"modified":"2019-05-29T06:26:27","modified_gmt":"2019-05-29T10:26:27","slug":"caf-le-wac-conteste-grisha-suspendu-pour-six-mois","status":"publish","type":"post","link":"https:\/\/linitiative.ca\/International\/caf-le-wac-conteste-grisha-suspendu-pour-six-mois\/","title":{"rendered":"CAF : Le WAC conteste, Grisha suspendu pour six mois"},"content":{"rendered":"<p>La faible prestation de l\u2019arbitre \u00e9gyptien <strong>Gehad Grisha<\/strong> pendant la finale aller de la Ligue des champions d\u2019Afrique, entre le Wydad de Casablanca et l\u2019Esp\u00e9rance de Tunis, samedi dernier, le conduit vers une suspension de six mois, a annonc\u00e9, mardi, la Conf\u00e9d\u00e9ration africaine de football (CAF).<\/p>\n<div class=\"c10\"\/>\n<p>\u201cSuite \u00e0 la premi\u00e8re \u00e9tape de la finale du Total Champions League disput\u00e9e au stade Prince Moulay Abdallah \u00e0 Rabat, le 24 mai 2019, entre le Wydad Athletic Club\u00a0(WAC) et l\u2019Esp\u00e9rance de Tunis (EST), le comit\u00e9 des arbitres de la Conf\u00e9d\u00e9ration africaine de football a d\u00e9cid\u00e9 de suspendre Gehad Grisha pour une p\u00e9riode de six mois en raison de mauvaises performances\u201d, indique le communiqu\u00e9.<\/p>\n<p>Lire aussi: <a href=\"https:\/\/www.challenge.ma\/finale-champions-league-les-esperantistes-tire-a-boulets-rouges-sur-ultra-winners-109722\/\" target=\"_blank\" rel=\"noopener noreferrer\">Finale Champions League : Les esp\u00e9rantistes tire \u00e0 boulets rouges sur ultra Winners<\/a><\/p>\n<p>Un arbitrage scandaleux, a pouss\u00e9 le pr\u00e9sident du WAC, Said Naciri, \u00e0 adresser, samedi dernier, une lettre d\u00e9taill\u00e9e \u00e0 l\u2019instance dirigeante du football africain, \u00e9num\u00e9rant plusieurs fautes d\u2019arbitrage, dont un but non comptabilis\u00e9, un penalty non siffl\u00e9 et un carton jaune non accord\u00e9 au capitaine de l\u2019EST Khalil Chemmam, suite \u00e0 un tacle sur Walid El Karti. Le club casablancais a aussi demand\u00e9 la validation du but (47e) refus\u00e9 par la VAR, et le changement du score \u00e0 2-1.<\/p>\n<p><img loading=\"lazy\" decoding=\"async\" class=\"alignnone size-medium wp-image-109760\" src=\"https:\/\/www.challenge.ma\/wp-content\/uploads\/2019\/05\/WhatsApp-Image-2019-05-29-at-10.00.32-225x300.jpeg\" alt=\"\" width=\"225\" height=\"300\" srcset=\"https:\/\/www.challenge.ma\/wp-content\/uploads\/2019\/05\/WhatsApp-Image-2019-05-29-at-10.00.32-225x300.jpeg 225w, https:\/\/www.challenge.ma\/wp-content\/uploads\/2019\/05\/WhatsApp-Image-2019-05-29-at-10.00.32-360x480.jpeg 360w, https:\/\/www.challenge.ma\/wp-content\/uploads\/2019\/05\/WhatsApp-Image-2019-05-29-at-10.00.32.jpeg 480w\" sizes=\"auto, (max-width: 225px) 100vw, 225px\"\/><\/p>\n<p>De son c\u00f4t\u00e9, la FRMF a annonc\u00e9 dimanche dernier avoir envoy\u00e9 une lettre \u00e0 la CAF pour contester \u00e9galement l\u2019arbitrage de l\u2019Egyptien Jihad Gricha lors de la finale-aller de la Ligue des Champions d\u2019Afrique entre le Wydad de Casablanca et l\u2019Esp\u00e9rance sportive de Tunis (EST).<\/p>\n<div class=\"c17\">\n<fieldset class=\"c16\">\n<legend><strong><span class=\"c11\">Challenge<\/span><span class=\"c12\">news<\/span><\/strong><\/legend>\n<div class=\"c15\">Le meilleur de la r\u00e9daction s\u00e9lectionn\u00e9 par Challenge :<\/p>\n<\/div>\n<\/fieldset>\n<\/div>\n<p>Auteur: Hajar DARI<br \/>\n<a href=\"https:\/\/www.challenge.ma\/caf-le-wac-conteste-grisha-suspendu-pour-six-mois-109758\/\">Cliquez ici pour lire l&rsquo;article depuis sa source.<\/a><\/p>\n","protected":false},"excerpt":{"rendered":"<p>La faible prestation de l\u2019arbitre \u00e9gyptien Gehad Grisha pendant la finale aller de la Ligue des champions d\u2019Afrique, entre le Wydad de Casablanca et l\u2019Esp\u00e9rance de Tunis, samedi dernier, le conduit vers une suspension de six mois, a annonc\u00e9, mardi, la Conf\u00e9d\u00e9ration africaine de football (CAF). \u201cSuite \u00e0 la premi\u00e8re \u00e9tape de la finale du [&hellip;]<\/p>\n","protected":false},"author":1787,"featured_media":37410,"comment_status":"closed","ping_status":"closed","sticky":false,"template":"","format":"standard","meta":{"fifu_image_url":"","fifu_image_alt":"","footnotes":""},"categories":[78,54],"tags":[],"class_list":["post-37405","post","type-post","status-publish","format-standard","has-post-thumbnail","hentry","category-economie","category-maroc"],"_links":{"self":[{"href":"https:\/\/linitiative.ca\/International\/wp-json\/wp\/v2\/posts\/37405","targetHints":{"allow":["GET"]}}],"collection":[{"href":"https:\/\/linitiative.ca\/International\/wp-json\/wp\/v2\/posts"}],"about":[{"href":"https:\/\/linitiative.ca\/International\/wp-json\/wp\/v2\/types\/post"}],"author":[{"embeddable":true,"href":"https:\/\/linitiative.ca\/International\/wp-json\/wp\/v2\/users\/1787"}],"replies":[{"embeddable":true,"href":"https:\/\/linitiative.ca\/International\/wp-json\/wp\/v2\/comments?post=37405"}],"version-history":[{"count":0,"href":"https:\/\/linitiative.ca\/International\/wp-json\/wp\/v2\/posts\/37405\/revisions"}],"wp:featuredmedia":[{"embeddable":true,"href":"https:\/\/linitiative.ca\/International\/wp-json\/"}],"wp:attachment":[{"href":"https:\/\/linitiative.ca\/International\/wp-json\/wp\/v2\/media?parent=37405"}],"wp:term":[{"taxonomy":"category","embeddable":true,"href":"https:\/\/linitiative.ca\/International\/wp-json\/wp\/v2\/categories?post=37405"},{"taxonomy":"post_tag","embeddable":true,"href":"https:\/\/linitiative.ca\/International\/wp-json\/wp\/v2\/tags?post=37405"}],"curies":[{"name":"wp","href":"https:\/\/api.w.org\/{rel}","templated":true}]}}