{"id":37429,"date":"2019-05-29T07:24:13","date_gmt":"2019-05-29T11:24:13","guid":{"rendered":"https:\/\/linitiative.ca\/International\/jared-kushner-conseiller-principal-du-president-americain\/"},"modified":"2019-05-29T07:24:13","modified_gmt":"2019-05-29T11:24:13","slug":"jared-kushner-conseiller-principal-du-president-americain","status":"publish","type":"post","link":"https:\/\/linitiative.ca\/International\/jared-kushner-conseiller-principal-du-president-americain\/","title":{"rendered":"Jared Kushner, Conseiller principal du Pr\u00e9sident am\u00e9ricain"},"content":{"rendered":"<p>Le Maroc est un pays \u00ab\u00a0ami et alli\u00e9 important\u00a0\u00bb des Etats-Unis, a indiqu\u00e9 le repr\u00e9sentant sp\u00e9cial am\u00e9ricain pour les n\u00e9gociations internationales, Jason Greenblatt. Greenbalt a exprim\u00e9 sa reconnaissance \u00e0 Sa Majest\u00e9 le Roi Mohammed VI pour \u00ab\u00a0le partage de Votre sagesse\u00a0\u00bb, \u00e0 l\u2019occasion d\u2019un iftar offert mardi par le Souverain, en l\u2019honneur de <strong>Jared Kushner<\/strong>, Conseiller principal du Pr\u00e9sident am\u00e9ricain.<\/p>\n<div class=\"c10\"\/>\n<p>Dans un tweet, Greenblatt s\u2019est dit \u00ab\u00a0honor\u00e9\u00a0\u00bb d\u2019avoir pris part \u00e0 cet iftar.<\/p>\n<p>Auparavant, SM le Roi a eu des entretiens avec Jared Kushner qui ont port\u00e9 sur le renforcement du partenariat strat\u00e9gique ancien, solide et multidimensionnel entre le Maroc et les Etats-Unis, ainsi que sur les \u00e9volutions et d\u00e9veloppements que connait la r\u00e9gion de l\u2019Afrique du Nord et du Moyen-Orient.<\/p>\n<div class=\"c17\">\n<fieldset class=\"c16\">\n<legend><strong><span class=\"c11\">Challenge<\/span><span class=\"c12\">news<\/span><\/strong><\/legend>\n<div class=\"c15\">Le meilleur de la r\u00e9daction s\u00e9lectionn\u00e9 par Challenge :<\/p>\n<\/div>\n<\/fieldset>\n<\/div>\n<p>Auteur: challenge<br \/>\n<a href=\"https:\/\/www.challenge.ma\/il-fait-lactu-jared-kushner-conseiller-principal-du-president-americain-109794\/\">Cliquez ici pour lire l&rsquo;article depuis sa source.<\/a><\/p>\n","protected":false},"excerpt":{"rendered":"<p>Le Maroc est un pays \u00ab\u00a0ami et alli\u00e9 important\u00a0\u00bb des Etats-Unis, a indiqu\u00e9 le repr\u00e9sentant sp\u00e9cial am\u00e9ricain pour les n\u00e9gociations internationales, Jason Greenblatt. Greenbalt a exprim\u00e9 sa reconnaissance \u00e0 Sa Majest\u00e9 le Roi Mohammed VI pour \u00ab\u00a0le partage de Votre sagesse\u00a0\u00bb, \u00e0 l\u2019occasion d\u2019un iftar offert mardi par le Souverain, en l\u2019honneur de Jared Kushner, [&hellip;]<\/p>\n","protected":false},"author":1787,"featured_media":0,"comment_status":"closed","ping_status":"closed","sticky":false,"template":"","format":"standard","meta":{"fifu_image_url":"","fifu_image_alt":"","footnotes":""},"categories":[78,54],"tags":[],"class_list":["post-37429","post","type-post","status-publish","format-standard","hentry","category-economie","category-maroc"],"_links":{"self":[{"href":"https:\/\/linitiative.ca\/International\/wp-json\/wp\/v2\/posts\/37429","targetHints":{"allow":["GET"]}}],"collection":[{"href":"https:\/\/linitiative.ca\/International\/wp-json\/wp\/v2\/posts"}],"about":[{"href":"https:\/\/linitiative.ca\/International\/wp-json\/wp\/v2\/types\/post"}],"author":[{"embeddable":true,"href":"https:\/\/linitiative.ca\/International\/wp-json\/wp\/v2\/users\/1787"}],"replies":[{"embeddable":true,"href":"https:\/\/linitiative.ca\/International\/wp-json\/wp\/v2\/comments?post=37429"}],"version-history":[{"count":0,"href":"https:\/\/linitiative.ca\/International\/wp-json\/wp\/v2\/posts\/37429\/revisions"}],"wp:attachment":[{"href":"https:\/\/linitiative.ca\/International\/wp-json\/wp\/v2\/media?parent=37429"}],"wp:term":[{"taxonomy":"category","embeddable":true,"href":"https:\/\/linitiative.ca\/International\/wp-json\/wp\/v2\/categories?post=37429"},{"taxonomy":"post_tag","embeddable":true,"href":"https:\/\/linitiative.ca\/International\/wp-json\/wp\/v2\/tags?post=37429"}],"curies":[{"name":"wp","href":"https:\/\/api.w.org\/{rel}","templated":true}]}}