{"id":37435,"date":"2019-05-29T06:23:28","date_gmt":"2019-05-29T10:23:28","guid":{"rendered":"https:\/\/linitiative.ca\/International\/jean-david-levitte-la-reussite-de-la-tunisie-sera-un-formidable-message-pour-le-monde-entier\/"},"modified":"2019-05-29T06:23:28","modified_gmt":"2019-05-29T10:23:28","slug":"jean-david-levitte-la-reussite-de-la-tunisie-sera-un-formidable-message-pour-le-monde-entier","status":"publish","type":"post","link":"https:\/\/linitiative.ca\/International\/jean-david-levitte-la-reussite-de-la-tunisie-sera-un-formidable-message-pour-le-monde-entier\/","title":{"rendered":"Jean David Levitte : \u00ab La r\u00e9ussite de la Tunisie sera un formidable message pour le monde entier \u00bb"},"content":{"rendered":"<p>Le diplomate fran\u00e7ais et ambassadeur dignitaire de France M.Jean David Levitte a tenu ce vendredi 24 mai une premi\u00e8re conf\u00e9rence au si\u00e8ge de l\u2019UTICA sous le th\u00e8me \u00ab Quel ordre mondial pour le 21\u00e8me si\u00e8cle ? \u00bb, la deuxi\u00e8me,\u00a0 samedi 25 mai m\u00eame lieu Et s\u2019intitule \u00ab Dans ce nouveau contexte mondial, comment la Tunisie et ses entreprises peuvent-elles au mieux jouer leurs atouts ? \u00bb.Cl\u00f4turant un ShortMBA Diplomatie \u00e9conomique et Lobbying lanc\u00e9 en janvier dernier et qui a vu la pr\u00e9sence de plusieurs personnalit\u00e9s politiques tant sur le plan national qu\u2019international.M.Ghazi Mabrouk initiateur du projet, ainsi qu\u2019euro-lobbyiste et conseiller sp\u00e9cial du secr\u00e9taire g\u00e9n\u00e9ral de l\u2019UMA a annonc\u00e9 la fin de la premi\u00e8re promotion de ShortMBA qui porte le nom \u00ab Mongi Slim \u00bb par la pr\u00e9paration du m\u00e9moire qui va prendre la forme d\u2019un m\u00e9morandum pour un cas d\u2019esp\u00e8ce qui concerne le prochain sommet du G7. \u00a0\u00a0Mme Houbeb Ajmi directrice g\u00e9n\u00e9rale d\u2019Honoris Tunisie a initi\u00e9 cette conf\u00e9rence en pr\u00e9sence de deux imminentes personnalit\u00e9s diplomatiques M. Habib Yahia et M.Ahmed Ounaies elle a salu\u00e9 et en rendu hommage \u00e0 cet invit\u00e9 de haut rang \u00ab afin de former \u00e0 bien cette g\u00e9n\u00e9ration, nous avons besoin de l\u2019expertise, l\u2019intelligence, mais aussi de personnalit\u00e9s du calibre de son excellence \u00bb elle a notamment pr\u00e9cis\u00e9 que \u00ab l\u2019universit\u00e9 centrale est pluridisciplinaire et fait partie d\u2019Honoris United Universities le premier r\u00e9seau panafricain d\u2019enseignement sup\u00e9rieur priv\u00e9 avec plus de 32000 \u00e9tudiants \u00bb elle a \u00e9galement soulign\u00e9 la pr\u00e9sence d\u2019Honoris dans 7 pays d\u2019Afrique en plus de la Tunisie du Maroc et de l\u2019Afrique du Sud ajoutant que l\u2019objectif majeur de ce ShortMBA\u00ab est de voir plus de lobbyistes tunisiens pour ne pas passer \u00e0 cot\u00e9 de bonnes opportunit\u00e9s par ce que nous n\u2019avons pas assez de personnes pouvant d\u00e9fendre les acquis qu\u2019enregistre constamment notre pays. \u00bb<\/p>\n<ul class=\"wp-block-gallery columns-1 is-cropped\">\n<li class=\"blocks-gallery-item\"><img decoding=\"async\" src=\"http:\/\/lexpertjournal.net\/fr\/wp-content\/uploads\/sites\/2\/2019\/05\/JDL2-1024x576.png\" alt=\"\" data-id=\"7792\" data-link=\"http:\/\/lexpertjournal.net\/fr\/?attachment_id=7792\" class=\"wp-image-7792\" srcset=\"http:\/\/lexpertjournal.net\/fr\/wp-content\/uploads\/sites\/2\/2019\/05\/JDL2-1024x576.png 1024w, http:\/\/lexpertjournal.net\/fr\/wp-content\/uploads\/sites\/2\/2019\/05\/JDL2-300x169.png 300w, http:\/\/lexpertjournal.net\/fr\/wp-content\/uploads\/sites\/2\/2019\/05\/JDL2-768x432.png 768w\" sizes=\"(max-width: 1024px) 100vw, 1024px\"\/><\/li>\n<\/ul>\n<p>Venu apporter et partager son expertise, sa vision, mais aussi son exp\u00e9rience de la politique, de la diplomatie et des relations internationales aux \u00e9tudiants du ShortMBA \u00abDiplomatie \u00e9conomique et Lobbying\u00bb de l\u2019universit\u00e9 Centrale, M.Levitte s\u2019est exprim\u00e9 sur les enjeux internationaux par lesquels passe notre monde d\u2019aujourd\u2019hui, qui \u00ab sont en constante \u00e9volution, nous sommes pass\u00e9s par 3 mondialisations la premi\u00e8re est celle de Christophe Colomb et des marins espagnols et portugais, la deuxi\u00e8me \u00e9tait celle des empires coloniaux, la troisi\u00e8me et derni\u00e8re est celle que nous vivons aujourd\u2019hui\u00a0celle qui marque une rupture avec le monde bipolaire dans le quel nous vivions pour donner lieu \u00e0 un monde multipolaire \u00bb.Sur le dangereux face \u00e0 face americo-chinois avec un pr\u00e9sident am\u00e9ricain impr\u00e9visible, les r\u00e9percussions d\u2019une guerre \u00e9conomique et commerciale entres les deux superpuissances seraient \u00ab tr\u00e8s graves et auraient de lourdes cons\u00e9quences sur tous les pays, notamment la Tunisie. \u00bb<br \/>Il a d\u2019un autre cot\u00e9 mis l\u2019accent sur la tendance de certains pays \u00e0 opter vers le nationalisme en qualifiant ce choix non pas de nationalisme mais \u00ab de populisme r\u00e9fractaire.\u00bbInterrog\u00e9 sur la Tunisie M.Levitte a tenu a exprimer sa totale confiance en ce pays et en son peuple pour \u00ab pour \u00eatre l\u2019exemple d\u2019une transformation d\u00e9mocratique qui a impressionn\u00e9 partout dans le monde. \u00bbIl a \u00e9galement abord\u00e9 la ren\u00e9gociation du partenariat avec l\u2019union europ\u00e9enne en esp\u00e9rant que celle-ci soit un succ\u00e8s car\u00a0\u00ab nos destins sont li\u00e9s et la r\u00e9ussite de la Tunisie sera un formidable message pour le monde entier et nous avons donc int\u00e9r\u00eat \u00e0 vous aider \u00e0 r\u00e9ussir et \u00e0 transformer l\u2019essai de la d\u00e9mocratie vers la r\u00e9ussite \u00e9conomique. \u00bb\u00a0<\/p>\n<p class=\"dpsp-share-text\">Partager c&rsquo;est aimer!<\/p>\n<div class=\"wp-post-author-wrap wp-post-author-shortcode left\">\n<h3 class=\"awpa-title\"\/>\n<div class=\"wp-post-author\">\n<div class=\"awpa-img awpa-author-block square\"><a href=\"http:\/\/lexpertjournal.net\/fr\/author\/expert\/\"><img loading=\"lazy\" decoding=\"async\" alt=\"\" src=\"http:\/\/2.gravatar.com\/avatar\/56d99be2a6f97af88ccb49fada637fcd?s=150&#038;d=mm&#038;r=g\" srcset=\"http:\/\/2.gravatar.com\/avatar\/56d99be2a6f97af88ccb49fada637fcd?s=300&#038;d=mm&#038;r=g 2x\" class=\"avatar avatar-150 photo\" height=\"150\" width=\"150\"\/><\/a><\/div>\n<\/div>\n<\/div>\n<p>Auteur: L&rsquo;expert<br \/>\n<a href=\"http:\/\/lexpertjournal.net\/fr\/2019\/05\/29\/jean-david-levitte-la-reussite-de-la-tunisie-sera-un-formidable-message-pour-le-monde-entier\/\">Cliquez ici pour lire l&rsquo;article depuis sa source.<\/a><\/p>\n","protected":false},"excerpt":{"rendered":"<p>Le diplomate fran\u00e7ais et ambassadeur dignitaire de France M.Jean David Levitte a tenu ce vendredi 24 mai une premi\u00e8re conf\u00e9rence au si\u00e8ge de l\u2019UTICA sous le th\u00e8me \u00ab Quel ordre mondial pour le 21\u00e8me si\u00e8cle ? \u00bb, la deuxi\u00e8me,\u00a0 samedi 25 mai m\u00eame lieu Et s\u2019intitule \u00ab Dans ce nouveau contexte mondial, comment la Tunisie [&hellip;]<\/p>\n","protected":false},"author":1775,"featured_media":37443,"comment_status":"closed","ping_status":"closed","sticky":false,"template":"","format":"standard","meta":{"fifu_image_url":"","fifu_image_alt":"","footnotes":""},"categories":[78,55],"tags":[],"class_list":["post-37435","post","type-post","status-publish","format-standard","has-post-thumbnail","hentry","category-economie","category-tunisie"],"_links":{"self":[{"href":"https:\/\/linitiative.ca\/International\/wp-json\/wp\/v2\/posts\/37435","targetHints":{"allow":["GET"]}}],"collection":[{"href":"https:\/\/linitiative.ca\/International\/wp-json\/wp\/v2\/posts"}],"about":[{"href":"https:\/\/linitiative.ca\/International\/wp-json\/wp\/v2\/types\/post"}],"author":[{"embeddable":true,"href":"https:\/\/linitiative.ca\/International\/wp-json\/wp\/v2\/users\/1775"}],"replies":[{"embeddable":true,"href":"https:\/\/linitiative.ca\/International\/wp-json\/wp\/v2\/comments?post=37435"}],"version-history":[{"count":0,"href":"https:\/\/linitiative.ca\/International\/wp-json\/wp\/v2\/posts\/37435\/revisions"}],"wp:featuredmedia":[{"embeddable":true,"href":"https:\/\/linitiative.ca\/International\/wp-json\/"}],"wp:attachment":[{"href":"https:\/\/linitiative.ca\/International\/wp-json\/wp\/v2\/media?parent=37435"}],"wp:term":[{"taxonomy":"category","embeddable":true,"href":"https:\/\/linitiative.ca\/International\/wp-json\/wp\/v2\/categories?post=37435"},{"taxonomy":"post_tag","embeddable":true,"href":"https:\/\/linitiative.ca\/International\/wp-json\/wp\/v2\/tags?post=37435"}],"curies":[{"name":"wp","href":"https:\/\/api.w.org\/{rel}","templated":true}]}}