{"id":37445,"date":"2019-05-29T12:07:43","date_gmt":"2019-05-29T16:07:43","guid":{"rendered":"https:\/\/linitiative.ca\/International\/pres-de-50-artisans-participent-a-la-foire-de-lartisanat-a-alger\/"},"modified":"2019-05-29T12:07:43","modified_gmt":"2019-05-29T16:07:43","slug":"pres-de-50-artisans-participent-a-la-foire-de-lartisanat-a-alger","status":"publish","type":"post","link":"https:\/\/linitiative.ca\/International\/pres-de-50-artisans-participent-a-la-foire-de-lartisanat-a-alger\/","title":{"rendered":"<div>Pr\u00e8s de 50 artisans participent \u00e0 la foire de l&rsquo;artisanat \u00e0 Alger<\/div>"},"content":{"rendered":"<div>\n<div class=\"K2FeedImage\"><img decoding=\"async\" src=\"http:\/\/www.aps.dz\/media\/k2\/items\/cache\/1d00803501e0fca467d052cdeec29f7d_S.jpg\" alt=\"Un des exposant de l'\u00e9v\u00e8nement \/ 28-05-2019 \/ Facebook : @algerietourismeartisanat\"><\/div>\n<div class=\"K2FeedIntroText\">\n<p><strong>ALGER &#8211; La foire de l&rsquo;artisanat qui a ouvert ses portes, mardi soir \u00e0 Alger, a vu la participation de pr\u00e8s de 50 artisans venus des quatre coins du pays pour exposer diff\u00e9rentes cr\u00e9ations mettant en valeur l&rsquo;authentique patrimoine alg\u00e9rien.<\/strong><\/p>\n<\/div>\n<div class=\"K2FeedFullText\">\n<p>Organis\u00e9 avec la participation des Chambres d&rsquo;artisanat et des m\u00e9tiers (CAM) de plusieurs wilayas du pays, le rendez-vous permet de d\u00e9couvrir, quatre jour durant, les joyeux de l&rsquo;artisanat alg\u00e9rien confectionn\u00e9s par des artistes qui ont excell\u00e9 afin de rendre des produits de qualit\u00e9 et contribuer \u00e0 la sauvegarde du patrimoine.\u00a0\u00a0\u00a0\u00a0<\/p>\n<p>Divers produits artisanaux sont expos\u00e9s, dans le cadre de cette manifestation, dont la poterie, la c\u00e9ramique, la dinanderie, la joaillerie, le textile, la broderie, tenues traditionnelles, cuisine et g\u00e2teaux traditionnels.<\/p>\n<p>Dans une d\u00e9claration \u00e0 la presse au terme de la c\u00e9r\u00e9monie d&rsquo;inauguration de l&rsquo;\u00e9v\u00e8nement, le ministre du Tourisme et de l&rsquo;Artisanat, Abdelkader Benmessaoud a indiqu\u00e9 \u00ab\u00a0l&rsquo;organisation de ce genre d&rsquo;\u00e9v\u00e8nements dans cette p\u00e9riode permettra aux citoyens de se pr\u00e9parer \u00e0 la f\u00eate de l&rsquo;Aid El-Fitr\u00a0\u00bb.<\/p>\n<p>\u00ab\u00a0Les produits d&rsquo;artisanat trouvent leur place dans les diff\u00e9rents espaces publics voire m\u00eame sur les plages lors de la saison estivale avec des prix raisonnables\u00a0\u00bb, s&rsquo;est r\u00e9jouit le ministre, soulignant l&rsquo;importance d&rsquo;organiser ses \u00e9v\u00e8nements dans toutes les r\u00e9gions du pays pour donner la chance \u00e0 tous les artisans pour la promotion et la pr\u00e9servation du patrimoine national\u00a0\u00bb.<\/p>\n<hr>\n<p><em><strong>Lire aussi:\u00a0<a href=\"http:\/\/www.aps.dz\/culture\/89279-exposition-d-artisanat-au-palais-de-la-culture\">Exposition d&rsquo;<span class=\"highlight\">artisanat<\/span>\u00a0au Palais de la culture<\/a><\/strong><\/em><\/p>\n<hr>\n<p>M. Benmessaoud a mis l&rsquo;accent, par la m\u00eame, sur \u00ab\u00a0la promotion du produit traditionnel, sa protection contre la contrefa\u00e7on, la facilitation de l&rsquo;acc\u00e8s \u00e0 la mati\u00e8re premi\u00e8re, le renforcement de la formation pour am\u00e9liorer la qualit\u00e9 et l&rsquo;encouragement de la cr\u00e9ativit\u00e9\u00a0\u00bb. Il a appel\u00e9 \u00e9galement les responsables des structures h\u00f4teli\u00e8res publiques et priv\u00e9es \u00e0 r\u00e9server des espaces pour exposer ces produits et meubler les h\u00f4tels avec des produits traditionnels\u00a0\u00bb.<\/p>\n<p>Approch\u00e9 par l&rsquo;APS, le maitre dinandier, Said Adman de la Casbah a soulign\u00e9 la n\u00e9cessit\u00e9 de pr\u00e9server ces \u0153uvres d&rsquo;arts authentiques transmises de p\u00e8re en fils, ajoutant que malgr\u00e9 la difficult\u00e9 de la dinanderie, ce m\u00e9tier met en valeur l&rsquo;authenticit\u00e9 et la civilisation du peuple alg\u00e9rien\u00a0\u00bb.<\/p>\n<p>Le maitre dinandier a appel\u00e9 les pouvoir publics, dans ce sens, \u00e0 \u00ab\u00a0aider les dinandiers en leur d\u00e9diant des espaces pour promouvoir, exposer et vendre leurs produits, tr\u00e8s convoit\u00e9s par les touristes \u00e9trangers\u00a0\u00bb.<\/p>\n<p>D&rsquo;autres artisans ont insist\u00e9 sur la n\u00e9cessit\u00e9 d&rsquo;assurer la mati\u00e8re premi\u00e8re telle que la p\u00e2te pour la c\u00e9ramique et le corail et l&rsquo;argent pour la joaillerie.<\/p>\n<\/div>\n<\/div>\n<p>Auteur:<br \/>\n<a href=\"http:\/\/www.aps.dz\/culture\/90018-pres-de-50-artisans-participent-a-la-foire-de-l-artisanat-a-alger\">Cliquez ici pour lire l&rsquo;article depuis sa source.<\/a><\/p>\n","protected":false},"excerpt":{"rendered":"<p>ALGER &#8211; La foire de l&rsquo;artisanat qui a ouvert ses portes, mardi soir \u00e0 Alger, a vu la participation de pr\u00e8s de 50 artisans venus des quatre coins du pays pour exposer diff\u00e9rentes cr\u00e9ations mettant en valeur l&rsquo;authentique patrimoine alg\u00e9rien. Organis\u00e9 avec la participation des Chambres d&rsquo;artisanat et des m\u00e9tiers (CAM) de plusieurs wilayas du [&hellip;]<\/p>\n","protected":false},"author":1790,"featured_media":37456,"comment_status":"closed","ping_status":"closed","sticky":false,"template":"","format":"standard","meta":{"fifu_image_url":"","fifu_image_alt":"","footnotes":""},"categories":[53,79],"tags":[],"class_list":["post-37445","post","type-post","status-publish","format-standard","has-post-thumbnail","hentry","category-algerie","category-culture"],"_links":{"self":[{"href":"https:\/\/linitiative.ca\/International\/wp-json\/wp\/v2\/posts\/37445","targetHints":{"allow":["GET"]}}],"collection":[{"href":"https:\/\/linitiative.ca\/International\/wp-json\/wp\/v2\/posts"}],"about":[{"href":"https:\/\/linitiative.ca\/International\/wp-json\/wp\/v2\/types\/post"}],"author":[{"embeddable":true,"href":"https:\/\/linitiative.ca\/International\/wp-json\/wp\/v2\/users\/1790"}],"replies":[{"embeddable":true,"href":"https:\/\/linitiative.ca\/International\/wp-json\/wp\/v2\/comments?post=37445"}],"version-history":[{"count":0,"href":"https:\/\/linitiative.ca\/International\/wp-json\/wp\/v2\/posts\/37445\/revisions"}],"wp:featuredmedia":[{"embeddable":true,"href":"https:\/\/linitiative.ca\/International\/wp-json\/"}],"wp:attachment":[{"href":"https:\/\/linitiative.ca\/International\/wp-json\/wp\/v2\/media?parent=37445"}],"wp:term":[{"taxonomy":"category","embeddable":true,"href":"https:\/\/linitiative.ca\/International\/wp-json\/wp\/v2\/categories?post=37445"},{"taxonomy":"post_tag","embeddable":true,"href":"https:\/\/linitiative.ca\/International\/wp-json\/wp\/v2\/tags?post=37445"}],"curies":[{"name":"wp","href":"https:\/\/api.w.org\/{rel}","templated":true}]}}