{"id":37471,"date":"2019-05-29T06:15:00","date_gmt":"2019-05-29T10:15:00","guid":{"rendered":"https:\/\/linitiative.ca\/International\/elections-europeennes-un-parlement-fragmente\/"},"modified":"2019-05-29T06:15:00","modified_gmt":"2019-05-29T10:15:00","slug":"elections-europeennes-un-parlement-fragmente","status":"publish","type":"post","link":"https:\/\/linitiative.ca\/International\/elections-europeennes-un-parlement-fragmente\/","title":{"rendered":"Elections europ\u00e9ennes: Un Parlement fragment\u00e9\u2026"},"content":{"rendered":"<div readability=\"36\">\n<p>La dispersion des voix augure de difficiles tractations<\/p>\n<p>Un sommet \u00e0 la lumi\u00e8re des r\u00e9sultats<\/p>\n<p>D\u00e9but des n\u00e9gociations pour les postes-cl\u00e9s<\/p>\n<\/div>\n<div readability=\"124\">\n<div class=\"dnd-atom-wrapper type-image context-sdl_editor_representation\" contenteditable=\"false\">\n<div class=\"dnd-drop-wrapper image\"><img loading=\"lazy\" decoding=\"async\" typeof=\"foaf:Image\" class=\"img-responsive\" src=\"https:\/\/www.leconomiste.com\/sites\/default\/files\/eco7\/public\/thumbnails\/image\/elections_ue_025.jpg\" width=\"800\" height=\"415\" alt=\"elections_ue_025.jpg\" title=\"elections_ue_025.jpg\"\/><\/div>\n<\/div>\n<p class=\"rtejustify\">Le sommet informel pr\u00e9vu ce mardi 28 mai dans la soir\u00e9e verra le d\u00e9but des discussions entre chefs d\u2019Etat et de gouvernement de l\u2019UE pour choisir les nouveaux dirigeants des institutions europ\u00e9ennes. Les d\u00e9bats pour les postes-cl\u00e9s s\u2019annoncent rudes apr\u00e8s les europ\u00e9ennes qui ont accouch\u00e9 dimanche d\u2019un Parlement plus fragment\u00e9 apr\u00e8s la pouss\u00e9e, certes limit\u00e9e par rapport aux pr\u00e9visions, des partis eurosceptiques et la nette progression des \u00e9cologistes et des lib\u00e9raux.<\/p>\n<p class=\"rtejustify\">Les grandes man\u0153uvres sont d\u00e9j\u00e0 lanc\u00e9es. Le pr\u00e9sident fran\u00e7ais Emmanuel Macron, qui a perdu son pari face \u00e0 Marine Le Pen, devait recevoir le Premier ministre socialiste espagnol Pedro Sanchez, avant de d\u00e9jeuner mardi \u00e0 Bruxelles avec plusieurs dirigeants. Ces derniers jours, il avait re\u00e7u le N\u00e9erlandais Mark Rutte et le Portugais Antonio Costa et a \u00e9galement appel\u00e9 dimanche soir au t\u00e9l\u00e9phone la chanceli\u00e8re Angela Merkel.<\/p>\n<p class=\"rtejustify\">Il faudra aux 28 tirer les le\u00e7ons du nouvel \u00e9quilibre des forces au Parlement. Dop\u00e9s par les scores des partis de Marine Le Pen et Matteo Salvini, mais aussi celui du parti pro-Brexit de Nigel Farage au Royaume-Uni, les eurosceptiques devraient remplir, toutes tendances confondues, jusqu\u2019\u00e0 un quart de l\u2019h\u00e9micycle (171 si\u00e8ges selon les projections les plus r\u00e9centes contre 155 dans l\u2019h\u00e9micycle sortant).<\/p>\n<p class=\"rtejustify\">L\u2019\u00e9lection a \u00e9galement \u00e9t\u00e9 marqu\u00e9e par la perc\u00e9e des \u00e9cologistes, port\u00e9s par les Verts allemands et la surprenante troisi\u00e8me place des Verts fran\u00e7ais, ainsi qu\u2019un groupe lib\u00e9ral centriste revigor\u00e9 par les troupes d\u2019Emmanuel Macron. Ils participent \u00e0 une reconfiguration d\u2019un Parlement europ\u00e9en o\u00f9 l\u2019h\u00e9g\u00e9monie de la grande coalition men\u00e9e par le PPE (centre droite) et du S&#038;D (centre gauche) prend fin.<\/p>\n<p class=\"rtejustify\">Le PPE (182 si\u00e8ges selon les derni\u00e8res projections fournies par le Parlement europ\u00e9en, contre 216 actuellement) et les sociaux-d\u00e9mocrates (S&#038;D, 147 si\u00e8ges contre 185) restent les deux principales formations de l\u2019h\u00e9micycle europ\u00e9en. Cependant, ils perdent leur capacit\u00e9 \u00e0 r\u00e9unir \u00e0 eux seuls une majorit\u00e9 pour faire passer des textes l\u00e9gislatifs. Ils devront composer avec les \u00e9cologistes, qui grimpent de 52 \u00e0 69 si\u00e8ges, et les Lib\u00e9raux (Alde), qui obtiennent 109 si\u00e8ges contre 69.<\/p>\n<p class=\"rtejustify\">Les eurosceptiques, quant \u00e0 eux, dont la pouss\u00e9e annonc\u00e9e a \u00e9t\u00e9 limit\u00e9e, devraient avoir du mal \u00e0 pr\u00e9senter un front uni. Si le Rassemblement national de Marine Le Pen a appel\u00e9 \u00e0 la constitution d\u2019un groupe puissant au Parlement europ\u00e9en, ces diverses forces h\u00e9t\u00e9roclites ont montr\u00e9 par le pass\u00e9 qu\u2019elles avaient du mal \u00e0 surmonter leurs diff\u00e9rences.<\/p>\n<p class=\"rtejustify\">Marine Le Pen esp\u00e8re, avec la Ligue de Matteo Salvini (28 si\u00e8ges \u00e0 elle seule), f\u00e9d\u00e9rer une large alliance de partis nationalistes, eurosceptiques et populistes. Leur groupe parlementaire, l\u2019ENL, est cr\u00e9dit\u00e9 de 58 si\u00e8ges (contre 37).<\/p>\n<p class=\"rtejustify\">Mais il semble difficile qu\u2019ils arrivent \u00e0 convaincre les autres d\u2019un rapprochement: l\u2019EFDD, o\u00f9 si\u00e8ge le Mouvement Cinq Etoiles italien et que devrait rallier le nouveau parti europhobe de Nigel Farage, grand vainqueur des \u00e9lections au Royaume-Uni (29 si\u00e8ges), ou encore les conservateurs du groupe CRE (Tories britanniques et Polonais au pouvoir du PiS, 59 si\u00e8ges au total).<\/p>\n<p class=\"rtejustify\">Ce r\u00e9\u00e9quilibrage des forces au sein de l\u2019h\u00e9micycle devrait compliquer les discussions qui s\u2019ouvrent sur les principaux postes \u00e0 la t\u00eate des institutions europ\u00e9ennes. Un premier bras de fer s\u2019annonce entre le Parlement europ\u00e9en et le Conseil, qui regroupe les chefs d\u2019Etat et de gouvernement.<\/p>\n<p class=\"rtejustify\">Le premier (fort d\u2019un bond de la participation: un \u00e9lecteur sur deux s\u2019est d\u00e9plac\u00e9) estime que le futur pr\u00e9sident de la Commission europ\u00e9enne doit \u00eatre l\u2019un des candidats t\u00eate de liste. A ce titre, les dirigeants du PPE ont imm\u00e9diatement r\u00e9clam\u00e9 le poste pour leur chef de file (ou Spitzenkandidat selon le terme allemand), l\u2019Allemand Manfred Weber, un conservateur dont le profil divise.<\/p>\n<p class=\"rtejustify\">Une \u00e9quation encore compliqu\u00e9e par l\u2019exigence impos\u00e9e par l\u2019UE d\u2019\u00e9quilibres politiques, g\u00e9ographiques, d\u00e9mographiques, de parit\u00e9 hommes-femmes entre l\u2019ensemble des postes de haut niveau. Outre la Commission, il faudra nommer un nouveau pr\u00e9sident du Conseil, de la Banque centrale europ\u00e9enne ou encore le tr\u00e8s convoit\u00e9 poste de chef de la diplomatie.o<\/p>\n<p class=\"rtejustify\"><em>F. Z. T. avec agences<\/em><\/p>\n<p class=\"rtejustify\">\u00a0<\/p>\n<\/div>\n<p>Auteur: hlafriqi<br \/>\n<a href=\"https:\/\/www.leconomiste.com\/article\/1045692-elections-europeennes-un-parlement-fragmente\">Cliquez ici pour lire l&rsquo;article depuis sa source.<\/a><\/p>\n","protected":false},"excerpt":{"rendered":"<p>La dispersion des voix augure de difficiles tractations Un sommet \u00e0 la lumi\u00e8re des r\u00e9sultats D\u00e9but des n\u00e9gociations pour les postes-cl\u00e9s Le sommet informel pr\u00e9vu ce mardi 28 mai dans la soir\u00e9e verra le d\u00e9but des discussions entre chefs d\u2019Etat et de gouvernement de l\u2019UE pour choisir les nouveaux dirigeants des institutions europ\u00e9ennes. Les d\u00e9bats [&hellip;]<\/p>\n","protected":false},"author":1763,"featured_media":37480,"comment_status":"closed","ping_status":"closed","sticky":false,"template":"","format":"standard","meta":{"fifu_image_url":"","fifu_image_alt":"","footnotes":""},"categories":[78,54],"tags":[],"class_list":["post-37471","post","type-post","status-publish","format-standard","has-post-thumbnail","hentry","category-economie","category-maroc"],"_links":{"self":[{"href":"https:\/\/linitiative.ca\/International\/wp-json\/wp\/v2\/posts\/37471","targetHints":{"allow":["GET"]}}],"collection":[{"href":"https:\/\/linitiative.ca\/International\/wp-json\/wp\/v2\/posts"}],"about":[{"href":"https:\/\/linitiative.ca\/International\/wp-json\/wp\/v2\/types\/post"}],"author":[{"embeddable":true,"href":"https:\/\/linitiative.ca\/International\/wp-json\/wp\/v2\/users\/1763"}],"replies":[{"embeddable":true,"href":"https:\/\/linitiative.ca\/International\/wp-json\/wp\/v2\/comments?post=37471"}],"version-history":[{"count":0,"href":"https:\/\/linitiative.ca\/International\/wp-json\/wp\/v2\/posts\/37471\/revisions"}],"wp:featuredmedia":[{"embeddable":true,"href":"https:\/\/linitiative.ca\/International\/wp-json\/"}],"wp:attachment":[{"href":"https:\/\/linitiative.ca\/International\/wp-json\/wp\/v2\/media?parent=37471"}],"wp:term":[{"taxonomy":"category","embeddable":true,"href":"https:\/\/linitiative.ca\/International\/wp-json\/wp\/v2\/categories?post=37471"},{"taxonomy":"post_tag","embeddable":true,"href":"https:\/\/linitiative.ca\/International\/wp-json\/wp\/v2\/tags?post=37471"}],"curies":[{"name":"wp","href":"https:\/\/api.w.org\/{rel}","templated":true}]}}