{"id":37477,"date":"2019-05-29T04:30:45","date_gmt":"2019-05-29T08:30:45","guid":{"rendered":"https:\/\/linitiative.ca\/International\/marche-republicaine-en-hommage-au-militant-fekhar-a-bouira\/"},"modified":"2019-05-29T04:30:45","modified_gmt":"2019-05-29T08:30:45","slug":"marche-republicaine-en-hommage-au-militant-fekhar-a-bouira","status":"publish","type":"post","link":"https:\/\/linitiative.ca\/International\/marche-republicaine-en-hommage-au-militant-fekhar-a-bouira\/","title":{"rendered":"Marche \u00abr\u00e9publicaine\u00bb en hommage au militant Fekhar \u00e0 Bouira"},"content":{"rendered":"<h4 class=\"title-14\"\/>\n<p>La tristesse se lisait sur les visages des avocats et enseignants, rassembl\u00e9s hier devant la cour de justice de Bouira, apr\u00e8s la triste nouvelle annon\u00e7ant le d\u00e9c\u00e8s du militant politique et d\u00e9fenseur des droits humains, le Dr Kamel Eddine Fekhar, \u00e0 l\u2019h\u00f4pital de Blida. L\u2019information est tomb\u00e9e tel un couperet, car personne ne s\u2019y attendait, bien que son avocat et des membres de sa famille ont alert\u00e9 l\u2019opinion publique sur sa sant\u00e9 apr\u00e8s une gr\u00e8ve de la faim de 53 jours.<\/p>\n<p>Certains manifestants, dont des journalistes, ont fondu en larmes. \u00abYa Kamel, Ya Fekhar \u00e7a nouwasil el Kifah, on va continuer le combat\u00bb, scandaient des avocats, enseignants adh\u00e9rents du syndicat Cnapeste, du Cnes, des \u00e9tudiants du campus universitaire Akli Mohand Oulhadj et des fonctionnaires des administrations publiques et priv\u00e9es, ayant pris part \u00e0 une marche appel\u00e9e \u00abla manif\u2019 r\u00e9publicaine\u00bb, qui s\u2019est \u00e9branl\u00e9e du si\u00e8ge de la cour \u00e0 celui de la wilaya, a-t-on constat\u00e9. \u00abJe n\u2019arrive pas \u00e0 y croire. C\u2019est un assassinat\u00bb, dit en larmes Benyoucef, qui nous montrait sur son t\u00e9l\u00e9phone portable la photo des trois enfants du militant, largement diffus\u00e9e sur les r\u00e9seaux sociaux, appelant \u00e0 la lib\u00e9ration de leur p\u00e8re. Les marcheurs ont d\u00e9ploy\u00e9 des banderoles sur lesquelles sont port\u00e9s des messages r\u00e9clamant une transition d\u00e9mocratique sans \u00ables symboles du r\u00e9gime\u00bb. En plus de cette revendication l\u00e9gitime, la foule a scand\u00e9 des slogans hostiles au g\u00e9n\u00e9ral de corps d\u2019arm\u00e9e, Ahmed Ga\u00efd Salah, de facto, l\u2019homme fort du pays. \u00abGa\u00efd Salah d\u00e9gage\u00bb, \u00abGa\u00efd chiat des Imarates\u00bb. \u00abL\u2019Alg\u00e9rie n\u2019est pas l\u2019Egypte. Lib\u00e9rez l\u2019Alg\u00e9rie\u00bb, \u00abL\u2019Alg\u00e9rie est une R\u00e9publique, ce n\u2019est pas une monarchie !\u00bb ont-ils cri\u00e9 \u00e0 gorge d\u00e9ploy\u00e9e. La foule a battu le pav\u00e9, \u00e0 travers les ruelles de la ville. Des citoyens ont d\u00e9cid\u00e9 de rejoindre la procession en scandant d\u2019autres slogans : \u00abPouvoir assassin. Pouvoir assassin\u00bb. La marche s\u2019est d\u00e9roul\u00e9e dans un climat pacifique, avec en t\u00eate le carr\u00e9 des robes noires et des militants du RCD.<\/p>\n<p><span class=\"post-views-label\">Post Views:<\/span> <span class=\"post-views-count\">68<\/span><\/p>\n<p>Auteur: Hicham Chouadria<br \/>\n<a href=\"https:\/\/www.elwatan.com\/edition\/actualite\/marche-republicaine-en-hommage-au-militant-fekhar-a-bouira-29-05-2019\">Cliquez ici pour lire l&rsquo;article depuis sa source.<\/a><\/p>\n","protected":false},"excerpt":{"rendered":"<p>La tristesse se lisait sur les visages des avocats et enseignants, rassembl\u00e9s hier devant la cour de justice de Bouira, apr\u00e8s la triste nouvelle annon\u00e7ant le d\u00e9c\u00e8s du militant politique et d\u00e9fenseur des droits humains, le Dr Kamel Eddine Fekhar, \u00e0 l\u2019h\u00f4pital de Blida. L\u2019information est tomb\u00e9e tel un couperet, car personne ne s\u2019y attendait, [&hellip;]<\/p>\n","protected":false},"author":1743,"featured_media":0,"comment_status":"closed","ping_status":"closed","sticky":false,"template":"","format":"standard","meta":{"fifu_image_url":"","fifu_image_alt":"","footnotes":""},"categories":[73,53],"tags":[],"class_list":["post-37477","post","type-post","status-publish","format-standard","hentry","category-actualite","category-algerie"],"_links":{"self":[{"href":"https:\/\/linitiative.ca\/International\/wp-json\/wp\/v2\/posts\/37477","targetHints":{"allow":["GET"]}}],"collection":[{"href":"https:\/\/linitiative.ca\/International\/wp-json\/wp\/v2\/posts"}],"about":[{"href":"https:\/\/linitiative.ca\/International\/wp-json\/wp\/v2\/types\/post"}],"author":[{"embeddable":true,"href":"https:\/\/linitiative.ca\/International\/wp-json\/wp\/v2\/users\/1743"}],"replies":[{"embeddable":true,"href":"https:\/\/linitiative.ca\/International\/wp-json\/wp\/v2\/comments?post=37477"}],"version-history":[{"count":0,"href":"https:\/\/linitiative.ca\/International\/wp-json\/wp\/v2\/posts\/37477\/revisions"}],"wp:attachment":[{"href":"https:\/\/linitiative.ca\/International\/wp-json\/wp\/v2\/media?parent=37477"}],"wp:term":[{"taxonomy":"category","embeddable":true,"href":"https:\/\/linitiative.ca\/International\/wp-json\/wp\/v2\/categories?post=37477"},{"taxonomy":"post_tag","embeddable":true,"href":"https:\/\/linitiative.ca\/International\/wp-json\/wp\/v2\/tags?post=37477"}],"curies":[{"name":"wp","href":"https:\/\/api.w.org\/{rel}","templated":true}]}}