{"id":37481,"date":"2019-05-29T09:42:00","date_gmt":"2019-05-29T13:42:00","guid":{"rendered":"https:\/\/linitiative.ca\/International\/manifestation-a-ghardaia-pour-reclamer-justice-sur-sa-mort\/"},"modified":"2019-05-29T09:42:00","modified_gmt":"2019-05-29T13:42:00","slug":"manifestation-a-ghardaia-pour-reclamer-justice-sur-sa-mort","status":"publish","type":"post","link":"https:\/\/linitiative.ca\/International\/manifestation-a-ghardaia-pour-reclamer-justice-sur-sa-mort\/","title":{"rendered":"Manifestation \u00e0 Ghardaia pour r\u00e9clamer justice sur sa mort"},"content":{"rendered":"<div id=\"originalText\" readability=\"45\">\n<p class=\"c10\">Une centaine de manifestants s\u2019est rassembl\u00e9e ce mercredi matin au centre-ville de la wilaya de Ghardaia pour d\u00e9noncer\u00a0le d\u00e9c\u00e8s en d\u00e9tention du militant des droits de l\u2019Homme, le Dr Kamal-Eddine Fekhar.<\/p>\n<p class=\"c10\">La mort de l\u2019activiste \u00e0 la suite d\u2019une longue gr\u00e8ve de la faim observ\u00e9e en prison, a suscit\u00e9 \u00e9galement la col\u00e8re des habitants de Ghardaia qui ont observ\u00e9 un sit-in devant le tribunal de la wilaya pour r\u00e9clamer justice.<\/p>\n<p class=\"c10\">Selon plusieurs sources, notamment son avocat Me Salah Dabouz, le d\u00e9funt sera enterr\u00e9 au carr\u00e9 des ibadites du cimeti\u00e8re d\u2019El Alia.<\/p>\n<p><iframe loading=\"lazy\" allowfullscreen=\"true\" allowtransparency=\"true\" frameborder=\"0\" height=\"476\" scrolling=\"no\" src=\"https:\/\/www.facebook.com\/plugins\/video.php?href=https%3A%2F%2Fwww.facebook.com%2Fammarisco%2Fvideos%2F1207546226080855%2F&#038;show_text=0&#038;width=267\" class=\"c11\" width=\"267\">[embedded content]<\/iframe><\/p>\n<p class=\"c12\"><strong>Im\u00e8ne AMOKRANE<\/strong><\/p>\n<\/div>\n<div id=\"text_core\" readability=\"45\">\n<p class=\"c10\">Une centaine de manifestants s\u2019est rassembl\u00e9e ce mercredi matin au centre-ville de la wilaya de Ghardaia pour d\u00e9noncer\u00a0le d\u00e9c\u00e8s en d\u00e9tention du militant des droits de l\u2019Homme, le Dr Kamal-Eddine Fekhar.<\/p>\n<p class=\"c10\">La mort de l\u2019activiste \u00e0 la suite d\u2019une longue gr\u00e8ve de la faim observ\u00e9e en prison, a suscit\u00e9 \u00e9galement la col\u00e8re des habitants de Ghardaia qui ont observ\u00e9 un sit-in devant le tribunal de la wilaya pour r\u00e9clamer justice.<\/p>\n<p class=\"c10\">Selon plusieurs sources, notamment son avocat Me Salah Dabouz, le d\u00e9funt sera enterr\u00e9 au carr\u00e9 des ibadites du cimeti\u00e8re d\u2019El Alia.<\/p>\n<p><iframe loading=\"lazy\" allowfullscreen=\"true\" allowtransparency=\"true\" frameborder=\"0\" height=\"476\" scrolling=\"no\" src=\"https:\/\/www.facebook.com\/plugins\/video.php?href=https%3A%2F%2Fwww.facebook.com%2Fammarisco%2Fvideos%2F1207546226080855%2F&#038;show_text=0&#038;width=267\" class=\"c11\" width=\"267\">[embedded content]<\/iframe><\/p>\n<p class=\"c12\"><strong>Im\u00e8ne AMOKRANE<\/strong><\/p>\n<\/div>\n<p>Auteur:<br \/>\n<a href=\"https:\/\/www.liberte-algerie.com\/actualite\/manifestation-a-ghardaia-pour-reclamer-justice-sur-sa-mort-316903\">Cliquez ici pour lire l&rsquo;article depuis sa source.<\/a><\/p>\n","protected":false},"excerpt":{"rendered":"<p>Une centaine de manifestants s\u2019est rassembl\u00e9e ce mercredi matin au centre-ville de la wilaya de Ghardaia pour d\u00e9noncer\u00a0le d\u00e9c\u00e8s en d\u00e9tention du militant des droits de l\u2019Homme, le Dr Kamal-Eddine Fekhar. La mort de l\u2019activiste \u00e0 la suite d\u2019une longue gr\u00e8ve de la faim observ\u00e9e en prison, a suscit\u00e9 \u00e9galement la col\u00e8re des habitants de [&hellip;]<\/p>\n","protected":false},"author":1742,"featured_media":0,"comment_status":"closed","ping_status":"closed","sticky":false,"template":"","format":"standard","meta":{"fifu_image_url":"","fifu_image_alt":"","footnotes":""},"categories":[73,53],"tags":[],"class_list":["post-37481","post","type-post","status-publish","format-standard","hentry","category-actualite","category-algerie"],"_links":{"self":[{"href":"https:\/\/linitiative.ca\/International\/wp-json\/wp\/v2\/posts\/37481","targetHints":{"allow":["GET"]}}],"collection":[{"href":"https:\/\/linitiative.ca\/International\/wp-json\/wp\/v2\/posts"}],"about":[{"href":"https:\/\/linitiative.ca\/International\/wp-json\/wp\/v2\/types\/post"}],"author":[{"embeddable":true,"href":"https:\/\/linitiative.ca\/International\/wp-json\/wp\/v2\/users\/1742"}],"replies":[{"embeddable":true,"href":"https:\/\/linitiative.ca\/International\/wp-json\/wp\/v2\/comments?post=37481"}],"version-history":[{"count":0,"href":"https:\/\/linitiative.ca\/International\/wp-json\/wp\/v2\/posts\/37481\/revisions"}],"wp:attachment":[{"href":"https:\/\/linitiative.ca\/International\/wp-json\/wp\/v2\/media?parent=37481"}],"wp:term":[{"taxonomy":"category","embeddable":true,"href":"https:\/\/linitiative.ca\/International\/wp-json\/wp\/v2\/categories?post=37481"},{"taxonomy":"post_tag","embeddable":true,"href":"https:\/\/linitiative.ca\/International\/wp-json\/wp\/v2\/tags?post=37481"}],"curies":[{"name":"wp","href":"https:\/\/api.w.org\/{rel}","templated":true}]}}