{"id":37510,"date":"2019-05-29T04:30:49","date_gmt":"2019-05-29T08:30:49","guid":{"rendered":"https:\/\/linitiative.ca\/International\/le-jeune-manifestant-est-decede-le-19-avril-dernier-amnesty-international-reclame-une-enquete-approfondie-sur-la-mort-de-ramzi-yettou\/"},"modified":"2019-05-29T04:30:49","modified_gmt":"2019-05-29T08:30:49","slug":"le-jeune-manifestant-est-decede-le-19-avril-dernier-amnesty-international-reclame-une-enquete-approfondie-sur-la-mort-de-ramzi-yettou","status":"publish","type":"post","link":"https:\/\/linitiative.ca\/International\/le-jeune-manifestant-est-decede-le-19-avril-dernier-amnesty-international-reclame-une-enquete-approfondie-sur-la-mort-de-ramzi-yettou\/","title":{"rendered":"Le jeune manifestant est d\u00e9c\u00e9d\u00e9 le 19 avril dernier : Amnesty International r\u00e9clame une enqu\u00eate \u00abapprofondie\u00bb sur la mort de Ramzi Yettou"},"content":{"rendered":"<h4 class=\"title-14\"\/>\n<p class=\"p4\"><span class=\"s1\"><strong>A<\/strong><\/span><span class=\"s1\">mnesty International a r\u00e9clam\u00e9, hier, une enqu\u00eate <em>\u00abapprofondie, ind\u00e9pendante, impartiale et efficace\u00bb<\/em> sur la mort du manifestant Ramzi Yettou, \u00e2g\u00e9 de 23 ans, d\u00e9c\u00e9d\u00e9 le 19 avril dernier. Dans un communiqu\u00e9 rendu public, hier, l\u2019ONG estime que les autorit\u00e9s alg\u00e9riennes <em>\u00abdoivent veiller \u00e0 ce que l\u2019investigation diligent\u00e9e sur la mort du manifestant Ramzi Yettou, 23 ans, violemment rou\u00e9 de coups par des policiers le mois dernier, soit approfondie, ind\u00e9pendante, impartiale et efficace\u00bb<\/em>. <em>\u00abOrdonner une enqu\u00eate sur la mort de Ramzi Yettou n\u2019est que le premier pas vers la justice.<\/em><\/span><\/p>\n<p class=\"p4\"><span class=\"s1\"><em>Il faut qu\u2019elle soit ind\u00e9pendante, impartiale et efficace, et que les policiers impliqu\u00e9s soient suspendus pendant la dur\u00e9e des investigations. Si les responsables de sa mort ne sont pas amen\u00e9s \u00e0 rendre des comptes, les policiers seront confort\u00e9s dans leurs agissements, persuad\u00e9s d\u2019\u00eatre libres d\u2019agir au-dessus des lois et de commettre des infractions sans en assumer les cons\u00e9quences\u00bb<\/em>, pr\u00e9cise l\u2019organisation. L\u2019ONG affirme avoir recueilli des \u00e9l\u00e9ments de preuve, dont les t\u00e9moignages de trois t\u00e9moins directs, un secouriste, deux membres de sa famille, deux avocats et un m\u00e9decin, qui laissent \u00e0 penser, pr\u00e9cise-t-elle, que Ramzi Yettou a <em>\u00absuccomb\u00e9 le 19 avril aux blessures qui lui ont \u00e9t\u00e9 inflig\u00e9es lorsque des policiers l\u2019ont rou\u00e9 de coups de matraque\u00bb<\/em>.<\/span><\/p>\n<p class=\"p4\"><span class=\"s1\">L\u2019organisation pr\u00e9cise que le d\u00e9funt <em>\u00aba \u00e9t\u00e9 frapp\u00e9 sur le cr\u00e2ne par des policiers alors qu\u2019il \u00e9tait en train de rentrer chez lui apr\u00e8s avoir particip\u00e9 \u00e0 des manifestations\u00bb.<\/em> Amnesty affirme avoir examin\u00e9 la copie d\u2019un rapport de police autorisant l\u2019inhumation de Ramzi Yettou.<\/span><\/p>\n<p class=\"p4\"><span class=\"s1\">Ce rapport mentionnait la cause du d\u00e9c\u00e8s comme <em>\u00abind\u00e9termin\u00e9e\u00bb<\/em>, ce qui a incit\u00e9 le parquet d\u2019Alger \u00e0 ordonner une enqu\u00eate sur les circonstances de sa mort. Ramzi \u00e9tait en route pour rentrer chez lui, dans la ville de Bougara (Blida) avec au moins cinq amis. <em>\u00abLa police a stopp\u00e9 le camion \u00e0 bord duquel ils circulaient, car le conducteur avait emprunt\u00e9 une rue en sens inverse.<\/em><\/span><\/p>\n<p class=\"p4\"><span class=\"s1\"><em>Lorsque les policiers les ont agress\u00e9s, certains sont parvenus \u00e0 s\u2019enfuir, d\u2019autres ont re\u00e7u des coups de matraque\u00bb<\/em>, pr\u00e9cise l\u2019organisation. L\u2019ONG \u00e9voque un autre t\u00e9moignage concernant le cas du jeune. Elle pr\u00e9cise ainsi qu\u2019avant de perdre connaissance, Ramzi Yettou aurait dit au secouriste qui l\u2019a retrouv\u00e9 gisant par terre avec du sang sur sa veste qu\u2019il avait \u00e9t\u00e9 frapp\u00e9 par des policiers. <em>\u00abD\u2019apr\u00e8s ce secouriste, Ramzi Yettou pr\u00e9sentait des contusions sur le nez et une petite blessure superficielle d\u2019environ un centim\u00e8tre sous le sourcil, mais qui ne saignait pas.<\/em><\/span><\/p>\n<p class=\"p4\"><span class=\"s1\"><em>Cet homme a demand\u00e9 \u00e0 la police d\u2019appeler une ambulance, qui est arriv\u00e9e une trentaine de minutes plus tard et a transf\u00e9r\u00e9 Ramzi Yettou \u00e0 l\u2019h\u00f4pital Mustapha Bacha, o\u00f9 il a \u00e9t\u00e9 op\u00e9r\u00e9 en raison d\u2019une h\u00e9morragie interne. Il n\u2019a jamais repris connaissance et est d\u00e9c\u00e9d\u00e9 le 19 avril\u00bb<\/em>, pr\u00e9cise Amnesty. D\u00e9mentant les versions sur l\u2019implication de la police dans la mort du jeune, la DGSN a estim\u00e9, rapporte des m\u00e9dias, qu\u2019il est <em>\u00abtomb\u00e9 d\u2019un camion\u00bb<\/em>.<\/span><\/p>\n<p><span class=\"post-views-label\">Post Views:<\/span> <span class=\"post-views-count\">124<\/span><\/p>\n<p>Auteur: Hicham Chouadria<br \/>\n<a href=\"https:\/\/www.elwatan.com\/edition\/actualite\/le-jeune-manifestant-est-decede-le-19-avril-dernier-amnesty-international-reclame-une-enquete-approfondie-sur-la-mort-de-ramzi-yettou-29-05-2019\">Cliquez ici pour lire l&rsquo;article depuis sa source.<\/a><\/p>\n","protected":false},"excerpt":{"rendered":"<p>Amnesty International a r\u00e9clam\u00e9, hier, une enqu\u00eate \u00abapprofondie, ind\u00e9pendante, impartiale et efficace\u00bb sur la mort du manifestant Ramzi Yettou, \u00e2g\u00e9 de 23 ans, d\u00e9c\u00e9d\u00e9 le 19 avril dernier. Dans un communiqu\u00e9 rendu public, hier, l\u2019ONG estime que les autorit\u00e9s alg\u00e9riennes \u00abdoivent veiller \u00e0 ce que l\u2019investigation diligent\u00e9e sur la mort du manifestant Ramzi Yettou, 23 [&hellip;]<\/p>\n","protected":false},"author":1743,"featured_media":0,"comment_status":"closed","ping_status":"closed","sticky":false,"template":"","format":"standard","meta":{"fifu_image_url":"","fifu_image_alt":"","footnotes":""},"categories":[73,53],"tags":[],"class_list":["post-37510","post","type-post","status-publish","format-standard","hentry","category-actualite","category-algerie"],"_links":{"self":[{"href":"https:\/\/linitiative.ca\/International\/wp-json\/wp\/v2\/posts\/37510","targetHints":{"allow":["GET"]}}],"collection":[{"href":"https:\/\/linitiative.ca\/International\/wp-json\/wp\/v2\/posts"}],"about":[{"href":"https:\/\/linitiative.ca\/International\/wp-json\/wp\/v2\/types\/post"}],"author":[{"embeddable":true,"href":"https:\/\/linitiative.ca\/International\/wp-json\/wp\/v2\/users\/1743"}],"replies":[{"embeddable":true,"href":"https:\/\/linitiative.ca\/International\/wp-json\/wp\/v2\/comments?post=37510"}],"version-history":[{"count":0,"href":"https:\/\/linitiative.ca\/International\/wp-json\/wp\/v2\/posts\/37510\/revisions"}],"wp:attachment":[{"href":"https:\/\/linitiative.ca\/International\/wp-json\/wp\/v2\/media?parent=37510"}],"wp:term":[{"taxonomy":"category","embeddable":true,"href":"https:\/\/linitiative.ca\/International\/wp-json\/wp\/v2\/categories?post=37510"},{"taxonomy":"post_tag","embeddable":true,"href":"https:\/\/linitiative.ca\/International\/wp-json\/wp\/v2\/tags?post=37510"}],"curies":[{"name":"wp","href":"https:\/\/api.w.org\/{rel}","templated":true}]}}