{"id":37521,"date":"2019-05-29T07:50:20","date_gmt":"2019-05-29T11:50:20","guid":{"rendered":"https:\/\/linitiative.ca\/International\/emploi-el-othmani-confiant\/"},"modified":"2019-05-29T07:50:20","modified_gmt":"2019-05-29T11:50:20","slug":"emploi-el-othmani-confiant","status":"publish","type":"post","link":"https:\/\/linitiative.ca\/International\/emploi-el-othmani-confiant\/","title":{"rendered":"Emploi: El Othmani confiant"},"content":{"rendered":"<p class=\"c4\"><span class=\"c3\"><strong><span class=\"c2\">S<\/span>a\u00e2d Eddine El Othmani n\u2019a pas r\u00e9ussi \u00e0 convaincre, lors de son intervention devant la Chambre des repr\u00e9sentants, dans le cadre de la s\u00e9ance mensuelle des questions de politiques publiques, mardi dernier.<\/strong><\/span><\/p>\n<p class=\"c4\">Les mesures prises pour stimuler la cr\u00e9ation d\u2019emploi, en l\u2019occurrence le plan national national de promotion de l\u2019emploi 2017-2021, ont permis seulement une baisse du ch\u00f4mage de 0,5% entre le premier trimestre 2018 et le premier trimestre de 2019. Autrement dit, quelques 60.000 \u00e0 70.000 demandeurs ont \u00e9t\u00e9 recrut\u00e9s, en particulier chez les jeunes ch\u00f4meurs. Pour autant, le chef du gouvernement s\u2019est montr\u00e9 optimisme. Pour lui, si la baisse du taux de ch\u00f4mage se poursuit \u00e0 ce rythme, l\u2019objectif de contenir ce ratio \u00e0 8,5% serait atteint.\u00a0 D\u2019autant plus que \u00able gouvernement est d\u00e9termin\u00e9 \u00e0 redoubler d\u2019efforts pour maintenir cette tendance\u00bb, dit-il, tout en soulignant que la promotion de l\u2019emploi fait partie des priorit\u00e9s de son \u00e9quipe. El Othmani compte sur les mesures lanc\u00e9es pour cr\u00e9er plus de postes d\u2019emploi. Selon lui, les programmes d\u2019emploi ont contribu\u00e9 \u00e0 la r\u00e9alisation d\u2019importants r\u00e9sultats en mati\u00e8re de baisse du ch\u00f4mage.<\/p>\n<p class=\"c4\">Le chef du gouvernement cite le suivi de 201.241 demandeurs d\u2019emplois dans le cadre du programme \u00abIdmaj\u00bb, qui vise \u00e0 accro\u00eetre l\u2019employabilit\u00e9 des personnes dipl\u00f4m\u00e9s par l\u2019acquisition de comp\u00e9tences professionnelles nouvelles, notamment \u00e0 travers une premi\u00e8re exp\u00e9rience en entreprise. El Othmani se vante aussi de \u00abl\u2019engouement\u00bb pour le statut de l\u2019auto-entrepreneur, consid\u00e9r\u00e9 comme une alternative au salariat. Quelques 102.581 auto-entrepreneurs ont acc\u00e9d\u00e9 \u00e0 ce statut \u00e0 fin avril dernier, contre 32.400 en 2016, soit 103% des objectifs fix\u00e9s pour l\u2019ann\u00e9e 2021.\u00a0 El Othmani s\u2019est aussi arr\u00eat\u00e9 sur le programme \u00absoutien au travail autonome\u00bb, qui a permis le suivi de 5.210 porteurs de projets et la cr\u00e9ation de plus de 2.000 petites entreprises ou activit\u00e9 g\u00e9n\u00e9ratrice de revenu.<\/p>\n<p class=\"c4\">Par ailleurs, le chef du gouvernement s\u2019est montr\u00e9 confiant quant aux r\u00e9alisations du programme Tahfiz qui a connu un faible d\u00e9marrage. Pour lui, ce programme s\u2019est nettement d\u00e9velopp\u00e9 gr\u00e2ce aux changements qui y ont \u00e9t\u00e9 introduits. Il s\u2019agit, rappelle t-il, de l\u2019augmentation du nombre de salari\u00e9s.<\/p>\n<p class=\"c4\">dont les obligations fiscales et sociales sont prises en charge par l\u2019\u00c9tat \u00e0 10 employ\u00e9s au lieu de 5 au profit d\u2019entreprises, associations et coop\u00e9ratives nouvellement cr\u00e9\u00e9es. Cela dans la limite d\u2019une r\u00e9mun\u00e9ration de 10.000 DH au lieu de 6.000, outre l\u2019exon\u00e9ration de l\u2019imp\u00f4t sur le revenu pour les r\u00e9mun\u00e9rations et indemnit\u00e9s occasionnelles brutes que les entreprises versent aux \u00e9tudiants-chercheurs pr\u00e9parant une th\u00e8se de doctorat et ce, pour une p\u00e9riode de 24 mois apr\u00e8s la signature du contrat et l\u2019annulation de l\u2019obligation d\u2019enregistrement pour une p\u00e9riode de 6 mois aupr\u00e8s de l\u2019ANAPEC, afin de b\u00e9n\u00e9ficier d\u2019exon\u00e9rations sociales et fiscales dans les contrats de formation.<\/p>\n<p class=\"c5\"><strong>Hajar Benezha<\/strong><\/p>\n<p>Auteur: rahal mehamed<br \/>\n<a href=\"http:\/\/albayane.press.ma\/emploi-el-othmani-confiant.html\">Cliquez ici pour lire l&rsquo;article depuis sa source.<\/a><\/p>\n","protected":false},"excerpt":{"rendered":"<p>Sa\u00e2d Eddine El Othmani n\u2019a pas r\u00e9ussi \u00e0 convaincre, lors de son intervention devant la Chambre des repr\u00e9sentants, dans le cadre de la s\u00e9ance mensuelle des questions de politiques publiques, mardi dernier. Les mesures prises pour stimuler la cr\u00e9ation d\u2019emploi, en l\u2019occurrence le plan national national de promotion de l\u2019emploi 2017-2021, ont permis seulement une [&hellip;]<\/p>\n","protected":false},"author":1760,"featured_media":0,"comment_status":"closed","ping_status":"closed","sticky":false,"template":"","format":"standard","meta":{"fifu_image_url":"","fifu_image_alt":"","footnotes":""},"categories":[73,54],"tags":[],"class_list":["post-37521","post","type-post","status-publish","format-standard","hentry","category-actualite","category-maroc"],"_links":{"self":[{"href":"https:\/\/linitiative.ca\/International\/wp-json\/wp\/v2\/posts\/37521","targetHints":{"allow":["GET"]}}],"collection":[{"href":"https:\/\/linitiative.ca\/International\/wp-json\/wp\/v2\/posts"}],"about":[{"href":"https:\/\/linitiative.ca\/International\/wp-json\/wp\/v2\/types\/post"}],"author":[{"embeddable":true,"href":"https:\/\/linitiative.ca\/International\/wp-json\/wp\/v2\/users\/1760"}],"replies":[{"embeddable":true,"href":"https:\/\/linitiative.ca\/International\/wp-json\/wp\/v2\/comments?post=37521"}],"version-history":[{"count":0,"href":"https:\/\/linitiative.ca\/International\/wp-json\/wp\/v2\/posts\/37521\/revisions"}],"wp:attachment":[{"href":"https:\/\/linitiative.ca\/International\/wp-json\/wp\/v2\/media?parent=37521"}],"wp:term":[{"taxonomy":"category","embeddable":true,"href":"https:\/\/linitiative.ca\/International\/wp-json\/wp\/v2\/categories?post=37521"},{"taxonomy":"post_tag","embeddable":true,"href":"https:\/\/linitiative.ca\/International\/wp-json\/wp\/v2\/tags?post=37521"}],"curies":[{"name":"wp","href":"https:\/\/api.w.org\/{rel}","templated":true}]}}