{"id":37524,"date":"2019-05-29T05:00:06","date_gmt":"2019-05-29T09:00:06","guid":{"rendered":"https:\/\/linitiative.ca\/International\/noureddine-benissad-president-de-la-laddh-la-responsabilite-des-autorites-est-totale\/"},"modified":"2019-05-29T05:00:06","modified_gmt":"2019-05-29T09:00:06","slug":"noureddine-benissad-president-de-la-laddh-la-responsabilite-des-autorites-est-totale","status":"publish","type":"post","link":"https:\/\/linitiative.ca\/International\/noureddine-benissad-president-de-la-laddh-la-responsabilite-des-autorites-est-totale\/","title":{"rendered":"Noureddine Benissad. Pr\u00e9sident de la LADDH\u00a0: \u00abLa responsabilit\u00e9 des autorit\u00e9s est totale\u00bb"},"content":{"rendered":"<h4 class=\"title-14\"\/>\n<div class=\"featured_image\"><img width=\"620\" height=\"410\" data-cfsrc=\"https:\/\/www.elwatan.com\/wp-content\/uploads\/2019\/05\/benissad-col.jpeg\" class=\"attachment-post-thumbnail size-post-thumbnail wp-post-image c1\" alt=\"\" srcset=\"https:\/\/www.elwatan.com\/wp-content\/uploads\/2019\/05\/benissad-col.jpeg 620w, https:\/\/www.elwatan.com\/wp-content\/uploads\/2019\/05\/benissad-col-300x198.jpeg 300w\" sizes=\"(max-width: 620px) 100vw, 620px\"\/><noscript><\/p>\n<p><img loading=\"lazy\" decoding=\"async\" width=\"620\" height=\"410\" src=\"https:\/\/www.elwatan.com\/wp-content\/uploads\/2019\/05\/benissad-col.jpeg\" class=\"attachment-post-thumbnail size-post-thumbnail wp-post-image\" alt=\"\" srcset=\"https:\/\/www.elwatan.com\/wp-content\/uploads\/2019\/05\/benissad-col.jpeg 620w, https:\/\/www.elwatan.com\/wp-content\/uploads\/2019\/05\/benissad-col-300x198.jpeg 300w\" sizes=\"auto, (max-width: 620px) 100vw, 620px\"\/><\/p>\n<p><\/noscript><\/div>\n<p class=\"p1\"><span class=\"s1\"><strong>Pr\u00e9sident de la Ligue alg\u00e9rienne pour la d\u00e9fense des droits de l\u2019homme, \u00a0Noureddine Benissad a estim\u00e9, dans cet entretien accord\u00e9 \u00e0 <em>El Watan<\/em>, que <em>\u00abla\u00a0responsabilit\u00e9 des autorit\u00e9s est totale\u00bb<\/em> dans le\u00a0d\u00e9c\u00e8s en d\u00e9tention du militant des droits de l\u2019homme, Kamel Eddine Fekhar, puisque <em>\u00abc\u2019est \u00e0 elles de veiller au droit \u00e0 la vie\u00bb<\/em>.<\/strong><\/span><\/p>\n<p class=\"p1\"><span class=\"s1\"><strong>Son ONG r\u00e9clame une enqu\u00eate qui fera la lumi\u00e8re sur les circonstances de sa mort. Il a \u00e9galement d\u00e9nonc\u00e9 le recours abusif \u00e0 la d\u00e9tention provisoire, alors que les peines alternatives sont consacr\u00e9es par la Constitution et le code de proc\u00e9dure p\u00e9nale.<\/strong><\/span><\/p>\n<p class=\"p3\"><strong><em><span class=\"s1\">-Le militant des droits de l\u2019homme Kamel Eddine Fekhar est d\u00e9c\u00e9d\u00e9, avant-hier, \u00e0 l\u2019h\u00f4pital de Blida o\u00f9 il avait \u00e9t\u00e9 transf\u00e9r\u00e9 en urgence\u2026<\/span><\/em><\/strong><\/p>\n<p class=\"p3\"><span class=\"s1\">Kamel Eddine Fekhar \u00e9tait en gr\u00e8ve de la faim depuis plus de 40 jours \u00e0 la prison de Gharda\u00efa. Il a \u00e9t\u00e9 transf\u00e9r\u00e9 \u00e0 l\u2019h\u00f4pital de Blida suite, semble-il, \u00e0 des troubles psychiques. Il faut savoir que la gr\u00e8ve de la faim qu\u2019il avait entam\u00e9e avait pour but de protester contre son emprisonnement qu\u2019il estimait injuste. La gr\u00e8ve de la faim, quand elle d\u00e9passe un certain nombre de jours, notamment un peu plus de 40 jours, il y a des risques de sant\u00e9 tr\u00e8s graves, particuli\u00e8rement sur le plan physique et psychique. Cela peut amener \u00e0 des probl\u00e8mes de c\u00e9cit\u00e9, d\u2019audition et peut aller vers des crises cardiaques, ind\u00e9pendamment des troubles psychiques. Kamel Eddine Fekhar, semblerait-il, ne reconnaissait plus les gens, ne savait pas ou il se trouvait. Cela am\u00e8ne \u00e0 penser qu\u2019il avait des troubles psychiques.<\/span><\/p>\n<p class=\"p3\"><strong><em><span class=\"s1\">-Quand un d\u00e9tenu meurt en d\u00e9tention, la responsabilit\u00e9 des autorit\u00e9s publiques est-elle engag\u00e9e\u00a0?<\/span><\/em><\/strong><\/p>\n<p class=\"p3\"><span class=\"s1\">Il est du devoir et une obligation des autorit\u00e9s p\u00e9nitentiaires de veiller au droit \u00e0 la vie. Chaque d\u00e9tenu, et singuli\u00e8rement dans le cas de Kamel Eddine Fekhar, a droit \u00e0 la vie. Ce n\u2019est pas parce qu\u2019on est emprisonn\u00e9 que nos droits s\u2019arr\u00eatent au pied de la prison. Dans ce cadre, la responsabilit\u00e9 des autorit\u00e9s est totale, puisque c\u2019est \u00e0 elles de veiller sur ce droit fondamental qui est le droit \u00e0 la vie. Nous allons demander une enqu\u00eate sur les circonstances de sa mort. Je pense qu\u2019on pouvait \u00e9viter cela, en le remettant simplement en libert\u00e9. Il faut attendre le rapport d\u2019enqu\u00eate, et \u00e9ventuellement l\u2019autopsie pour savoir si les autorit\u00e9s p\u00e9nitentiaires savaient au sujet de ses troubles suite \u00e0 la gr\u00e8ve de la faim, et est-ce que la personne \u00e9tait en danger ou non. A partir de l\u00e0, quand on estime qu\u2019une personne est en danger, et peut \u00eatre remise en libert\u00e9, je ne vois pas l\u2019utilit\u00e9 de la garder en prison. Si cette personne \u00e9tait en libert\u00e9, elle aurait pu, peut-\u00eatre, b\u00e9n\u00e9ficier de soins plus appropri\u00e9s dans un centre sp\u00e9cialis\u00e9.<\/span><\/p>\n<p class=\"p3\"><em><strong><span class=\"s1\">-Des avocats des associations de droits de l\u2019homme militent, depuis plusieurs ann\u00e9es, pour l\u2019application des peines alternatives. Cependant, la justice continue de recourir de mani\u00e8re abusive \u00e0 la d\u00e9tention provisoire\u2026<\/span><\/strong><\/em><\/p>\n<p class=\"p3\"><span class=\"s1\">Les peines alternatives sont inscrites dans la Convention internationale des droits de l\u2019homme, ratifi\u00e9e par l\u2019Alg\u00e9rie, et sont consacr\u00e9es par la Constitution et le code de proc\u00e9dure p\u00e9nale. On ne cessera jamais de le dire\u00a0: \u00e0 quoi sert la prison, lorsqu\u2019il y a des peines alternatives, lorsqu\u2019on peut laisser l\u2019instruction se d\u00e9rouler sans qu\u2019on mette une personne en prison ? On ne cessera jamais d rappeler que le principe est celui de la libert\u00e9, et la prison, c\u2019est vraiment l\u2019exception. Dans son rapport sur la r\u00e9forme de la justice, feu Mohand Issad avait mis la question des droits de l\u2019homme au c\u0153ur de la r\u00e9forme de la justice. La question des droits de l\u2019homme est intimement li\u00e9e au respect des principes que l\u2019Etat doit respecter, notamment la pr\u00e9somption d\u2019innocence, et de cesser le recours \u00e0 la d\u00e9tention quand les peines alternatives, comme le contr\u00f4le judiciaire, peuvent \u00eatre appliqu\u00e9es.<\/span><\/p>\n<p class=\"p3\"><span class=\"s1\">Une personne qui ne repr\u00e9sente pas un danger pour l\u2019ordre public, je ne vois pas l\u2019utilit\u00e9 de la mettre en d\u00e9tention, parce que la prison est une \u00e9cole de d\u00e9linquance. Contrairement \u00e0 ce que certains soutiennent, elle n\u2019a jamais \u00e9t\u00e9 un espace pour r\u00e9habiliter la personne humaine. L\u2019ind\u00e9pendance de la justice est li\u00e9e au degr\u00e9 de d\u00e9mocratisation d\u2019un pays. Il est illusoire de penser qu\u2019on peut parler d\u2019ind\u00e9pendance de la justice dans un Etat autoritaire. Un Etat autoritaire instrumentalise la justice pour se maintenir et pour r\u00e9primer tous les opposants politiques. Quoi qu\u2019on dise, Kamel Eddine Fekhar \u00e9tait un d\u00e9tenu d\u2019opinion. Il n\u2019a pas us\u00e9 de violence, ni commis des d\u00e9lits de droit commun. La place des gens qui expriment une opinion n\u2019est pas en prison.\u00a0<\/span><\/p>\n<p><span class=\"post-views-label\">Post Views:<\/span> <span class=\"post-views-count\">423<\/span><\/p>\n<p>Auteur: Hicham Chouadria<br \/>\n<a href=\"https:\/\/www.elwatan.com\/edition\/actualite\/noureddine-benissad-president-de-la-laddh-la-responsabilite-des-autorites-est-totale-29-05-2019\">Cliquez ici pour lire l&rsquo;article depuis sa source.<\/a><\/p>\n","protected":false},"excerpt":{"rendered":"<p>Pr\u00e9sident de la Ligue alg\u00e9rienne pour la d\u00e9fense des droits de l\u2019homme, \u00a0Noureddine Benissad a estim\u00e9, dans cet entretien accord\u00e9 \u00e0 El Watan, que \u00abla\u00a0responsabilit\u00e9 des autorit\u00e9s est totale\u00bb dans le\u00a0d\u00e9c\u00e8s en d\u00e9tention du militant des droits de l\u2019homme, Kamel Eddine Fekhar, puisque \u00abc\u2019est \u00e0 elles de veiller au droit \u00e0 la vie\u00bb. Son ONG [&hellip;]<\/p>\n","protected":false},"author":1743,"featured_media":37525,"comment_status":"closed","ping_status":"closed","sticky":false,"template":"","format":"standard","meta":{"fifu_image_url":"","fifu_image_alt":"","footnotes":""},"categories":[73,53],"tags":[],"class_list":["post-37524","post","type-post","status-publish","format-standard","has-post-thumbnail","hentry","category-actualite","category-algerie"],"_links":{"self":[{"href":"https:\/\/linitiative.ca\/International\/wp-json\/wp\/v2\/posts\/37524","targetHints":{"allow":["GET"]}}],"collection":[{"href":"https:\/\/linitiative.ca\/International\/wp-json\/wp\/v2\/posts"}],"about":[{"href":"https:\/\/linitiative.ca\/International\/wp-json\/wp\/v2\/types\/post"}],"author":[{"embeddable":true,"href":"https:\/\/linitiative.ca\/International\/wp-json\/wp\/v2\/users\/1743"}],"replies":[{"embeddable":true,"href":"https:\/\/linitiative.ca\/International\/wp-json\/wp\/v2\/comments?post=37524"}],"version-history":[{"count":0,"href":"https:\/\/linitiative.ca\/International\/wp-json\/wp\/v2\/posts\/37524\/revisions"}],"wp:featuredmedia":[{"embeddable":true,"href":"https:\/\/linitiative.ca\/International\/wp-json\/"}],"wp:attachment":[{"href":"https:\/\/linitiative.ca\/International\/wp-json\/wp\/v2\/media?parent=37524"}],"wp:term":[{"taxonomy":"category","embeddable":true,"href":"https:\/\/linitiative.ca\/International\/wp-json\/wp\/v2\/categories?post=37524"},{"taxonomy":"post_tag","embeddable":true,"href":"https:\/\/linitiative.ca\/International\/wp-json\/wp\/v2\/tags?post=37524"}],"curies":[{"name":"wp","href":"https:\/\/api.w.org\/{rel}","templated":true}]}}