{"id":37527,"date":"2019-05-29T05:10:54","date_gmt":"2019-05-29T09:10:54","guid":{"rendered":"https:\/\/linitiative.ca\/International\/le-militant-des-droits-de-lhomme-victime-dun-acharnement-judiciaire-kamel-eddine-fekhar-decede-en-detention\/"},"modified":"2019-05-29T05:10:54","modified_gmt":"2019-05-29T09:10:54","slug":"le-militant-des-droits-de-lhomme-victime-dun-acharnement-judiciaire-kamel-eddine-fekhar-decede-en-detention","status":"publish","type":"post","link":"https:\/\/linitiative.ca\/International\/le-militant-des-droits-de-lhomme-victime-dun-acharnement-judiciaire-kamel-eddine-fekhar-decede-en-detention\/","title":{"rendered":"Le militant des droits de l\u2019Homme victime d\u2019un acharnement judiciaire : Kamel Eddine Fekhar d\u00e9c\u00e8de en d\u00e9tention"},"content":{"rendered":"<h4 class=\"title-14\"\/>\n<div class=\"featured_image\"><img width=\"600\" height=\"350\" data-cfsrc=\"https:\/\/www.elwatan.com\/wp-content\/uploads\/2019\/05\/fekhar-col.jpg\" class=\"attachment-post-thumbnail size-post-thumbnail wp-post-image c1\" alt=\"\" srcset=\"https:\/\/www.elwatan.com\/wp-content\/uploads\/2019\/05\/fekhar-col.jpg 600w, https:\/\/www.elwatan.com\/wp-content\/uploads\/2019\/05\/fekhar-col-300x175.jpg 300w\" sizes=\"(max-width: 600px) 100vw, 600px\"\/><noscript><\/p>\n<p><img loading=\"lazy\" decoding=\"async\" width=\"600\" height=\"350\" src=\"https:\/\/www.elwatan.com\/wp-content\/uploads\/2019\/05\/fekhar-col.jpg\" class=\"attachment-post-thumbnail size-post-thumbnail wp-post-image\" alt=\"\" srcset=\"https:\/\/www.elwatan.com\/wp-content\/uploads\/2019\/05\/fekhar-col.jpg 600w, https:\/\/www.elwatan.com\/wp-content\/uploads\/2019\/05\/fekhar-col-300x175.jpg 300w\" sizes=\"auto, (max-width: 600px) 100vw, 600px\"\/><\/p>\n<p><\/noscript><\/div>\n<p>La nouvelle a choqu\u00e9 tout le monde. Le militant des droits de l\u2019Homme et activiste politique, Kamel Eddine Fekhar (54 ans), est d\u00e9c\u00e9d\u00e9, hier matin, \u00e0 l\u2019h\u00f4pital Frantz Fanon de Blida, o\u00f9 il a \u00e9t\u00e9 transf\u00e9r\u00e9 dans un \u00e9tat critique apr\u00e8s pr\u00e8s de deux mois de gr\u00e8ve de la faim dans la prison de Gharda\u00efa.<\/p>\n<p>\u00abUn meurtre\u00a0! Un assassinat politique abject\u00bb, d\u00e9noncent des citoyens et des militants politiques et des droits de l\u2019homme, outr\u00e9s par l\u2019acharnement judiciaire contre cet homme qui ne faisait qu\u2019exprimer ses id\u00e9es pacifiquement.<\/p>\n<p>Arr\u00eat\u00e9 fin mars dernier suite \u00e0 une interview diffus\u00e9e sur le r\u00e9seau social Facebook, Kamel Eddine Fekhar a entam\u00e9 aussit\u00f4t une gr\u00e8ve de la faim pour d\u00e9noncer son incarc\u00e9ration \u00abinjuste\u00bb. Malgr\u00e9 la d\u00e9gradation de son \u00e9tat de sant\u00e9 et les alertes de son avocat, Salah Dabouz, il n\u2019a, visiblement, pas \u00e9t\u00e9 pris en charge \u00e0 temps au niveau du pavillon carc\u00e9ral de Gharda\u00efa, o\u00f9 il \u00e9tait intern\u00e9 depuis le 26 avril dernier.<\/p>\n<p>Selon des sources au service du CHU de Blida, cit\u00e9es par l\u2019agence APS, le d\u00e9funt a \u00e9t\u00e9 transf\u00e9r\u00e9 vers la structure, lundi soir, dans un \u00e9tat comateux. \u00abIl a rendu l\u2019\u00e2me vers 6h du matin, ce mardi\u00bb, explique la m\u00eame source.<\/p>\n<p>Le premier \u00e0 avoir annonc\u00e9 la nouvelle de son d\u00e9c\u00e8s est Me Dabouz qui d\u00e9nonce, dans une vid\u00e9o post\u00e9e sur sa page Facebook, \u00abun meurtre pr\u00e9m\u00e9dit\u00e9 de Kamel Eddine Fekhar\u00bb. \u00abJe d\u00e9nonce cet acharnement et cette mort programm\u00e9e pr\u00e9vus par les autorit\u00e9s judiciaires de Gharda\u00efa.<\/p>\n<p>Kamel Eddine a \u00e9t\u00e9 mis en d\u00e9tention pour un dossier vide d\u00e9cid\u00e9 par le procureur g\u00e9n\u00e9ral de Gharda\u00efa, ex\u00e9cut\u00e9 par le juge d\u2019instruction de la premi\u00e8re chambre sous la pression du procureur de la R\u00e9publique et du procureur g\u00e9n\u00e9ral\u00bb, lance-t-il.<\/p>\n<p>Salah Dabouz s\u2019en prend \u00e9galement au wali de Gharda\u00efa qui avait dans son viseur les militants politiques et des droits de l\u2019homme. \u00abLe wali de Gharda\u00efa a toujours stigmatis\u00e9 les militants des droits de l\u2019homme ; il les a condamn\u00e9s, avant que la justice n\u2019examine leur dossier\u00bb, d\u00e9plore-t-il.<\/p>\n<p><strong>Acharnement judiciaire<\/strong><\/p>\n<p>Ce faisant, l\u2019avocat rappelle avoir tir\u00e9 la sonnette d\u2019alarme sur l\u2019\u00e9tat de sant\u00e9 de Fekhar, mais il n\u2019a pas \u00e9t\u00e9 \u00e9cout\u00e9. \u00abJ\u2019ai tir\u00e9 la sonnette d\u2019alarme depuis trois semaines pour dire que Fekhar et Aouf Hadj Brahim \u00e9taient d\u00e9tenus dans des conditions inhumaines dans le pavillon carc\u00e9ral de Gharda\u00efa.<\/p>\n<p>Rien n\u2019a \u00e9t\u00e9 fait. J\u2019ai d\u00e9pos\u00e9 pour le compte de Me Zahi une demande de mise en libert\u00e9 pour Aouf et Kamel, le juge d\u2019instruction l\u2019a refus\u00e9e en un temps record\u00bb, pr\u00e9cise-t-il. Poursuivant, Salah Dabouz accuse aussi \u00abtoutes les autorit\u00e9s judiciaires et administratives qui ont trait\u00e9 ce dossier\u00bb. \u00abJ\u2019appelle les autorit\u00e9s centrales et onusiennes \u00e0 examiner le dossier.<\/p>\n<p>Il n\u2019y a que le dossier qui peut nous dire si Fekhar a commis des actes graves. Il n\u2019a rien fait, il n\u2019a fait qu\u2019une interview sur ma page\u00bb, lance-t-il.<\/p>\n<p>Kamel Eddine Fekhar avait \u00e9t\u00e9 arr\u00eat\u00e9 dans la foul\u00e9e des \u00e9v\u00e9nements de Gharda\u00efa en 2015. Maintenu en d\u00e9tention provisoire pendant pr\u00e8s de deux ans. Il n\u2019a \u00e9t\u00e9 lib\u00e9r\u00e9 qu\u2019en 2017, apr\u00e8s un proc\u00e8s qui n\u2019est intervenu qu\u2019apr\u00e8s plusieurs semaines de gr\u00e8ve de la faim.<\/p>\n<p><span class=\"post-views-label\">Post Views:<\/span> <span class=\"post-views-count\">561<\/span><\/p>\n<p>Auteur: Hicham Chouadria<br \/>\n<a href=\"https:\/\/www.elwatan.com\/edition\/actualite\/le-militant-des-droits-de-lhomme-victime-dun-acharnement-judiciaire-kamel-eddine-fekhar-decede-en-detention-29-05-2019\">Cliquez ici pour lire l&rsquo;article depuis sa source.<\/a><\/p>\n","protected":false},"excerpt":{"rendered":"<p>La nouvelle a choqu\u00e9 tout le monde. Le militant des droits de l\u2019Homme et activiste politique, Kamel Eddine Fekhar (54 ans), est d\u00e9c\u00e9d\u00e9, hier matin, \u00e0 l\u2019h\u00f4pital Frantz Fanon de Blida, o\u00f9 il a \u00e9t\u00e9 transf\u00e9r\u00e9 dans un \u00e9tat critique apr\u00e8s pr\u00e8s de deux mois de gr\u00e8ve de la faim dans la prison de Gharda\u00efa. [&hellip;]<\/p>\n","protected":false},"author":1743,"featured_media":37528,"comment_status":"closed","ping_status":"closed","sticky":false,"template":"","format":"standard","meta":{"fifu_image_url":"","fifu_image_alt":"","footnotes":""},"categories":[73,53],"tags":[],"class_list":["post-37527","post","type-post","status-publish","format-standard","has-post-thumbnail","hentry","category-actualite","category-algerie"],"_links":{"self":[{"href":"https:\/\/linitiative.ca\/International\/wp-json\/wp\/v2\/posts\/37527","targetHints":{"allow":["GET"]}}],"collection":[{"href":"https:\/\/linitiative.ca\/International\/wp-json\/wp\/v2\/posts"}],"about":[{"href":"https:\/\/linitiative.ca\/International\/wp-json\/wp\/v2\/types\/post"}],"author":[{"embeddable":true,"href":"https:\/\/linitiative.ca\/International\/wp-json\/wp\/v2\/users\/1743"}],"replies":[{"embeddable":true,"href":"https:\/\/linitiative.ca\/International\/wp-json\/wp\/v2\/comments?post=37527"}],"version-history":[{"count":0,"href":"https:\/\/linitiative.ca\/International\/wp-json\/wp\/v2\/posts\/37527\/revisions"}],"wp:featuredmedia":[{"embeddable":true,"href":"https:\/\/linitiative.ca\/International\/wp-json\/"}],"wp:attachment":[{"href":"https:\/\/linitiative.ca\/International\/wp-json\/wp\/v2\/media?parent=37527"}],"wp:term":[{"taxonomy":"category","embeddable":true,"href":"https:\/\/linitiative.ca\/International\/wp-json\/wp\/v2\/categories?post=37527"},{"taxonomy":"post_tag","embeddable":true,"href":"https:\/\/linitiative.ca\/International\/wp-json\/wp\/v2\/tags?post=37527"}],"curies":[{"name":"wp","href":"https:\/\/api.w.org\/{rel}","templated":true}]}}