{"id":37529,"date":"2019-05-29T05:15:35","date_gmt":"2019-05-29T09:15:35","guid":{"rendered":"https:\/\/linitiative.ca\/International\/kamel-eddine-fekhar-etait-un-militant-entier-jusquau-bout-de-lengagement\/"},"modified":"2019-05-29T05:15:35","modified_gmt":"2019-05-29T09:15:35","slug":"kamel-eddine-fekhar-etait-un-militant-entier-jusquau-bout-de-lengagement","status":"publish","type":"post","link":"https:\/\/linitiative.ca\/International\/kamel-eddine-fekhar-etait-un-militant-entier-jusquau-bout-de-lengagement\/","title":{"rendered":"Kamel Eddine Fekhar \u00e9tait un militant entier : Jusqu\u2019au bout de l\u2019engagement\u2026"},"content":{"rendered":"<h4 class=\"title-14\">Il d\u00e9c\u00e8de en d\u00e9tention apr\u00e8s une longue gr\u00e8ve de la faim<\/h4>\n<div class=\"featured_image\"><img width=\"640\" height=\"480\" data-cfsrc=\"https:\/\/www.elwatan.com\/wp-content\/uploads\/2019\/05\/fekhar.jpg\" class=\"attachment-post-thumbnail size-post-thumbnail wp-post-image c1\" alt=\"Kamel Eddine Fekhar \u00e9tait un militant entier : Jusqu\u2019au bout de l\u2019engagement\u2026\" srcset=\"https:\/\/www.elwatan.com\/wp-content\/uploads\/2019\/05\/fekhar.jpg 640w, https:\/\/www.elwatan.com\/wp-content\/uploads\/2019\/05\/fekhar-300x225.jpg 300w\" sizes=\"(max-width: 640px) 100vw, 640px\"\/><noscript><\/p>\n<p><img loading=\"lazy\" decoding=\"async\" width=\"640\" height=\"480\" src=\"https:\/\/www.elwatan.com\/wp-content\/uploads\/2019\/05\/fekhar.jpg\" class=\"attachment-post-thumbnail size-post-thumbnail wp-post-image\" alt=\"Kamel Eddine Fekhar \u00e9tait un militant entier : Jusqu\u2019au bout de l\u2019engagement\u2026\" srcset=\"https:\/\/www.elwatan.com\/wp-content\/uploads\/2019\/05\/fekhar.jpg 640w, https:\/\/www.elwatan.com\/wp-content\/uploads\/2019\/05\/fekhar-300x225.jpg 300w\" sizes=\"auto, (max-width: 640px) 100vw, 640px\"\/><\/p>\n<p><\/noscript><\/div>\n<p>La paisible vall\u00e9e du M\u2019zab est replong\u00e9e dans la douleur. Propuls\u00e9e une nouvelle fois dans la trag\u00e9die humaine, elle ne cesse de pleurer ses enfants, comme si elle \u00e9tait condamn\u00e9e aux larmes.<\/p>\n<p>A ses plaies b\u00e9antes, s\u2019ajoute une autre blessure. Elle vient de perdre cruellement un de ses h\u00e9ros, le vaillant militant politique et infatigable d\u00e9fenseur des droits de l\u2019homme, Kamel Eddine Fekhar.<\/p>\n<p>Et c\u2019est au moment o\u00f9 toute l\u2019Alg\u00e9rie rena\u00eet joyeusement et s\u2019efforce de retrouver son printemps, que la cit\u00e9 historique de Gharda\u00efa, attrist\u00e9e, enterre un de ses meilleurs fils, parti brutalement. Tout le pays est en \u00e9moi. L\u2019indignation est g\u00e9n\u00e9rale. Cruel destin d\u2019un homme qui s\u2019est battu avec bravoure pour sa libert\u00e9 et celle de ses concitoyens.<\/p>\n<p>D\u2019une d\u00e9termination infaillible, il \u00e9tait pr\u00eat \u00e0 mourir pour ses id\u00e9es. \u00abJe pr\u00e9f\u00e8re mourir digne que de vivre l\u00e2che et soumis\u00bb, avait-il confi\u00e9 au lendemain de sa sortie de prison le 16 juillet 2017, apr\u00e8s avoir pass\u00e9 deux ann\u00e9es derri\u00e8re les barreaux du sinistre p\u00e9nitencier de Bouraghia. Une proph\u00e9tie\u00a0!<\/p>\n<p>N\u00e9 une ann\u00e9e apr\u00e8s l\u2019ind\u00e9pendance \u00e0 Ksour Gharda\u00efa, et apr\u00e8s avoir fait toute sa scolarit\u00e9 \u00e0 S\u00e9tif o\u00f9 son p\u00e8re exer\u00e7ait comme commer\u00e7ant, Kamel Eddine Fekhar revient dans sa vall\u00e9e dipl\u00f4m\u00e9 en m\u00e9decine.<\/p>\n<p>Tr\u00e8s jeune, il s\u2019implique dans la vie associative et sociale, notamment dans les structures traditionnelles du M\u2019zab. Connue pour son mode d\u2019organisation sociale sp\u00e9cifique et son rite religieux ibadite, Gharda\u00efa \u00e9tait une cit\u00e9 quasi autonome. Un mod\u00e8le int\u00e9gr\u00e9 en opposition avec le syst\u00e8me politique h\u00e9g\u00e9monique.<\/p>\n<p>Ce qui a fait d\u2019elle une r\u00e9gion \u00abmal vue\u00bb et surtout \u00abmalmen\u00e9e\u00bb par le pouvoir central. Cette \u00abm\u00e9fiance\u00bb \u00e0 son \u00e9gard s\u2019exprime avec Boumedi\u00e8ne, qui traitait les Mozabites de \u00abbourgeois r\u00e9actionnaires\u00bb.<\/p>\n<p>Il fait exiler le chantre de la R\u00e9volution, Moufdi Zakaria, marquant ainsi le d\u00e9but d\u2019une histoire injuste inflig\u00e9e \u00e0 Gharda\u00efa. La propagande du parti unique s\u2019\u00e9tait charg\u00e9e de r\u00e9duire les Mozabites \u00e0 la\u00a0marge les confinant au registre r\u00e9ducteur du \u00abfolklore\u00bb.<\/p>\n<p>Ce traitement politique pour le moins s\u00e9gr\u00e9gationniste a profond\u00e9ment marqu\u00e9 le docteur Kamel Eddine Fekhar et d\u00e9clencha en lui une prise de conscience sur la n\u00e9cessit\u00e9 de s\u2019affirmer en tant que citoyen enti\u00e8rement \u00e0 part. Il commence \u00e0 exprimer ouvertement son rejet de cet \u00e9tat de fait et conteste le syst\u00e8me des notables \u00abcomplices et impos\u00e9s d\u2019en haut\u00bb.<\/p>\n<p>Son engagement politique s\u2019affirme lors des \u00e9lections locales de 1997, lorsque le RND fra\u00eechement cr\u00e9\u00e9 \u00abremporte\u00bb l\u2019APC de Gharda\u00efa \u00e0 coups de fraude massive. Il d\u00e9cide alors avec un groupe d\u2019amis de rejoindre, une ann\u00e9e apr\u00e8s, le FFS et fonde la f\u00e9d\u00e9ration du parti.<\/p>\n<p><strong>Arrestation spectaculaire<\/strong><\/p>\n<p>Une premi\u00e8re mal per\u00e7ue par les autorit\u00e9s locales. Pas que. Surtout qu\u2019\u00e0 l\u2019occasion de l\u2019\u00e9lection pr\u00e9sidentielle de 1999, le Dr Fekhar faisait partie de ceux qui accueillirent triomphalement Hocine A\u00eft Ahmed dans la cit\u00e9 historique. Trois ans apr\u00e8s, il porte les couleurs du FFS aux locales de 2002, il entre avec un autre camarade \u00e0 l\u2019Assembl\u00e9e communale.<\/p>\n<p>Un coup qui va signer le d\u00e9but d\u2019une reconfiguration politique locale au retentissement national. Il se forge un caract\u00e8re politique en menant la vie dure aux autorit\u00e9s de la wilaya. Il rend la vie infernale aux potentats locaux.<\/p>\n<p>Mais aussi, c\u2019est le d\u00e9but des ennuis pour le rebelle du M\u2019zab. Son ascension politique est accompagn\u00e9e d\u2019une traque politico-judiciare. En 2004, les commer\u00e7ants de Gharda\u00efa harcel\u00e9s par les brigades de la r\u00e9pression de la fraude se mettent en gr\u00e8ve. Il se cr\u00e9e un climat tendu dans la r\u00e9gion, et la r\u00e9ponse des autorit\u00e9s fut violente.<\/p>\n<p><strong>L\u2019ic\u00f4ne aux 18 chefs d\u2019accusation<\/strong><\/p>\n<p>Les t\u00eates d\u2019affiche politiques mozabites se trouvent dans le viseur des services de s\u00e9curit\u00e9 et de justice. Kamel Eddine Fekhar et ses amis, dont Hamou Mosbah et le tr\u00e8s c\u00e9l\u00e8bre Mohamed Djelmami, sont jet\u00e9s en prison. L\u2019arrestation du Dr Fekhar fut spectaculaire. Hollywoodienne. C\u2019\u00e9tait au soir du 1er novembre 2004.<\/p>\n<p>Venu assister au grand meeting du trio Hocine A\u00eft Ahmed, Abdelhamid Mehri et Mouloud Hamrouche, \u00e0 la salle omnisports de A\u00efn Benian, \u00e0 Alger, il est arr\u00eat\u00e9 par la police \u00e0 la fin du rassemblement, alors qu\u2019il venait de se s\u00e9parer de Dda El Hocine, qui voyait en lui une figure montante du parti.<\/p>\n<p>L\u2019arrestation a choqu\u00e9 le chef historique du FFS. Il alerte l\u2019opinion internationale. Le nom de Kamel Eddine Fekhar fait le tour de la plan\u00e8te. Mais lui fait un \u00abtour\u00bb \u00e0 la prison de Gharda\u00efa, o\u00f9 il passe en compagnie de ses camarades six mois de d\u00e9tention pour \u00abatteinte \u00e0 l\u2019ordre public\u00bb, entre autres.<\/p>\n<p>L\u2019\u00e9preuve carc\u00e9rale durcit son engagement, renforce ses convictions et fortifie sa pugnacit\u00e9. Il ressort aguerri et renforce son engagement, s\u2019int\u00e9ressant aux questions des droits de l\u2019homme. \u00abLes conditions carc\u00e9rales m\u2019ont fait prendre conscience de la n\u00e9cessit\u00e9 de s\u2019engager sur le terrain des droits de l\u2019homme qui ne sont pas respect\u00e9s dans notre pays\u00bb, racontait-il. Avec son groupe, il rejoint la Ligue alg\u00e9rienne de d\u00e9fense des droits de l\u2019homme et cr\u00e9e une section \u00e0 Gharda\u00efa.<\/p>\n<p>Il s\u2019affirme comme figure militante \u00e0 la dimension nationale, porte le combat du M\u2019zab au-devant de la sc\u00e8ne et recentre son combat, des divergences commencent alors \u00e0 appara\u00eetre avec le FFS, pour aboutir \u00e0 une rupture. Il s\u2019engage enti\u00e8rement dans la cause du M\u2019zab, qui subit \u00e0 intervalles r\u00e9guliers des assauts violents et tragiques. Il se bat pour la reconnaissance du rite ibadite et r\u00e9clame l\u2019autonomie de la r\u00e9gion.<\/p>\n<p>B\u00eate noire des autorit\u00e9s locales et nationales en m\u00e9diatisant la question mozabite. Lorsque surviennent les tragiques \u00e9v\u00e9nements \u00e0 partir de fin 2013, Kamel Eddine Fekhar joue un r\u00f4le important en alertant sur les violences et en lan\u00e7ant des SOS.<\/p>\n<p>Il radicalise sa position mais sans jamais basculer dans la violence. Visc\u00e9ralement attach\u00e9 au combat pacifique, il mobilise l\u2019opinion publique nationale et internationale, estimant que \u00able M\u2019zab est victime d\u2019un apartheid officiel\u00bb.<\/p>\n<p>Vis\u00e9 par des attaques politiques escort\u00e9es par des campagnes m\u00e9diatiques pers\u00e9cutantes, le Dr Fekhar est d\u00e9sign\u00e9 publiquement par le Premier ministre de l\u2019\u00e9poque, Abdelmalek Sellal, et par le patron du RND, Ahmed Ouyahia, comme \u00e9tant \u00abla t\u00eate de la discorde\u00bb.<\/p>\n<p>Sellal avait d\u00e9clar\u00e9 \u00e0 son sujet : \u00abFekhar est fini.\u00bb Certaines cha\u00eenes de t\u00e9l\u00e9vision se chargent de l\u2019achever politiquement. L\u2019homme est vou\u00e9 aux g\u00e9monies. Un bouc \u00e9missaire. Il ne reste \u00e0 la justice qu\u2019\u00e0 le \u00abcoffrer\u00bb. En effet, le 11 juillet 2005 il est emprisonn\u00e9. Tra\u00een\u00e9 de prison en prison pour finir \u00e0 Berouaghia. Il p\u00e8se sur lui 18 chefs d\u2019inculpation.<\/p>\n<p>R\u00e9sistant, il poursuit son combat \u00e0 partir de sa cellule, en entamant une gr\u00e8ve de la faim qui a dur\u00e9 plus de 100 jours, rien que pour obtenir la tenue d\u2019un proc\u00e8s pour lui et une vingtaine de d\u00e9tenus. Au bout de 22 mois de d\u00e9tention, il aura enfin son proc\u00e8s.<\/p>\n<p>Un moment d\u2019explication tant attendu pour ce battant. Au terme de deux jours de proc\u00e8s et malgr\u00e9 sa sant\u00e9 chancelante, il a taill\u00e9 en pi\u00e8ces l\u2019accusation. Il est condamn\u00e9 \u00e0 deux ans de prison ferme, malgr\u00e9 la faiblesse des accusations.<\/p>\n<p>In\u00e9branlable, il ressort avec la m\u00eame d\u00e9termination. A sa sortie de prison, il lance un appel \u00ab\u00e0 toutes les personnalit\u00e9s nationales ind\u00e9pendantes pour la mise en place d\u2019une commission d\u2019enqu\u00eate sur les \u00e9v\u00e9nements de Gharda\u00efa pour dire : plus jamais \u00e7a\u00bb.<\/p>\n<p>Il a \u00e9galement appel\u00e9 \u00ables Alg\u00e9riens \u00e0 \u0153uvrer ensemble \u00e0 l\u2019instauration d\u2019un Etat d\u00e9mocratique d\u2019une fa\u00e7on pacifique, pour le respect des droits de l\u2019homme\u00bb.<\/p>\n<p>Et c\u2019est \u00e0 l\u2019heure o\u00f9 l\u2019Alg\u00e9rie s\u2019engage massivement dans cette voie \u00e0 laquelle le Dr Fekhar a largement contribu\u00e9, en pleine insurrection citoyenne, qu\u2019il est renvoy\u00e9 en prison pour la 3e fois. Mais cette fois-ci, il ne reviendra pas.<\/p>\n<p>A ses enfants qui r\u00e9clamaient sa lib\u00e9ration, on le leur envoie dans un cercueil. Triste fin d\u2019un militant entier au parcours plein de batailles, mort dans les ge\u00f4les du r\u00e9gime.<\/p>\n<blockquote readability=\"104\">\n<h3>R\u00e9actions<\/h3>\n<p><strong>RCD\u00a0: \u00abIl est temps de r\u00e9tablir les v\u00e9rit\u00e9s et de rendre justice\u00bb<\/strong><\/p>\n<p>\u00abLe docteur Kamel Eddine Fekhar est le deuxi\u00e8me d\u00e9tenu d\u2019opinion, apr\u00e8s Mohamed Tamalt, \u00e0 \u00eatre pouss\u00e9 \u00e0 la mort en moins de 3 ans. Combien de morts faudra-t-il encore enregistrer avant que les dirigeants de notre pays comprennent que les conflits politiques et les diff\u00e9rences d\u2019opinions ne se traitent pas par l\u2019acharnement judiciaire, la r\u00e9pression et\/ou la violence arm\u00e9e\u00a0?<\/p>\n<p>Combien de femmes faudra-t-il encore rendre veuves pour que les dirigeants civils et militaires comprennent qu\u2019il faudra instaurer la libert\u00e9 et la d\u00e9mocratie pour tous\u00a0? Combien d\u2019enfants faudra-t-il encore rendre orphelins pour que les tenants du syst\u00e8me en place comprennent qu\u2019il est temps de restaurer la vraie paix dans ce pays par l\u2019acceptation de tous les Alg\u00e9riens dans \u2018\u2018toutes leurs singularit\u00e9s\u2019\u2019 et l\u2019instauration du vivre-ensemble entre nous tous\u00a0? Il est temps de r\u00e9tablir les v\u00e9rit\u00e9s et de rendre justice.\u00bb<\/p>\n<p><strong>\u00a0PT\u00a0: \u00ab\u00e7a suffit\u00a0!\u00bb<\/strong><\/p>\n<p>\u00abLe secr\u00e9tariat permanent du bureau politique du Parti des travailleurs vient d\u2019apprendre avec tristesse, col\u00e8re et consternation le d\u00e9c\u00e8s du militant le Dr Fekhar Kamel Eddine, en d\u00e9tention provisoire depuis le 31 mars 2019. Le d\u00e9c\u00e8s de ce militant en d\u00e9tention est incompr\u00e9hensible et inacceptable. Le SPBP fait porter l\u2019enti\u00e8re responsabilit\u00e9 de cette tragique disparition aux pouvoirs publics car ils l\u2019ont laiss\u00e9 mourir en prison alors qu\u2019ils \u00e9taient r\u00e9guli\u00e8rement alert\u00e9s par les avocats et la famille du d\u00e9funt de la d\u00e9t\u00e9rioration de sa sant\u00e9, de la situation de danger de mort dans laquelle il se trouvait apr\u00e8s une gr\u00e8ve de la faim qui a dur\u00e9 50 jours. \u00c7a suffit ! Plus jamais de mort dans nos prisons !<\/p>\n<p><strong>FFS\u00a0: \u00abjustice et v\u00e9rit\u00e9 sur les circonstances de ce d\u00e9c\u00e8s\u00bb<\/strong><\/p>\n<p>\u00abLe FFS vient d\u2019apprendre avec beaucoup de tristesse et de consternation le d\u00e9c\u00e8s tragique du Dr Kamal Eddine Fekhar, militant des droits de l\u2019homme et de la d\u00e9mocratie. Ce d\u00e9c\u00e8s survient apr\u00e8s plusieurs semaines de d\u00e9tention abusive et arbitraire dans des conditions insoutenables et inhumaines. Le FFS exige justice et v\u00e9rit\u00e9 et que toute la lumi\u00e8re soit faite sur les circonstances de ce d\u00e9c\u00e8s. Il r\u00e9clame la lib\u00e9ration imm\u00e9diate des autres d\u00e9tenus d\u2019opinion qui croupissent d\u2019une mani\u00e8re ill\u00e9gale et despotique dans les ge\u00f4les de la mort et des pires entraves \u00e0 la dignit\u00e9 humaine. Le FFS exige des vrais d\u00e9cideurs de ce pays de prendre rapidement des mesures d\u2019apaisement, dont la lib\u00e9ration imm\u00e9diate des d\u00e9tenus d\u2019opinion, afin d\u2019\u00e9viter au pays de s\u2019enliser dans des sc\u00e9narios chaotiques.\u00bb<\/p>\n<p><strong>LADDH\u00a0: \u00abun d\u00e9tenu d\u2019opinion\u00bb<\/strong><\/p>\n<p>La LADDH vient d\u2019apprendre avec regret le d\u00e9c\u00e8s du militant politique Kamel Fekhar \u00e0 l\u2019h\u00f4pital psychiatrique Frantz Fanon de Blida, suite \u00e0 son transfert de l\u2019h\u00f4pital de Gharda\u00efa. La LADDH rappelle que le droit \u00e0 la vie est le premier des droits. La d\u00e9gradation de son \u00e9tat de sant\u00e9 suite \u00e0 la gr\u00e8ve de la faim entam\u00e9e depuis plus de 40 jours \u00e9tait av\u00e9r\u00e9e et persister \u00e0 le laisser en d\u00e9tention est un manquement \u00e0 la protection de sa vie par les autorit\u00e9s. Faut-il pr\u00e9ciser que la gr\u00e8ve de la faim de plus de 40 jours peut constituer de s\u00e9rieux risques de sant\u00e9 physique et psychologique. Kamal Fekhar consid\u00e9rait que la gr\u00e8ve de la faim \u00e9tait une forme de protestation contre son emprisonnement injuste. Kamal Fekhar \u00e9tait un d\u00e9tenu d\u2019opinion, il n\u2019avait commis ni d\u00e9lit ni crime. La LADDH exige une enqu\u00eate ind\u00e9pendante et impartiale pour d\u00e9terminer les causes de son d\u00e9c\u00e8s et les responsabilit\u00e9s quant aux d\u00e9faillances relatives \u00e0 la protection de la vie de Kamel Fekhar.\u00bb<\/p>\n<p><strong>Sa\u00efd Sadi\u00a0: \u00abSa mort nous r\u00e9volte et nous interpelle\u00bb<\/strong><\/p>\n<p>\u00abLe docteur Kamel Eddine Fekhar vient de d\u00e9c\u00e9der \u00e0 la suite d\u2019une longue gr\u00e8ve de la faim d\u00e9clench\u00e9e apr\u00e8s une autre arrestation arbitraire. Lui, dont la mission fut de prot\u00e9ger la vie, a \u00e9t\u00e9 priv\u00e9 de la sienne. Fier de son ibadit\u00e9, intransigeant sur ses convictions d\u00e9mocratiques, il s\u2019est toujours interdit le confort des demi-mesures. Il \u00e9tait l\u2019un des symboles de l\u2019Alg\u00e9rie plurielle et fraternelle qui se dessine aujourd\u2019hui et qu\u2019il ne conna\u00eetra pas. Au-del\u00e0 de sa famille et de ses proches auxquels nous devons solidarit\u00e9 et compassion, sa mort nous r\u00e9volte et nous interpelle tous.<\/p>\n<p>D\u2019abord parce qu\u2019elle met brutalement fin \u00e0 l\u2019existence d\u2019un citoyen qui ne demandait qu\u2019\u00e0 s\u2019exprimer librement et pacifiquement dans son pays pour se mettre au service de la collectivit\u00e9; ensuite parce que cette tragique disparition nous rappelle qu\u2019en Alg\u00e9rie aussi des femmes et des hommes qui ne sont pas les plus d\u00e9munis socialement acceptent de se mettre en danger pour l\u2019honneur et la justice.\u00bb<\/p>\n<p><strong>RAJ\u00a0: \u00abtriste et tragique\u00bb<\/strong><\/p>\n<p>\u00abTriste et tragique la nouvelle du d\u00e9c\u00e8s de l\u2019activiste et militant Kamel Eddine Fekhar \u00e0 l\u2019h\u00f4pital Frantz Fanon de Blida, o\u00f9 il a \u00e9t\u00e9 transf\u00e9r\u00e9 suite \u00e0 la d\u00e9t\u00e9rioration de son \u00e9tat de sant\u00e9. Cette mort tragique, qui s\u2019ajoute \u00e0 celle de Mohamed Tamalt en prison, a d\u00e9montr\u00e9 une autre fois \u00e0 quel point le pouvoir r\u00e9pressif et autoritaire m\u00e9prise la vie humaine.<br \/>Face cette mort tragique, le RAJ pr\u00e9sente ses condol\u00e9ances les plus sinc\u00e8res \u00e0 sa famille et appelle \u00e0 l\u2019ouverture d\u2019une d\u2019enqu\u00eate ind\u00e9pendante et transparente pour d\u00e9terminer les circonstances de la mort de Kamel Eddine Fekhar.\u00bb<\/p>\n<p><strong>\u00a0Yasmina Khadra\u00a0: \u00abil devient normal de mourir\u00a0 pour ses id\u00e9es\u00bb<\/strong><\/p>\n<p>\u00abKamel Eddine Fekhar est mort en d\u00e9tention. Il ne f\u00eatera pas l\u2019A\u00efd avec ses enfants, ni avec ses proches, ni avec ses amis. Il est mort parce qu\u2019il voulait vivre libre dans un pays libre et digne de ses martyrs. Je ne connaissais pas ce militant du FFS, j\u2019ignore s\u2019il \u00e9tait bon ou pas, je sais seulement qu\u2019il \u00e9tait Alg\u00e9rien et qu\u2019il militait pour ce qu\u2019il estimait \u00eatre juste. Dans un monde o\u00f9 il devient normal de mourir pour ses id\u00e9es, finir au bout d\u2019une interminable gr\u00e8ve de la faim est un affront pour chaque je\u00fbneur qui rompt l\u2019\u00e9preuve du jour \u00e0 l\u2019heure du ftour. A croire qu\u2019on n\u2019a plus d\u2019empathie, plus de responsabilit\u00e9. Un homme s\u2019interdit de se nourrir pour que nous puissions jouir pleinement de nos droits ne doit pas dispara\u00eetre comme une volute de fum\u00e9e, comme s\u2019il n\u2019avait jamais exist\u00e9. Ce serait l\u2019achever deux fois.\u00bb<\/p>\n<p><strong>Mohamed Benchicou\u00a0: \u00abun nom grav\u00e9 dans la chair\u2026\u00bb<\/strong><\/p>\n<p>\u00abIl ne verra pas fleurir le printemps alg\u00e9rien dont il aura \u00e9t\u00e9 l\u2019un des plus acharn\u00e9s artisans. Kamel Eddine Fekhar est mort, tu\u00e9 par l\u2019arrogance imb\u00e9cile de ces hommes sans panache qui se sont donn\u00e9 la triste mission de faire barrage aux bourrasques de la libert\u00e9. Fekhar \u00e9tait un croyant, un vrai, il croyait aussi fort en Dieu qu\u2019en les hommes. Chez lui, les droits de l\u2019homme n\u2019\u00e9taient pas une formule de circonstance, mais une foi. C\u2019est cette foi que les juges qui l\u2019ont condamn\u00e9, les responsables qui l\u2019ont d\u00e9sign\u00e9, les ge\u00f4liers de l\u2019ombre qui l\u2019ont arrach\u00e9 \u00e0 sa vie, c\u2019est cette foi qu\u2019ils ont voulu tuer.\u00bb<\/p>\n<\/blockquote>\n<p><span class=\"post-views-label\">Post Views:<\/span> <span class=\"post-views-count\">1\u00a0130<\/span><\/p>\n<p>Auteur: Hicham Chouadria<br \/>\n<a href=\"https:\/\/www.elwatan.com\/a-la-une\/kamel-eddine-fekhar-etait-un-militant-entier-jusquau-bout-de-lengagement-29-05-2019\">Cliquez ici pour lire l&rsquo;article depuis sa source.<\/a><\/p>\n","protected":false},"excerpt":{"rendered":"<p>Il d\u00e9c\u00e8de en d\u00e9tention apr\u00e8s une longue gr\u00e8ve de la faim La paisible vall\u00e9e du M\u2019zab est replong\u00e9e dans la douleur. Propuls\u00e9e une nouvelle fois dans la trag\u00e9die humaine, elle ne cesse de pleurer ses enfants, comme si elle \u00e9tait condamn\u00e9e aux larmes. A ses plaies b\u00e9antes, s\u2019ajoute une autre blessure. Elle vient de perdre [&hellip;]<\/p>\n","protected":false},"author":1743,"featured_media":37530,"comment_status":"closed","ping_status":"closed","sticky":false,"template":"","format":"standard","meta":{"fifu_image_url":"","fifu_image_alt":"","footnotes":""},"categories":[73,53],"tags":[],"class_list":["post-37529","post","type-post","status-publish","format-standard","has-post-thumbnail","hentry","category-actualite","category-algerie"],"_links":{"self":[{"href":"https:\/\/linitiative.ca\/International\/wp-json\/wp\/v2\/posts\/37529","targetHints":{"allow":["GET"]}}],"collection":[{"href":"https:\/\/linitiative.ca\/International\/wp-json\/wp\/v2\/posts"}],"about":[{"href":"https:\/\/linitiative.ca\/International\/wp-json\/wp\/v2\/types\/post"}],"author":[{"embeddable":true,"href":"https:\/\/linitiative.ca\/International\/wp-json\/wp\/v2\/users\/1743"}],"replies":[{"embeddable":true,"href":"https:\/\/linitiative.ca\/International\/wp-json\/wp\/v2\/comments?post=37529"}],"version-history":[{"count":0,"href":"https:\/\/linitiative.ca\/International\/wp-json\/wp\/v2\/posts\/37529\/revisions"}],"wp:featuredmedia":[{"embeddable":true,"href":"https:\/\/linitiative.ca\/International\/wp-json\/"}],"wp:attachment":[{"href":"https:\/\/linitiative.ca\/International\/wp-json\/wp\/v2\/media?parent=37529"}],"wp:term":[{"taxonomy":"category","embeddable":true,"href":"https:\/\/linitiative.ca\/International\/wp-json\/wp\/v2\/categories?post=37529"},{"taxonomy":"post_tag","embeddable":true,"href":"https:\/\/linitiative.ca\/International\/wp-json\/wp\/v2\/tags?post=37529"}],"curies":[{"name":"wp","href":"https:\/\/api.w.org\/{rel}","templated":true}]}}