{"id":37536,"date":"2019-05-29T15:14:13","date_gmt":"2019-05-29T19:14:13","guid":{"rendered":"https:\/\/linitiative.ca\/International\/ligue-1-2-mca-souibaah-je-nai-pas-ete-epargne-par-les-chnaoua-alors-que-jai-termine-meilleur-buteur-de-lequipe\/"},"modified":"2019-05-29T15:14:13","modified_gmt":"2019-05-29T19:14:13","slug":"ligue-1-2-mca-souibaah-je-nai-pas-ete-epargne-par-les-chnaoua-alors-que-jai-termine-meilleur-buteur-de-lequipe","status":"publish","type":"post","link":"https:\/\/linitiative.ca\/International\/ligue-1-2-mca-souibaah-je-nai-pas-ete-epargne-par-les-chnaoua-alors-que-jai-termine-meilleur-buteur-de-lequipe\/","title":{"rendered":"Ligue 1 &amp; 2 : MCA : Souibaah \u00abJe n\u2019ai pas \u00e9t\u00e9 \u00e9pargn\u00e9 par les Chnaoua alors que j\u2019ai termin\u00e9 meilleur buteur de l\u2019\u00e9quipe\u00bb"},"content":{"rendered":"<div readability=\"32\">\n<p>Auteur : <span>R.B<\/span> <span class=\"time\">mercredi 29 mai 2019 17:12<\/span><\/p>\n<\/div>\n<div id=\"post_core\" readability=\"63\">\n<p>Habituellement tr\u00e8s discret, Mohamed Souibaah est revenu sur l\u2019attitude du public du 5-Juillet qu\u2019il a pris en grippe. Meilleure buteur du club, Mohamed \u00e9voque aussi la saison qu\u2019il vient de s\u2019\u00e9couler.<\/p>\n<p><strong>Comment vous sentez-vous apr\u00e8s la fin de la saison ?<\/strong><br \/>Je me sens bien. On est en plein mois sacr\u00e9, celui du pardon. C\u2019est l\u2019occasion de rapprocher de Dieu par nos pri\u00e8res.<br \/><strong>Vous avez termin\u00e9 l\u2019exercice sur un succ\u00e8s contre l\u2019ASAM sur un score \u00e9loquent\u2026<\/strong><br \/>On voulait \u00e0 tout prix gagner ce dernier match de la saison chez nous devant nos supporters. On a jou\u00e9 sans pression, ce qui nous a permis de marquer quatre buts. Apr\u00e8s l\u2019\u00e9galisation de l\u2019ASAM, on ne s\u2019est pas d\u00e9sunis. Bien au contraire, on est repartis \u00e0 l\u2019abordage, ce qui nous a permis de mettre deux autres buts dans le money time.<br \/><strong>Au cours de ce match, vous avez \u00e9t\u00e9 pris pour cible par les Chnaoua alors que vous avez inscrit le deuxi\u00e8me but de votre \u00e9quipe. On sait que vous avez tr\u00e8s affect\u00e9 par ce comportement\u2026<\/strong><br \/>Il faut savoir que je vis cela depuis quelques matchs et pas seulement contre l\u2019ASAM. Le comprends la frustration des supporters qui veulent me voir marquer chaque week-end. Mais vous constatez de visu que je marque ou pas, je suis pris pour cible. Mais croyez-moi, je comprends la col\u00e8re de nos supporters qui voient leur \u00e9quipe perdre tous les objectifs. Je reconnais que je suis pass\u00e9 \u00e0 travers quelques matchs. Mais c\u2019est le cas pour toute l\u2019\u00e9quipe et pas uniquement Souibaah.<br \/><strong>Vous \u00eates avec Bourdim, les deux joueurs qui ont \u00e9t\u00e9 le plus invectiv\u00e9s par le public mouloud\u00e9en.<\/strong><br \/>Logique de s\u2019exposer \u00e0 des critiques lorsqu\u2019on \u00e9volue dans un grand club comme le Mouloudia. On est content lorsqu\u2019on est ovationn\u00e9 apr\u00e8s un grand match, il faut accepter les critiques lorsqu\u2019on est \u00e0 c\u00f4t\u00e9 de son sujet. C\u2019est la loi de ce sport. Mais ce qui surprend dans mon cas, c\u2019est que je suis le meilleur buteur de l\u2019\u00e9quipe et pourtant je suis le plus cibl\u00e9 par les critiques.<br \/><strong>C&rsquo;est-\u00e0-dire\u2026<\/strong><br \/>Je termine la saison avec le statut de meilleur buteur de l\u2019\u00e9quipe avec six r\u00e9alisations et malgr\u00e9 cela je n\u2019ai pas \u00e9t\u00e9 \u00e9pargn\u00e9. On a \u00e9t\u00e9 intransigeant avec moi. C\u2019est vrai que la r\u00e9colte est faible par rapport \u00e0 mon poste. Mais j\u2019avais besoin de soutien pour am\u00e9liorer mes statistiques plut\u00f4t que d\u2019essuyer les insultes qui influent n\u00e9gativement sur mes performances. Ce n\u2019est pas facile de subir une pression surtout que l\u2019\u00e9quipe \u00e9tait dans l\u2019impasse apr\u00e8s l\u2019\u00e9limination de la Ligue des champions. Nous \u00e9tions tous hors sujet lors de certains matches et pas uniquement Souibaah. Mais je le dis haut et fort, j\u2019accepte les critiques et je ne tiens pas rigueur aux Chnaoua car ce fut un honneur de porter le maillot d\u2019un club comme le Mouloudia. J\u2019ai le c\u0153ur blanc. Je n\u2019ai pas la rancune tenace.\u00a0\u00a0\u00a0\u00a0<br \/><strong>Ne pensez-vous pas que les supporters sont d\u00e9\u00e7us car ils attendaient beaucoup plus de vous apr\u00e8s avoir brill\u00e9 la saison derni\u00e8re ?<\/strong><br \/>Peut-\u00eatre que cette explication est logique concernant ce que je viens de vivre car des supporters ont m\u00eame exig\u00e9 mon d\u00e9part du club. Ce n\u2019est quelque chose facile qu\u2019on accepte sans brancher. C\u2019est vrai que j\u2019\u00e9tais tr\u00e8s performant la saison derni\u00e8re et les fans attendaient de moi la confirmation ou m\u00eame un meilleur rendement. Mais j\u2019ai d\u00fb me contenter de six buts. En r\u00e9alit\u00e9, mon rendement refl\u00e8te celui de l\u2019\u00e9quipe qui est pass\u00e9e par des moments tr\u00e8s difficiles. Et puis, il y a les nombreux changements au niveau du staff technique qui ont eu des r\u00e9percussions n\u00e9gatives sur le rendement du groupe.<br \/><strong>On parle beaucoup ces derniers temps sur l\u2019absence de motivation chez la direction qui refuserait de vous proposer une prolongation de contrat.<\/strong><br \/>Il est vrai que je suis en fin de contrat et donc je suis libre de tout engagement. Mais pour l\u2019instant, je n\u2019ai pas encore rencontr\u00e9 Omar Ghrib afin de parler de ma situation et de mon avenir. Pour ce qui est de votre question, je ne connais pas les motivations de la direction. Je n\u2019ai pas eu d\u2019\u00e9cho concernant la volont\u00e9 ou pas du club de me proposer une prolongation de contrat. Maintenant, je suis libre d\u2019\u00e9tudier toutes les offres qui me parviendront.<br \/><strong>En toute sinc\u00e9rit\u00e9, est-ce que vous avez envie de poursuivre l\u2019aventure avec le MCA ou bien partir vers d\u2019autres cieux ?<\/strong><br \/>Mais chaque joueur pr\u00f4ne la stabilit\u00e9. Quel est l\u2019\u00e9l\u00e9ment qui ne veut pas jouer au Mouloudia ? Et je peux vous dire que ce fut pour moi un tr\u00e8s grand honneur d\u2019avoir port\u00e9 les couleurs d\u2019un club aussi prestigieux. A pr\u00e9sent, s\u2019il n\u2019y a pas une volont\u00e9 du staff technique et de la direction de me garder et bien je partirai car c\u2019est \u00e7a la vie d\u2019un footballeur.<br \/><strong>On croit savoir que vous avez \u00e9t\u00e9 approch\u00e9 par le CSC et le CSC et m\u00eame par des clubs des pays du Golfe. Confirmez-vous cette information ?<\/strong><br \/>Je ne veux pas parler des clubs solliciteurs. Ce que je peux dire par contre, c\u2019est que j\u2019ai des offres au niveau national et \u00e0 l\u2019\u00e9tranger.<br \/><strong>Quand allez-vous prendre une d\u00e9cision finale \u00e0 propos de votre avenir ?<\/strong><br \/>Je devrai trancher juste apr\u00e8s l\u2019A\u00efd El Fitr. Je ne veux pas trop tarder car je veux partir en vacances pour \u00e9vacuer tout le stress accumul\u00e9 apr\u00e8s une saison tr\u00e8s longue et \u00e9reintante\u00a0 \u00a0<br \/><strong>On vous laisse le soin de conclure ?<\/strong><br \/>Je souhaite toute la r\u00e9ussite au Mouloudia que je reste ou que je quitte le club. J\u2019esp\u00e8re qu\u2019il gagnera des titres car c\u2019est un club qui doit jouer chaque ann\u00e9e les premiers r\u00f4les. Je profite de l\u2019occasion pour souhaiter \u00e0 l\u2019avance un bon l\u2019A\u00efd \u00e0 tous les Alg\u00e9riens et aux supporters du MCA.<br \/>\u00a0<\/p>\n<p><strong>Publi\u00e9 dans :<\/strong> <span>mca<\/span> <span>Souibaah<\/span><\/p>\n<\/div>\n<p>Auteur:<br \/>\n<a href=\"http:\/\/www.lebuteur.com\/article\/detail?titre=mca-souibaah-je-nai-pas-ete-epargne-par-les-chnaoua-alors-que-jai-termine-meilleur-buteur-de-lequipe&#038;id=89190&#038;utm_source=feedburner&#038;utm_medium=feed&#038;utm_campaign=Feed%3A+GalerieFArtciles+%28Les+derniers+articles++-+lebuteur.com%29\">Cliquez ici pour lire l&rsquo;article depuis sa source.<\/a><\/p>\n","protected":false},"excerpt":{"rendered":"<p>Auteur : R.B mercredi 29 mai 2019 17:12 Habituellement tr\u00e8s discret, Mohamed Souibaah est revenu sur l\u2019attitude du public du 5-Juillet qu\u2019il a pris en grippe. Meilleure buteur du club, Mohamed \u00e9voque aussi la saison qu\u2019il vient de s\u2019\u00e9couler. Comment vous sentez-vous apr\u00e8s la fin de la saison ?Je me sens bien. On est en [&hellip;]<\/p>\n","protected":false},"author":1738,"featured_media":37537,"comment_status":"closed","ping_status":"closed","sticky":false,"template":"","format":"standard","meta":{"fifu_image_url":"","fifu_image_alt":"","footnotes":""},"categories":[53,75],"tags":[],"class_list":["post-37536","post","type-post","status-publish","format-standard","has-post-thumbnail","hentry","category-algerie","category-sport"],"_links":{"self":[{"href":"https:\/\/linitiative.ca\/International\/wp-json\/wp\/v2\/posts\/37536","targetHints":{"allow":["GET"]}}],"collection":[{"href":"https:\/\/linitiative.ca\/International\/wp-json\/wp\/v2\/posts"}],"about":[{"href":"https:\/\/linitiative.ca\/International\/wp-json\/wp\/v2\/types\/post"}],"author":[{"embeddable":true,"href":"https:\/\/linitiative.ca\/International\/wp-json\/wp\/v2\/users\/1738"}],"replies":[{"embeddable":true,"href":"https:\/\/linitiative.ca\/International\/wp-json\/wp\/v2\/comments?post=37536"}],"version-history":[{"count":0,"href":"https:\/\/linitiative.ca\/International\/wp-json\/wp\/v2\/posts\/37536\/revisions"}],"wp:featuredmedia":[{"embeddable":true,"href":"https:\/\/linitiative.ca\/International\/wp-json\/"}],"wp:attachment":[{"href":"https:\/\/linitiative.ca\/International\/wp-json\/wp\/v2\/media?parent=37536"}],"wp:term":[{"taxonomy":"category","embeddable":true,"href":"https:\/\/linitiative.ca\/International\/wp-json\/wp\/v2\/categories?post=37536"},{"taxonomy":"post_tag","embeddable":true,"href":"https:\/\/linitiative.ca\/International\/wp-json\/wp\/v2\/tags?post=37536"}],"curies":[{"name":"wp","href":"https:\/\/api.w.org\/{rel}","templated":true}]}}