{"id":37557,"date":"2019-05-29T13:50:00","date_gmt":"2019-05-29T17:50:00","guid":{"rendered":"https:\/\/linitiative.ca\/International\/locaux-commerciaux-fermes-le-ministere-du-logement-decide-de-reprendre-la-main\/"},"modified":"2019-05-29T13:50:00","modified_gmt":"2019-05-29T17:50:00","slug":"locaux-commerciaux-fermes-le-ministere-du-logement-decide-de-reprendre-la-main","status":"publish","type":"post","link":"https:\/\/linitiative.ca\/International\/locaux-commerciaux-fermes-le-ministere-du-logement-decide-de-reprendre-la-main\/","title":{"rendered":"LOCAUX COMMERCIAUX FERMES  : Le minist\u00e8re du logement d\u00e9cide de reprendre la main"},"content":{"rendered":"<p><br id=\"sep_para_1\" class=\"sep_para access\"\/><\/p>\n<div id=\"para_1\" class=\"para_31351606 resize\">\n<div class=\"texte access firstletter\">Et la priorit\u00e9 est d\u00e9sormais inscrite dans un communiqu\u00e9 : le retrait imm\u00e9diat de ces locaux de la gestion de l\u2019OPGI. D\u00e9s lors, le minist\u00e8re du logement a ordonn\u00e9 le transfert vers les walis des dossiers de gestion de tous les locaux commerciaux de l\u2019OPGI non vendus. Ces derniers devront \u00eatre mis \u00e0 disposition des promoteurs ayant des investissements dans les cadres des programmes ANSEJ, CNAC, ANGEM. Ainsi, le minist\u00e8re a ordonn\u00e9 aux directeurs de wilaya de fournir aux walis toutes les informations concernant les lieux, leurs surfaces, adresses, ainsi que le prix de location de ces locaux. Des commissions de wilayas s\u2019occuperont de cette op\u00e9ration de distribution apr\u00e8s \u00e9tude des dossiers des int\u00e9ress\u00e9s, selon la m\u00eame source. Ces derniers seront automatiquement exempt de payer les droits d\u2019exploitation. A cette fin le minist\u00e8re du logement a mis en place un cahier des charges portant sur les informations concernant les locaux et les conditions contractuelles.<\/div>\n<\/div>\n<p>Auteur: Ismain<br \/>\n<a href=\"https:\/\/www.reflexiondz.net\/LOCAUX-COMMERCIAUX-FERMES-Le-ministere-du-logement-decide-de-reprendre-la-main_a56038.html\">Cliquez ici pour lire l&rsquo;article depuis sa source.<\/a><\/p>\n","protected":false},"excerpt":{"rendered":"<p>Et la priorit\u00e9 est d\u00e9sormais inscrite dans un communiqu\u00e9 : le retrait imm\u00e9diat de ces locaux de la gestion de l\u2019OPGI. D\u00e9s lors, le minist\u00e8re du logement a ordonn\u00e9 le transfert vers les walis des dossiers de gestion de tous les locaux commerciaux de l\u2019OPGI non vendus. Ces derniers devront \u00eatre mis \u00e0 disposition des [&hellip;]<\/p>\n","protected":false},"author":1740,"featured_media":0,"comment_status":"closed","ping_status":"closed","sticky":false,"template":"","format":"standard","meta":{"fifu_image_url":"","fifu_image_alt":"","footnotes":""},"categories":[53,76],"tags":[],"class_list":["post-37557","post","type-post","status-publish","format-standard","hentry","category-algerie","category-regions"],"_links":{"self":[{"href":"https:\/\/linitiative.ca\/International\/wp-json\/wp\/v2\/posts\/37557","targetHints":{"allow":["GET"]}}],"collection":[{"href":"https:\/\/linitiative.ca\/International\/wp-json\/wp\/v2\/posts"}],"about":[{"href":"https:\/\/linitiative.ca\/International\/wp-json\/wp\/v2\/types\/post"}],"author":[{"embeddable":true,"href":"https:\/\/linitiative.ca\/International\/wp-json\/wp\/v2\/users\/1740"}],"replies":[{"embeddable":true,"href":"https:\/\/linitiative.ca\/International\/wp-json\/wp\/v2\/comments?post=37557"}],"version-history":[{"count":0,"href":"https:\/\/linitiative.ca\/International\/wp-json\/wp\/v2\/posts\/37557\/revisions"}],"wp:attachment":[{"href":"https:\/\/linitiative.ca\/International\/wp-json\/wp\/v2\/media?parent=37557"}],"wp:term":[{"taxonomy":"category","embeddable":true,"href":"https:\/\/linitiative.ca\/International\/wp-json\/wp\/v2\/categories?post=37557"},{"taxonomy":"post_tag","embeddable":true,"href":"https:\/\/linitiative.ca\/International\/wp-json\/wp\/v2\/tags?post=37557"}],"curies":[{"name":"wp","href":"https:\/\/api.w.org\/{rel}","templated":true}]}}