{"id":37558,"date":"2019-05-29T13:50:00","date_gmt":"2019-05-29T17:50:00","guid":{"rendered":"https:\/\/linitiative.ca\/International\/enquete-sur-vitajus-de-melzi\/"},"modified":"2019-05-29T13:50:00","modified_gmt":"2019-05-29T17:50:00","slug":"enquete-sur-vitajus-de-melzi","status":"publish","type":"post","link":"https:\/\/linitiative.ca\/International\/enquete-sur-vitajus-de-melzi\/","title":{"rendered":"Enqu\u00eate sur Vitajus de Melzi"},"content":{"rendered":"<p><br id=\"sep_para_1\" class=\"sep_para access\"\/><\/p>\n<div id=\"para_1\" class=\"para_31351659 resize\">\n<div class=\"texte access firstletter\">Cr\u00e9\u00e9e en 1999 par les fr\u00e8res Belfar \u00e0 Blida, Vitajus s\u2019\u00e9tait embourb\u00e9e dans des difficult\u00e9s financi\u00e8res \u00e0 partir de 2013 avant d\u2019\u00eatre reprise en 2015 par Ahmed Melzi, le fils cadet du PDG de l\u2019EGT Sahel qui g\u00e8re les r\u00e9sidences d\u2019Etat et patron d\u2019une petite entreprise commercialisant les boissons \u00e9nergisantes lanc\u00e9e cinq ans auparavant. Ce rachat avait suscit\u00e9 une pol\u00e9mique sur l\u2019origine des fonds mobilis\u00e9s pour le financer.\u00a0 Ag\u00e9 de 30 ans au moment du rachat de l\u2019entreprise, Ahmed Melzi n\u2019\u00e9tait pas un entrepreneur connu. Il g\u00e9rait une petite entreprise sp\u00e9cialis\u00e9e dans la commercialisation des boissons \u00e9nergisantes, \u00e0 savoir T. Energy qu\u2019il avait lanc\u00e9 cinq ans auparavant. Et ne g\u00e9n\u00e9rait pas assez de cash pour financer une telle transaction. Comment, donc, Ahmed Melzi a-t-il pu financer le rachat en 2015 de Vitajus pour 2,5 milliards DZD (24,8 millions USD au taux de change de l\u2019\u00e9poque) ?<\/div>\n<\/div>\n<p>Auteur: R\u00e9flexion<br \/>\n<a href=\"https:\/\/www.reflexiondz.net\/Enquete-sur-Vitajus-de-Melzi_a56042.html\">Cliquez ici pour lire l&rsquo;article depuis sa source.<\/a><\/p>\n","protected":false},"excerpt":{"rendered":"<p>Cr\u00e9\u00e9e en 1999 par les fr\u00e8res Belfar \u00e0 Blida, Vitajus s\u2019\u00e9tait embourb\u00e9e dans des difficult\u00e9s financi\u00e8res \u00e0 partir de 2013 avant d\u2019\u00eatre reprise en 2015 par Ahmed Melzi, le fils cadet du PDG de l\u2019EGT Sahel qui g\u00e8re les r\u00e9sidences d\u2019Etat et patron d\u2019une petite entreprise commercialisant les boissons \u00e9nergisantes lanc\u00e9e cinq ans auparavant. Ce [&hellip;]<\/p>\n","protected":false},"author":1740,"featured_media":0,"comment_status":"closed","ping_status":"closed","sticky":false,"template":"","format":"standard","meta":{"fifu_image_url":"","fifu_image_alt":"","footnotes":""},"categories":[53,76],"tags":[],"class_list":["post-37558","post","type-post","status-publish","format-standard","hentry","category-algerie","category-regions"],"_links":{"self":[{"href":"https:\/\/linitiative.ca\/International\/wp-json\/wp\/v2\/posts\/37558","targetHints":{"allow":["GET"]}}],"collection":[{"href":"https:\/\/linitiative.ca\/International\/wp-json\/wp\/v2\/posts"}],"about":[{"href":"https:\/\/linitiative.ca\/International\/wp-json\/wp\/v2\/types\/post"}],"author":[{"embeddable":true,"href":"https:\/\/linitiative.ca\/International\/wp-json\/wp\/v2\/users\/1740"}],"replies":[{"embeddable":true,"href":"https:\/\/linitiative.ca\/International\/wp-json\/wp\/v2\/comments?post=37558"}],"version-history":[{"count":0,"href":"https:\/\/linitiative.ca\/International\/wp-json\/wp\/v2\/posts\/37558\/revisions"}],"wp:attachment":[{"href":"https:\/\/linitiative.ca\/International\/wp-json\/wp\/v2\/media?parent=37558"}],"wp:term":[{"taxonomy":"category","embeddable":true,"href":"https:\/\/linitiative.ca\/International\/wp-json\/wp\/v2\/categories?post=37558"},{"taxonomy":"post_tag","embeddable":true,"href":"https:\/\/linitiative.ca\/International\/wp-json\/wp\/v2\/tags?post=37558"}],"curies":[{"name":"wp","href":"https:\/\/api.w.org\/{rel}","templated":true}]}}