{"id":37559,"date":"2019-05-29T13:50:00","date_gmt":"2019-05-29T17:50:00","guid":{"rendered":"https:\/\/linitiative.ca\/International\/benyamina-youcef-reagit-la-pepiniere-des-roses-inaugure-son-entree-a-mostaganem\/"},"modified":"2019-05-29T13:50:00","modified_gmt":"2019-05-29T17:50:00","slug":"benyamina-youcef-reagit-la-pepiniere-des-roses-inaugure-son-entree-a-mostaganem","status":"publish","type":"post","link":"https:\/\/linitiative.ca\/International\/benyamina-youcef-reagit-la-pepiniere-des-roses-inaugure-son-entree-a-mostaganem\/","title":{"rendered":"BENYAMINA YOUCEF REAGIT : La P\u00e9pini\u00e8re des roses inaugure  son entr\u00e9e \u00e0 Mostaganem"},"content":{"rendered":"<p><br id=\"sep_para_1\" class=\"sep_para access\"\/><\/p>\n<div id=\"para_1\" class=\"para_31351578 resize\">\n<div class=\"texte access firstletter\">La branche d\u2019activit\u00e9 de la floriculture et fleurs coup\u00e9es vient d\u2019inaugurer son entr\u00e9e \u00e0 Mostaganem par le lancement de la plus grande p\u00e9pini\u00e8re de la culture des Roses en Alg\u00e9rie. Ce projet est lanc\u00e9 par le jeune investisseur Benyamina Youcef en partenariat avec les hollandais, pour la culture des roses de serres avec des \u00e9quipements ultra modernes et de syst\u00e8me d\u2019irrigation intelligent. Selon le responsable du projet, monsieur Benyamina Youcef, il s\u2019agit d\u2019un projet fructueux pour la wilaya, une fois achev\u00e9 il va couvrir le march\u00e9 local en roses avec la possibilit\u00e9 de l\u2019exportation, ainsi que l\u2019embauche de plus de 100 travailleurs et les opportunit\u00e9s de recherches pour les universitaires en agronomie.\u00a0 Contrairement \u00e0 certaines rumeurs qui parlent de projet promotionnel, et d\u2019autres convoitises et chuchotements autour du dit terrain, le propri\u00e9taire a tenu \u00e0 s\u2019expliquer en toute clart\u00e9 sur l\u2019historique du projet. Le site du projet s\u2019\u00e9tale sur un terrain agricole \u2018\u2019imtiyaz\u2019\u2019 d\u2019une superficie de 8 hectares. Le projet est totalement agricole, le b\u00e9n\u00e9ficiaire a respect\u00e9 la vocation agricole du terrain en lan\u00e7ant son projet du si\u00e8cle, une p\u00e9pini\u00e8re de roses pour la production locale et l\u2019exportation en partenariat avec les Hollandais. Les travaux sont lanc\u00e9s, un mur d\u2019entourage luxueux vient d\u2019\u00eatre \u00e9rig\u00e9 tout autour du terrain, pour donner plus de beaut\u00e9 au site, et des \u00e9quipements, des serres poly\u00e9thyl\u00e8ne serres et d\u2019ombri\u00e8res sont d\u00e9j\u00e0 install\u00e9s.\u00a0\u00a0\u00a0\u00a0\u00a0\u00a0\u00a0\u00a0\u00a0<\/div>\n<\/div>\n<p>Auteur: Riad<br \/>\n<a href=\"https:\/\/www.reflexiondz.net\/BENYAMINA-YOUCEF-REAGIT-La-Pepiniere-des-roses-inaugure-son-entree-a-Mostaganem_a56036.html\">Cliquez ici pour lire l&rsquo;article depuis sa source.<\/a><\/p>\n","protected":false},"excerpt":{"rendered":"<p>La branche d\u2019activit\u00e9 de la floriculture et fleurs coup\u00e9es vient d\u2019inaugurer son entr\u00e9e \u00e0 Mostaganem par le lancement de la plus grande p\u00e9pini\u00e8re de la culture des Roses en Alg\u00e9rie. Ce projet est lanc\u00e9 par le jeune investisseur Benyamina Youcef en partenariat avec les hollandais, pour la culture des roses de serres avec des \u00e9quipements [&hellip;]<\/p>\n","protected":false},"author":1740,"featured_media":0,"comment_status":"closed","ping_status":"closed","sticky":false,"template":"","format":"standard","meta":{"fifu_image_url":"","fifu_image_alt":"","footnotes":""},"categories":[53,76],"tags":[],"class_list":["post-37559","post","type-post","status-publish","format-standard","hentry","category-algerie","category-regions"],"_links":{"self":[{"href":"https:\/\/linitiative.ca\/International\/wp-json\/wp\/v2\/posts\/37559","targetHints":{"allow":["GET"]}}],"collection":[{"href":"https:\/\/linitiative.ca\/International\/wp-json\/wp\/v2\/posts"}],"about":[{"href":"https:\/\/linitiative.ca\/International\/wp-json\/wp\/v2\/types\/post"}],"author":[{"embeddable":true,"href":"https:\/\/linitiative.ca\/International\/wp-json\/wp\/v2\/users\/1740"}],"replies":[{"embeddable":true,"href":"https:\/\/linitiative.ca\/International\/wp-json\/wp\/v2\/comments?post=37559"}],"version-history":[{"count":0,"href":"https:\/\/linitiative.ca\/International\/wp-json\/wp\/v2\/posts\/37559\/revisions"}],"wp:attachment":[{"href":"https:\/\/linitiative.ca\/International\/wp-json\/wp\/v2\/media?parent=37559"}],"wp:term":[{"taxonomy":"category","embeddable":true,"href":"https:\/\/linitiative.ca\/International\/wp-json\/wp\/v2\/categories?post=37559"},{"taxonomy":"post_tag","embeddable":true,"href":"https:\/\/linitiative.ca\/International\/wp-json\/wp\/v2\/tags?post=37559"}],"curies":[{"name":"wp","href":"https:\/\/api.w.org\/{rel}","templated":true}]}}