{"id":37560,"date":"2019-05-29T13:50:00","date_gmt":"2019-05-29T17:50:00","guid":{"rendered":"https:\/\/linitiative.ca\/International\/vide-institutionnel\/"},"modified":"2019-05-29T13:50:00","modified_gmt":"2019-05-29T17:50:00","slug":"vide-institutionnel","status":"publish","type":"post","link":"https:\/\/linitiative.ca\/International\/vide-institutionnel\/","title":{"rendered":"Vide institutionnel"},"content":{"rendered":"<p><br id=\"sep_para_1\" class=\"sep_para access\"\/><\/p>\n<div id=\"para_1\" class=\"para_31351631 resize\">\n<div class=\"texte access firstletter\">Chez nous, si on tient compte des 4 Constitutions et des six amendements depuis l\u2019Ind\u00e9pendance, on peut dire que la moyenne de vie de nos constitutions est de cinq ann\u00e9es et demie ! Un seul titulaire en est m\u00eame venu \u00e0 faire amender \u00e0 3 diff\u00e9rentes occasions, la Constitution \u00e9labor\u00e9e par son pr\u00e9d\u00e9cesseur. Sachons reconna\u00eetre le travers de nos dirigeants qui parfois ont consid\u00e9r\u00e9 qu\u2019il fallait \u00e0 chacun \u201csa\u201d Constitution pour imposer \u201csa\u201d vision plut\u00f4t que pour permettre au peuple souverain de s\u2019exprimer. Sachons corriger ce travers en redonnant \u00e0 l\u2019article 7 toute sa force et en cherchant une solution pragmatique qui assurera que la transition, toute la transition soit plac\u00e9e fermement entre les mains de personnes int\u00e8gres, ind\u00e9pendantes, n\u2019appartenant pas \u00e0 des formations politiques, \u00e0 m\u00eame de permettre une mise sur pied d\u00e9mocratique de nouvelles institutions.\u00a0 Le g\u00e9nie du Peuple alg\u00e9rien est sorti de la bouteille. Que chacun ait le courage de l\u2019accompagner, de le canaliser peut-\u00eatre mais s\u2019abstienne de tenter de l\u2019y faire retourner. Aussi d\u00e9taill\u00e9es que soient les Constitutions, elles ne peuvent pr\u00e9voir tous les cas de figure.\u00a0 Si elles le faisaient elles deviendraient de simples lois et perdraient en adaptabilit\u00e9 \u00e0 travers l\u2019histoire ce qu\u2019elles gagneraient en d\u00e9tails pour tenter en vain\u00a0 de g\u00e9rer un quotidien en perp\u00e9tuelle \u00e9volution. Certaines grandes nations ont des Constitutions de 20 \u00e0 30 articles qu\u2019ils maintiennent a travers les si\u00e8cles avec une dizaine d\u2019amendements par si\u00e8cle.\u00a0 En terme de droit appliqu\u00e9 \u00e0 notre r\u00e9alit\u00e9, on peut dire que ce qui a cr\u00e9\u00e9 la vacance de pouvoir ce n\u2019est pas vraiment la d\u00e9mission du Chef de l\u2019Etat \u00e0 laquelle se r\u00e9f\u00e8re l\u2019article 102 pas plus que la reconnaissance officielle de son incapacit\u00e9 qui aux termes de la Constitution aurait d\u00fb suivre une proc\u00e9dure sp\u00e9cifique. C\u2019est en fait l\u2019annulation par le Pr\u00e9sident en exercice le 11 mars, alors que la proc\u00e9dure en \u00e9tait d\u00e9j\u00e0 engag\u00e9e, de l\u2019\u00e9lection pr\u00e9sidentielle fix\u00e9e au18 avril et pour lesquelles des dossiers complets de candidature avaient \u00e9t\u00e9 d\u00e9pos\u00e9s au Conseil constitutionnel, qui a cr\u00e9\u00e9 ce vide institutionnel.\u00a0<\/div>\n<\/div>\n<p>Auteur: Ismain<br \/>\n<a href=\"https:\/\/www.reflexiondz.net\/Vide-institutionnel_a56041.html\">Cliquez ici pour lire l&rsquo;article depuis sa source.<\/a><\/p>\n","protected":false},"excerpt":{"rendered":"<p>Chez nous, si on tient compte des 4 Constitutions et des six amendements depuis l\u2019Ind\u00e9pendance, on peut dire que la moyenne de vie de nos constitutions est de cinq ann\u00e9es et demie ! Un seul titulaire en est m\u00eame venu \u00e0 faire amender \u00e0 3 diff\u00e9rentes occasions, la Constitution \u00e9labor\u00e9e par son pr\u00e9d\u00e9cesseur. Sachons reconna\u00eetre [&hellip;]<\/p>\n","protected":false},"author":1740,"featured_media":0,"comment_status":"closed","ping_status":"closed","sticky":false,"template":"","format":"standard","meta":{"fifu_image_url":"","fifu_image_alt":"","footnotes":""},"categories":[53,76],"tags":[],"class_list":["post-37560","post","type-post","status-publish","format-standard","hentry","category-algerie","category-regions"],"_links":{"self":[{"href":"https:\/\/linitiative.ca\/International\/wp-json\/wp\/v2\/posts\/37560","targetHints":{"allow":["GET"]}}],"collection":[{"href":"https:\/\/linitiative.ca\/International\/wp-json\/wp\/v2\/posts"}],"about":[{"href":"https:\/\/linitiative.ca\/International\/wp-json\/wp\/v2\/types\/post"}],"author":[{"embeddable":true,"href":"https:\/\/linitiative.ca\/International\/wp-json\/wp\/v2\/users\/1740"}],"replies":[{"embeddable":true,"href":"https:\/\/linitiative.ca\/International\/wp-json\/wp\/v2\/comments?post=37560"}],"version-history":[{"count":0,"href":"https:\/\/linitiative.ca\/International\/wp-json\/wp\/v2\/posts\/37560\/revisions"}],"wp:attachment":[{"href":"https:\/\/linitiative.ca\/International\/wp-json\/wp\/v2\/media?parent=37560"}],"wp:term":[{"taxonomy":"category","embeddable":true,"href":"https:\/\/linitiative.ca\/International\/wp-json\/wp\/v2\/categories?post=37560"},{"taxonomy":"post_tag","embeddable":true,"href":"https:\/\/linitiative.ca\/International\/wp-json\/wp\/v2\/tags?post=37560"}],"curies":[{"name":"wp","href":"https:\/\/api.w.org\/{rel}","templated":true}]}}