{"id":37561,"date":"2019-05-29T13:50:00","date_gmt":"2019-05-29T17:50:00","guid":{"rendered":"https:\/\/linitiative.ca\/International\/chlef-150-milliards-de-cts-pour-45-douars-prives-deau\/"},"modified":"2019-05-29T13:50:00","modified_gmt":"2019-05-29T17:50:00","slug":"chlef-150-milliards-de-cts-pour-45-douars-prives-deau","status":"publish","type":"post","link":"https:\/\/linitiative.ca\/International\/chlef-150-milliards-de-cts-pour-45-douars-prives-deau\/","title":{"rendered":"CHLEF : 150 milliards de cts pour  45 douars priv\u00e9s d\u2019eau"},"content":{"rendered":"<p><br id=\"sep_para_1\" class=\"sep_para access\"\/><\/p>\n<div id=\"para_1\" class=\"para_31351563 resize\">\n<div class=\"texte access firstletter\">Les citoyens de 45 douars\u00a0 de la wilya de Chlef souffrant depuis 4 ann\u00e9es du manque d&rsquo;eau potable dans leurs foyers, vont bient\u00f4t soulager leur soif. Une enveloppe d&rsquo;un montant de 150 milliards de centimes vient d&rsquo;\u00eatre allou\u00e9e\u00a0 par le budget de l&rsquo;Etat. Ces m\u00eames sources indiquent que tout sera mis en \u0153uvre pour que les travaux d&rsquo;ex\u00e9cution de ces projets soient entam\u00e9s dans les prochaines semaines, les travaux d&rsquo;ex\u00e9cution de ces projets seront lanc\u00e9s\u00a0 dans les prochaines semaines. L&rsquo;eau \u00e0 distribuer\u00a0 pour les 45 douars proviendra de la station de dessalement de l&rsquo;eau de mer situ\u00e9e dans la commune de Sidi Abderrahmane \u00e0 l&rsquo;ouest de T\u00e9n\u00e8s. Les 45 douars concern\u00e9s par le manque d&rsquo;AEP rel\u00e8vent des communes de Oum Drou, Oued Fodda, Ouled Benabdelkader, Oued Sly, Harchoune, B\u00e9ni Rached, Labiodh Medjadja, A\u00efn Merane, Ouled Far\u00e8s et Taougrit, soit 10 communes .Rappelons\u00a0 que le long retard d\u2019alimentation en eau potable de ces douars, est du en majeure partie \u00e0\u00a0 la r\u00e9alisation de nouveaux segments du r\u00e9seau de distribution ou de la r\u00e9habilitation des segments d\u00e9j\u00e0 existants ou encore de la pose d&rsquo;\u00e9quipements tels que des stations de refoulement ou de r\u00e9servoir de stockage.\u00a0\u00a0\u00a0\u00a0\u00a0\u00a0\u00a0\u00a0\u00a0\u00a0\u00a0<\/div>\n<\/div>\n<p>Auteur: Smain<br \/>\n<a href=\"https:\/\/www.reflexiondz.net\/CHLEF-150-milliards-de-cts-pour-45-douars-prives-d-eau_a56034.html\">Cliquez ici pour lire l&rsquo;article depuis sa source.<\/a><\/p>\n","protected":false},"excerpt":{"rendered":"<p>Les citoyens de 45 douars\u00a0 de la wilya de Chlef souffrant depuis 4 ann\u00e9es du manque d&rsquo;eau potable dans leurs foyers, vont bient\u00f4t soulager leur soif. Une enveloppe d&rsquo;un montant de 150 milliards de centimes vient d&rsquo;\u00eatre allou\u00e9e\u00a0 par le budget de l&rsquo;Etat. Ces m\u00eames sources indiquent que tout sera mis en \u0153uvre pour que [&hellip;]<\/p>\n","protected":false},"author":1740,"featured_media":0,"comment_status":"closed","ping_status":"closed","sticky":false,"template":"","format":"standard","meta":{"fifu_image_url":"","fifu_image_alt":"","footnotes":""},"categories":[53,76],"tags":[],"class_list":["post-37561","post","type-post","status-publish","format-standard","hentry","category-algerie","category-regions"],"_links":{"self":[{"href":"https:\/\/linitiative.ca\/International\/wp-json\/wp\/v2\/posts\/37561","targetHints":{"allow":["GET"]}}],"collection":[{"href":"https:\/\/linitiative.ca\/International\/wp-json\/wp\/v2\/posts"}],"about":[{"href":"https:\/\/linitiative.ca\/International\/wp-json\/wp\/v2\/types\/post"}],"author":[{"embeddable":true,"href":"https:\/\/linitiative.ca\/International\/wp-json\/wp\/v2\/users\/1740"}],"replies":[{"embeddable":true,"href":"https:\/\/linitiative.ca\/International\/wp-json\/wp\/v2\/comments?post=37561"}],"version-history":[{"count":0,"href":"https:\/\/linitiative.ca\/International\/wp-json\/wp\/v2\/posts\/37561\/revisions"}],"wp:attachment":[{"href":"https:\/\/linitiative.ca\/International\/wp-json\/wp\/v2\/media?parent=37561"}],"wp:term":[{"taxonomy":"category","embeddable":true,"href":"https:\/\/linitiative.ca\/International\/wp-json\/wp\/v2\/categories?post=37561"},{"taxonomy":"post_tag","embeddable":true,"href":"https:\/\/linitiative.ca\/International\/wp-json\/wp\/v2\/tags?post=37561"}],"curies":[{"name":"wp","href":"https:\/\/api.w.org\/{rel}","templated":true}]}}