{"id":37562,"date":"2019-05-29T13:50:00","date_gmt":"2019-05-29T17:50:00","guid":{"rendered":"https:\/\/linitiative.ca\/International\/ils-reclament-leurs-salaires-et-leur-titularisation-sit-in-des-fonctionnaires-du-pre-emploi-a-oran\/"},"modified":"2019-05-29T13:50:00","modified_gmt":"2019-05-29T17:50:00","slug":"ils-reclament-leurs-salaires-et-leur-titularisation-sit-in-des-fonctionnaires-du-pre-emploi-a-oran","status":"publish","type":"post","link":"https:\/\/linitiative.ca\/International\/ils-reclament-leurs-salaires-et-leur-titularisation-sit-in-des-fonctionnaires-du-pre-emploi-a-oran\/","title":{"rendered":"ILS RECLAMENT LEURS SALAIRES ET LEUR TITULARISATION : Sit-in des fonctionnaires du pr\u00e9-emploi \u00e0 Oran"},"content":{"rendered":"<p><br id=\"sep_para_1\" class=\"sep_para access\"\/><\/p>\n<div id=\"para_1\" class=\"para_31351559 resize\">\n<div class=\"texte access firstletter\">Plusieurs dizaines de jeunes fonctionnaires, recrut\u00e9s dans le cadre du dispositif de l\u2019aide \u00e0 l\u2019emploi DAIP de l\u2019ANEM, se sont rassembl\u00e9s, lundi en matin\u00e9e, devant le si\u00e8ge\u00a0 de la Direction de l&#8217;emploi et de\u00a0 la wilaya d&rsquo;Oran pour d\u00e9noncer les retards r\u00e9currents dans le versement de leurs salaires. Selon les protestataires, les salaires des mois d&rsquo;avril et\u00a0 mai n\u2019ont toujours pas \u00e9t\u00e9 vers\u00e9s et les responsables de la direction de l\u2019emploi n\u2019ont fourni aucune information pour expliquer ce retard. Ces derniers affirment\u00a0 que les retards dans le paiement des mensualit\u00e9s sont devenus monnaie courante dans la wilaya d\u2019Oran et qu\u2019ils souffrent de cette situation, surtout que ces fonctionnaires contractuels travaillent dans plusieurs \u00e9tablissements et secteurs et ils\u00a0 assurent les m\u00eames t\u00e2ches que les fonctionnaires permanents. \u00abNous en avons marre de ce statut de marginalisation au sein des \u00e9tablissements o\u00f9 nous travaillons depuis des ann\u00e9es. Non seulement nous ne sommes pas r\u00e9mun\u00e9r\u00e9s au m\u00eame titre d\u2019\u00e9galit\u00e9 que les autres fonctionnaires, mais aussi nos maigres salaires accusent \u00e0 chaque fois un \u00e9norme retard et personne au niveau de la direction de l\u2019emploi n\u2019arrive \u00e0 expliquer cette situation p\u00e9nalisante\u00bb, a expliqu\u00e9\u00a0 un employ\u00e9 dans un centre de formation professionnelle \u00e0 El Mahgoun .Notre interlocuteur ajoute que la revendication pour la titularisation des jeunes recrut\u00e9s dans le cadre de ce dispositif reste d\u2019actualit\u00e9 : \u00abCertains parmi nous travaillent dans le cadre de ces contrats depuis plus de dix ans. Nous r\u00eavons toujours de ces recrutements qui sont pourtant inclus dans les contrats sign\u00e9s initialement. Malheureusement, en plus du retard dans le paiement des mensualit\u00e9s, aucune d\u00e9marche s\u00e9rieuse n\u2019a \u00e9t\u00e9 lanc\u00e9e pour qu\u2019on soit recrut\u00e9s officiellement dans les postes que nous occupons. Et contrairement aux engagements des pouvoirs publics, nous n\u2019avons ni prime de rendement ni n\u2019importe quelle autre prime. Nous nous retrouvons toujours face \u00e0 la m\u00eame situation en 2019, et beaucoup d\u2019entre nous sont toujours r\u00e9mun\u00e9r\u00e9s \u00e0 seulement 8 000 ou 15 000 dinars\u00a0 par mois, alors que nous sommes tous dipl\u00f4m\u00e9s des universit\u00e9s, des centres de formation et que nous avons gagn\u00e9 des exp\u00e9riences dans des postes importants de plusieurs secteurs\u00bb, se d\u00e9sole notre interlocuteur. Apr\u00e8s avoir remis une requ\u00eate aux responsables de la direction de l\u2019emploi et de la wilaya\u00a0 d\u2019Oran, les protestataires se sont dispers\u00e9s dans le calme, tout en assurant qu\u2019ils m\u00e8neront une nouvelle action de rue d\u00e8s les prochains jours si cette situation perdure, mais aussi afin de remettre une plateforme de revendications au premier magistrat de la wilaya pour r\u00e9clamer leur int\u00e9gration dans les plus brefs d\u00e9lais.<\/div>\n<\/div>\n<p>Auteur: Medjadji Habib<br \/>\n<a href=\"https:\/\/www.reflexiondz.net\/ILS-RECLAMENT-LEURS-SALAIRES-ET-LEUR-TITULARISATION-Sit-in-des-fonctionnaires-du-pre-emploi-a-Oran_a56033.html\">Cliquez ici pour lire l&rsquo;article depuis sa source.<\/a><\/p>\n","protected":false},"excerpt":{"rendered":"<p>Plusieurs dizaines de jeunes fonctionnaires, recrut\u00e9s dans le cadre du dispositif de l\u2019aide \u00e0 l\u2019emploi DAIP de l\u2019ANEM, se sont rassembl\u00e9s, lundi en matin\u00e9e, devant le si\u00e8ge\u00a0 de la Direction de l&#8217;emploi et de\u00a0 la wilaya d&rsquo;Oran pour d\u00e9noncer les retards r\u00e9currents dans le versement de leurs salaires. Selon les protestataires, les salaires des mois [&hellip;]<\/p>\n","protected":false},"author":1740,"featured_media":0,"comment_status":"closed","ping_status":"closed","sticky":false,"template":"","format":"standard","meta":{"fifu_image_url":"","fifu_image_alt":"","footnotes":""},"categories":[53,76],"tags":[],"class_list":["post-37562","post","type-post","status-publish","format-standard","hentry","category-algerie","category-regions"],"_links":{"self":[{"href":"https:\/\/linitiative.ca\/International\/wp-json\/wp\/v2\/posts\/37562","targetHints":{"allow":["GET"]}}],"collection":[{"href":"https:\/\/linitiative.ca\/International\/wp-json\/wp\/v2\/posts"}],"about":[{"href":"https:\/\/linitiative.ca\/International\/wp-json\/wp\/v2\/types\/post"}],"author":[{"embeddable":true,"href":"https:\/\/linitiative.ca\/International\/wp-json\/wp\/v2\/users\/1740"}],"replies":[{"embeddable":true,"href":"https:\/\/linitiative.ca\/International\/wp-json\/wp\/v2\/comments?post=37562"}],"version-history":[{"count":0,"href":"https:\/\/linitiative.ca\/International\/wp-json\/wp\/v2\/posts\/37562\/revisions"}],"wp:attachment":[{"href":"https:\/\/linitiative.ca\/International\/wp-json\/wp\/v2\/media?parent=37562"}],"wp:term":[{"taxonomy":"category","embeddable":true,"href":"https:\/\/linitiative.ca\/International\/wp-json\/wp\/v2\/categories?post=37562"},{"taxonomy":"post_tag","embeddable":true,"href":"https:\/\/linitiative.ca\/International\/wp-json\/wp\/v2\/tags?post=37562"}],"curies":[{"name":"wp","href":"https:\/\/api.w.org\/{rel}","templated":true}]}}