{"id":37571,"date":"2019-05-29T12:14:14","date_gmt":"2019-05-29T16:14:14","guid":{"rendered":"https:\/\/linitiative.ca\/International\/tunisie-gafsa-elle-decede-en-apprenant-la-mort-de-son-petit-fils\/"},"modified":"2019-05-29T12:14:14","modified_gmt":"2019-05-29T16:14:14","slug":"tunisie-gafsa-elle-decede-en-apprenant-la-mort-de-son-petit-fils","status":"publish","type":"post","link":"https:\/\/linitiative.ca\/International\/tunisie-gafsa-elle-decede-en-apprenant-la-mort-de-son-petit-fils\/","title":{"rendered":"Tunisie \u2013 Gafsa\u00a0: Elle d\u00e9c\u00e8de en apprenant la mort de son petit fils"},"content":{"rendered":"<div class=\"post-cont-in left relative\">\n<div class=\"swp_social_panel swp_horizontal_panel swp_flat_fresh swp_default_full_color swp_individual_full_color swp_other_full_color scale-100 scale-\" data-min-width=\"1100\" data-float-color=\"#ffffff\" data-float=\"none\" data-float-mobile=\"none\" data-transition=\"slide\">\n<div class=\"nc_tweetContainer swp_share_button total_shares total_sharesalt\"><span class=\"swp_count\">63 <span class=\"swp_label\">Partages<\/span><\/span><\/div>\n<\/div>\n<p>Le cadavre d\u2019un jeune homme a \u00e9t\u00e9 retrouv\u00e9, ce matin, dans la localit\u00e9 de Jebel Bou Omrane, pr\u00e8s d\u2019El Guetar,\u00a0\u00e0 Gafsa. Selon les premiers \u00e9l\u00e9ments de l\u2019enqu\u00eate, le jeune homme serait d\u00e9c\u00e9d\u00e9 de mort naturelle, \u00e9tant atteint d\u2019une maladie chronique grave.<\/p>\n<p>Quand les voisins ont ramen\u00e9 la d\u00e9pouille au domicile de ses parents et leur ont annonc\u00e9 le d\u00e9c\u00e8s, le c\u0153ur de sa grand-m\u00e8re, septuag\u00e9naire, n\u2019a pas tenu le choc et elle est d\u00e9c\u00e9d\u00e9e sur le champ.<\/p>\n<div class=\"code-block code-block-1 c3\"><ins class=\"adsbygoogle c2\" data-ad-layout=\"in-article\" data-ad-format=\"fluid\" data-ad-client=\"ca-pub-2102118777505746\" data-ad-slot=\"7301775417\"\/> <\/div>\n<div class=\"mvp-org-wrap mvp-org-logo\" itemprop=\"publisher\" itemscope=\"\" itemtype=\"https:\/\/schema.org\/Organization\"><img decoding=\"async\" src=\"https:\/\/www.tunisienumerique.com\/wp-content\/uploads\/2017\/02\/logo_tunisie_numerique.png\"\/><\/div>\n<div class=\"swp_social_panel swp_horizontal_panel swp_flat_fresh swp_default_full_color swp_individual_full_color swp_other_full_color scale-100 scale-\" data-min-width=\"1100\" data-float-color=\"#ffffff\" data-float=\"none\" data-float-mobile=\"none\" data-transition=\"slide\">\n<div class=\"nc_tweetContainer swp_share_button total_shares total_sharesalt\"><span class=\"swp_count\">63 <span class=\"swp_label\">Partages<\/span><\/span><\/div>\n<\/div>\n<div class=\"mvp-related-posts left relative\">\n<h4 class=\"post-header\"><span class=\"post-header\">Lire aussi<\/span><\/h4>\n<\/div>\n<\/div>\n<p>Auteur: LM<br \/>\n<a href=\"https:\/\/www.tunisienumerique.com\/tunisie-gafsa-elle-decede-en-apprenant-la-mort-de-son-petit-fils\/\">Cliquez ici pour lire l&rsquo;article depuis sa source.<\/a><\/p>\n","protected":false},"excerpt":{"rendered":"<p>63 Partages Le cadavre d\u2019un jeune homme a \u00e9t\u00e9 retrouv\u00e9, ce matin, dans la localit\u00e9 de Jebel Bou Omrane, pr\u00e8s d\u2019El Guetar,\u00a0\u00e0 Gafsa. Selon les premiers \u00e9l\u00e9ments de l\u2019enqu\u00eate, le jeune homme serait d\u00e9c\u00e9d\u00e9 de mort naturelle, \u00e9tant atteint d\u2019une maladie chronique grave. Quand les voisins ont ramen\u00e9 la d\u00e9pouille au domicile de ses parents [&hellip;]<\/p>\n","protected":false},"author":1789,"featured_media":37572,"comment_status":"closed","ping_status":"closed","sticky":false,"template":"","format":"standard","meta":{"fifu_image_url":"","fifu_image_alt":"","footnotes":""},"categories":[73,55],"tags":[],"class_list":["post-37571","post","type-post","status-publish","format-standard","has-post-thumbnail","hentry","category-actualite","category-tunisie"],"_links":{"self":[{"href":"https:\/\/linitiative.ca\/International\/wp-json\/wp\/v2\/posts\/37571","targetHints":{"allow":["GET"]}}],"collection":[{"href":"https:\/\/linitiative.ca\/International\/wp-json\/wp\/v2\/posts"}],"about":[{"href":"https:\/\/linitiative.ca\/International\/wp-json\/wp\/v2\/types\/post"}],"author":[{"embeddable":true,"href":"https:\/\/linitiative.ca\/International\/wp-json\/wp\/v2\/users\/1789"}],"replies":[{"embeddable":true,"href":"https:\/\/linitiative.ca\/International\/wp-json\/wp\/v2\/comments?post=37571"}],"version-history":[{"count":0,"href":"https:\/\/linitiative.ca\/International\/wp-json\/wp\/v2\/posts\/37571\/revisions"}],"wp:featuredmedia":[{"embeddable":true,"href":"https:\/\/linitiative.ca\/International\/wp-json\/"}],"wp:attachment":[{"href":"https:\/\/linitiative.ca\/International\/wp-json\/wp\/v2\/media?parent=37571"}],"wp:term":[{"taxonomy":"category","embeddable":true,"href":"https:\/\/linitiative.ca\/International\/wp-json\/wp\/v2\/categories?post=37571"},{"taxonomy":"post_tag","embeddable":true,"href":"https:\/\/linitiative.ca\/International\/wp-json\/wp\/v2\/tags?post=37571"}],"curies":[{"name":"wp","href":"https:\/\/api.w.org\/{rel}","templated":true}]}}