{"id":37573,"date":"2019-05-29T12:21:37","date_gmt":"2019-05-29T16:21:37","guid":{"rendered":"https:\/\/linitiative.ca\/International\/tunisie-kairouan-arrestation-des-deux-detenus-evades-de-la-prison-del-houareb\/"},"modified":"2019-05-29T12:21:37","modified_gmt":"2019-05-29T16:21:37","slug":"tunisie-kairouan-arrestation-des-deux-detenus-evades-de-la-prison-del-houareb","status":"publish","type":"post","link":"https:\/\/linitiative.ca\/International\/tunisie-kairouan-arrestation-des-deux-detenus-evades-de-la-prison-del-houareb\/","title":{"rendered":"Tunisie \u2013 Kairouan\u00a0: Arrestation des deux d\u00e9tenus \u00e9vad\u00e9s de la prison d\u2019El Houareb"},"content":{"rendered":"<div class=\"post-cont-in left relative\">\n<div class=\"swp_social_panel swp_horizontal_panel swp_flat_fresh swp_default_full_color swp_individual_full_color swp_other_full_color scale-100 scale-\" data-min-width=\"1100\" data-float-color=\"#ffffff\" data-float=\"none\" data-float-mobile=\"none\" data-transition=\"slide\">\n<div class=\"nc_tweetContainer swp_share_button total_shares total_sharesalt\"><span class=\"swp_count\">18 <span class=\"swp_label\">Partages<\/span><\/span><\/div>\n<\/div>\n<p>Les forces de l\u2019ordre ont r\u00e9ussi, en un temps record, \u00e0 arr\u00eater et \u00e0 remettre sous les verrous, les deux d\u00e9tenus qui s\u2019\u00e9taient \u00e9vad\u00e9s, hier soir, de la prison d\u2019El Houareb.<\/p>\n<p>Le premier\u00a0fugitif a \u00e9t\u00e9 rattrap\u00e9 \u00e0 Chrarda, depuis le matin, alors que le second a \u00e9t\u00e9 retrouv\u00e9 \u00e0 Bouhajla et a \u00e9t\u00e9 appr\u00e9hend\u00e9 vers midi.<\/p>\n<div class=\"code-block code-block-1 c3\"><ins class=\"adsbygoogle c2\" data-ad-layout=\"in-article\" data-ad-format=\"fluid\" data-ad-client=\"ca-pub-2102118777505746\" data-ad-slot=\"7301775417\"\/> <\/div>\n<div class=\"mvp-org-wrap mvp-org-logo\" itemprop=\"publisher\" itemscope=\"\" itemtype=\"https:\/\/schema.org\/Organization\"><img decoding=\"async\" src=\"https:\/\/www.tunisienumerique.com\/wp-content\/uploads\/2017\/02\/logo_tunisie_numerique.png\"\/><\/div>\n<div class=\"swp_social_panel swp_horizontal_panel swp_flat_fresh swp_default_full_color swp_individual_full_color swp_other_full_color scale-100 scale-\" data-min-width=\"1100\" data-float-color=\"#ffffff\" data-float=\"none\" data-float-mobile=\"none\" data-transition=\"slide\">\n<div class=\"nc_tweetContainer swp_share_button total_shares total_sharesalt\"><span class=\"swp_count\">18 <span class=\"swp_label\">Partages<\/span><\/span><\/div>\n<\/div>\n<div class=\"mvp-related-posts left relative\">\n<h4 class=\"post-header\"><span class=\"post-header\">Lire aussi<\/span><\/h4>\n<\/div>\n<\/div>\n<p>Auteur: LM<br \/>\n<a href=\"https:\/\/www.tunisienumerique.com\/tunisie-kairouan-arrestation-des-deux-detenus-evades-de-la-prison-del-houareb\/\">Cliquez ici pour lire l&rsquo;article depuis sa source.<\/a><\/p>\n","protected":false},"excerpt":{"rendered":"<p>18 Partages Les forces de l\u2019ordre ont r\u00e9ussi, en un temps record, \u00e0 arr\u00eater et \u00e0 remettre sous les verrous, les deux d\u00e9tenus qui s\u2019\u00e9taient \u00e9vad\u00e9s, hier soir, de la prison d\u2019El Houareb. Le premier\u00a0fugitif a \u00e9t\u00e9 rattrap\u00e9 \u00e0 Chrarda, depuis le matin, alors que le second a \u00e9t\u00e9 retrouv\u00e9 \u00e0 Bouhajla et a \u00e9t\u00e9 [&hellip;]<\/p>\n","protected":false},"author":1789,"featured_media":37574,"comment_status":"closed","ping_status":"closed","sticky":false,"template":"","format":"standard","meta":{"fifu_image_url":"","fifu_image_alt":"","footnotes":""},"categories":[73,55],"tags":[],"class_list":["post-37573","post","type-post","status-publish","format-standard","has-post-thumbnail","hentry","category-actualite","category-tunisie"],"_links":{"self":[{"href":"https:\/\/linitiative.ca\/International\/wp-json\/wp\/v2\/posts\/37573","targetHints":{"allow":["GET"]}}],"collection":[{"href":"https:\/\/linitiative.ca\/International\/wp-json\/wp\/v2\/posts"}],"about":[{"href":"https:\/\/linitiative.ca\/International\/wp-json\/wp\/v2\/types\/post"}],"author":[{"embeddable":true,"href":"https:\/\/linitiative.ca\/International\/wp-json\/wp\/v2\/users\/1789"}],"replies":[{"embeddable":true,"href":"https:\/\/linitiative.ca\/International\/wp-json\/wp\/v2\/comments?post=37573"}],"version-history":[{"count":0,"href":"https:\/\/linitiative.ca\/International\/wp-json\/wp\/v2\/posts\/37573\/revisions"}],"wp:featuredmedia":[{"embeddable":true,"href":"https:\/\/linitiative.ca\/International\/wp-json\/"}],"wp:attachment":[{"href":"https:\/\/linitiative.ca\/International\/wp-json\/wp\/v2\/media?parent=37573"}],"wp:term":[{"taxonomy":"category","embeddable":true,"href":"https:\/\/linitiative.ca\/International\/wp-json\/wp\/v2\/categories?post=37573"},{"taxonomy":"post_tag","embeddable":true,"href":"https:\/\/linitiative.ca\/International\/wp-json\/wp\/v2\/tags?post=37573"}],"curies":[{"name":"wp","href":"https:\/\/api.w.org\/{rel}","templated":true}]}}