{"id":37575,"date":"2019-05-29T12:27:55","date_gmt":"2019-05-29T16:27:55","guid":{"rendered":"https:\/\/linitiative.ca\/International\/tunisie-finalement-le-maire-de-sousse-officialise-sa-demission\/"},"modified":"2019-05-29T12:27:55","modified_gmt":"2019-05-29T16:27:55","slug":"tunisie-finalement-le-maire-de-sousse-officialise-sa-demission","status":"publish","type":"post","link":"https:\/\/linitiative.ca\/International\/tunisie-finalement-le-maire-de-sousse-officialise-sa-demission\/","title":{"rendered":"Tunisie \u2013 Finalement, le maire de Sousse officialise sa d\u00e9mission"},"content":{"rendered":"<div class=\"post-cont-in left relative\">\n<div class=\"swp_social_panel swp_horizontal_panel swp_flat_fresh swp_default_full_color swp_individual_full_color swp_other_full_color scale-100 scale-\" data-min-width=\"1100\" data-float-color=\"#ffffff\" data-float=\"none\" data-float-mobile=\"none\" data-transition=\"slide\">\n<div class=\"nc_tweetContainer swp_share_button total_shares total_sharesalt\"><span class=\"swp_count\">49 <span class=\"swp_label\">Partages<\/span><\/span><\/div>\n<\/div>\n<p>Le maire de Sousse, Taoufik La\u00e2ribi qui avait annonc\u00e9, il y a quelques jours sa d\u00e9mission, avant de se r\u00e9tracter sous la pression de ses conseillers, a finalement, annonc\u00e9 de fa\u00e7on officielle son retrait d\u00e9finitif du conseil municipal.<\/p>\n<p>Pour rappel, le maire a d\u00e9missionn\u00e9, \u00e0 cause des nombreux diff\u00e9rends qui l\u2019avaient oppos\u00e9s aux conseillers municipaux relevant de certains partis politiques.<\/p>\n<div class=\"code-block code-block-1 c3\"><ins class=\"adsbygoogle c2\" data-ad-layout=\"in-article\" data-ad-format=\"fluid\" data-ad-client=\"ca-pub-2102118777505746\" data-ad-slot=\"7301775417\"\/> <\/div>\n<div class=\"mvp-org-wrap mvp-org-logo\" itemprop=\"publisher\" itemscope=\"\" itemtype=\"https:\/\/schema.org\/Organization\"><img decoding=\"async\" src=\"https:\/\/www.tunisienumerique.com\/wp-content\/uploads\/2017\/02\/logo_tunisie_numerique.png\"\/><\/div>\n<div class=\"swp_social_panel swp_horizontal_panel swp_flat_fresh swp_default_full_color swp_individual_full_color swp_other_full_color scale-100 scale-\" data-min-width=\"1100\" data-float-color=\"#ffffff\" data-float=\"none\" data-float-mobile=\"none\" data-transition=\"slide\">\n<div class=\"nc_tweetContainer swp_share_button total_shares total_sharesalt\"><span class=\"swp_count\">49 <span class=\"swp_label\">Partages<\/span><\/span><\/div>\n<\/div>\n<div class=\"mvp-related-posts left relative\">\n<h4 class=\"post-header\"><span class=\"post-header\">Lire aussi<\/span><\/h4>\n<\/div>\n<\/div>\n<p>Auteur: LM<br \/>\n<a href=\"https:\/\/www.tunisienumerique.com\/tunisie-finalement-le-maire-de-sousse-officialise-sa-demission\/\">Cliquez ici pour lire l&rsquo;article depuis sa source.<\/a><\/p>\n","protected":false},"excerpt":{"rendered":"<p>49 Partages Le maire de Sousse, Taoufik La\u00e2ribi qui avait annonc\u00e9, il y a quelques jours sa d\u00e9mission, avant de se r\u00e9tracter sous la pression de ses conseillers, a finalement, annonc\u00e9 de fa\u00e7on officielle son retrait d\u00e9finitif du conseil municipal. Pour rappel, le maire a d\u00e9missionn\u00e9, \u00e0 cause des nombreux diff\u00e9rends qui l\u2019avaient oppos\u00e9s aux [&hellip;]<\/p>\n","protected":false},"author":1789,"featured_media":37576,"comment_status":"closed","ping_status":"closed","sticky":false,"template":"","format":"standard","meta":{"fifu_image_url":"","fifu_image_alt":"","footnotes":""},"categories":[73,55],"tags":[],"class_list":["post-37575","post","type-post","status-publish","format-standard","has-post-thumbnail","hentry","category-actualite","category-tunisie"],"_links":{"self":[{"href":"https:\/\/linitiative.ca\/International\/wp-json\/wp\/v2\/posts\/37575","targetHints":{"allow":["GET"]}}],"collection":[{"href":"https:\/\/linitiative.ca\/International\/wp-json\/wp\/v2\/posts"}],"about":[{"href":"https:\/\/linitiative.ca\/International\/wp-json\/wp\/v2\/types\/post"}],"author":[{"embeddable":true,"href":"https:\/\/linitiative.ca\/International\/wp-json\/wp\/v2\/users\/1789"}],"replies":[{"embeddable":true,"href":"https:\/\/linitiative.ca\/International\/wp-json\/wp\/v2\/comments?post=37575"}],"version-history":[{"count":0,"href":"https:\/\/linitiative.ca\/International\/wp-json\/wp\/v2\/posts\/37575\/revisions"}],"wp:featuredmedia":[{"embeddable":true,"href":"https:\/\/linitiative.ca\/International\/wp-json\/"}],"wp:attachment":[{"href":"https:\/\/linitiative.ca\/International\/wp-json\/wp\/v2\/media?parent=37575"}],"wp:term":[{"taxonomy":"category","embeddable":true,"href":"https:\/\/linitiative.ca\/International\/wp-json\/wp\/v2\/categories?post=37575"},{"taxonomy":"post_tag","embeddable":true,"href":"https:\/\/linitiative.ca\/International\/wp-json\/wp\/v2\/tags?post=37575"}],"curies":[{"name":"wp","href":"https:\/\/api.w.org\/{rel}","templated":true}]}}