{"id":37577,"date":"2019-05-29T12:50:11","date_gmt":"2019-05-29T16:50:11","guid":{"rendered":"https:\/\/linitiative.ca\/International\/audio-dans-linteret-du-front-populaire-et-de-la-scene-politique-en-tunisie-il-faut-exclure-hamma-hammami\/"},"modified":"2019-05-29T12:50:11","modified_gmt":"2019-05-29T16:50:11","slug":"audio-dans-linteret-du-front-populaire-et-de-la-scene-politique-en-tunisie-il-faut-exclure-hamma-hammami","status":"publish","type":"post","link":"https:\/\/linitiative.ca\/International\/audio-dans-linteret-du-front-populaire-et-de-la-scene-politique-en-tunisie-il-faut-exclure-hamma-hammami\/","title":{"rendered":"AUDIO\u00a0: Dans l\u2019int\u00e9r\u00eat du Front Populaire et de la sc\u00e8ne politique en Tunisie, il faut exclure Hamma Hammami"},"content":{"rendered":"<div class=\"post-cont-in left relative\">\n<div class=\"swp_social_panel swp_horizontal_panel swp_flat_fresh swp_default_full_color swp_individual_full_color swp_other_full_color scale-100 scale-\" data-min-width=\"1100\" data-float-color=\"#ffffff\" data-float=\"none\" data-float-mobile=\"none\" data-transition=\"slide\">\n<div class=\"nc_tweetContainer swp_share_button total_shares total_sharesalt\"><span class=\"swp_count\">157 <span class=\"swp_label\">Partages<\/span><\/span><\/div>\n<\/div>\n<p>L\u2019avocat et activiste politique, Imed Ben Hlima a d\u00e9clar\u00e9, ce mercredi, dans un entretien accord\u00e9 \u00e0 Tunisienumerique, que les dissensions que connait le Front Populaire, qui ont abouti \u00e0 la d\u00e9mission de neuf d\u00e9put\u00e9s risquent de mener \u00e0 la disparition du bloc parlementaire et vont de ce fait d\u00e9naturer la sc\u00e8ne politique dans le pays, en\u00a0favorisant, encore une fois, l\u2019alliance des Fr\u00e8res musulmans avec les partisans soutenant Chahed.<\/p>\n<p>Ben Hlima a expliqu\u00e9 que la discorde a d\u00e9but\u00e9\u00a0lorsque que les partisans d\u2019Al Watad ont propos\u00e9 la candidature de Mongi Rahoui aux pr\u00e9sidentielles, alors que les autres adh\u00e9rents du Front ont tenu \u00e0 pr\u00e9server le droit immuable de Hammam Hammami, seul d\u00e9positaire in\u00e9branlable \u00e0 vie, du pouvoir et unique h\u00e9ritier\u00a0du tr\u00f4ne de la gauche.<\/p>\n<div class=\"code-block code-block-1 c3\"><ins class=\"adsbygoogle c2\" data-ad-layout=\"in-article\" data-ad-format=\"fluid\" data-ad-client=\"ca-pub-2102118777505746\" data-ad-slot=\"7301775417\"\/> <\/div>\n<p>Ben Hlima a ajout\u00e9 que Hamma Hammami n\u2019a plus aucun avenir politique et qu\u2019il constitue, d\u00e9sormais un \u00e9l\u00e9ment perturbateur de la sc\u00e8ne aussi bien au Front Populaire qu\u2019au niveau national. Ben Hlima a d\u00e9plor\u00e9 que ceux qui se disent d\u00e9mocrates sont les plus r\u00e9ticents \u00e0 la d\u00e9mocratie au sein m\u00eame de leur formation et a appel\u00e9 \u00e0 l\u2019exclusion de Hamma Hammami du Front et de la vie politique.<\/p>\n<p><a href=\"https:\/\/www.tunisienumerique.com\/wp-content\/uploads\/2019\/05\/Imed-Ben-Hlima.mp3\">https:\/\/www.tunisienumerique.com\/wp-content\/uploads\/2019\/05\/Imed-Ben-Hlima.mp3<\/a><\/p>\n<div class=\"mvp-org-wrap mvp-org-logo\" itemprop=\"publisher\" itemscope=\"\" itemtype=\"https:\/\/schema.org\/Organization\"><img decoding=\"async\" src=\"https:\/\/www.tunisienumerique.com\/wp-content\/uploads\/2017\/02\/logo_tunisie_numerique.png\"\/><\/div>\n<div class=\"swp_social_panel swp_horizontal_panel swp_flat_fresh swp_default_full_color swp_individual_full_color swp_other_full_color scale-100 scale-\" data-min-width=\"1100\" data-float-color=\"#ffffff\" data-float=\"none\" data-float-mobile=\"none\" data-transition=\"slide\">\n<div class=\"nc_tweetContainer swp_share_button total_shares total_sharesalt\"><span class=\"swp_count\">157 <span class=\"swp_label\">Partages<\/span><\/span><\/div>\n<\/div>\n<div class=\"mvp-related-posts left relative\">\n<h4 class=\"post-header\"><span class=\"post-header\">Lire aussi<\/span><\/h4>\n<\/div>\n<\/div>\n<p>Auteur: LM<br \/>\n<a href=\"https:\/\/www.tunisienumerique.com\/audio-dans-linteret-du-front-populaire-et-de-la-scene-politique-en-tunisie-il-faut-exclure-hamma-hammami\/\">Cliquez ici pour lire l&rsquo;article depuis sa source.<\/a><\/p>\n","protected":false},"excerpt":{"rendered":"<p>157 Partages L\u2019avocat et activiste politique, Imed Ben Hlima a d\u00e9clar\u00e9, ce mercredi, dans un entretien accord\u00e9 \u00e0 Tunisienumerique, que les dissensions que connait le Front Populaire, qui ont abouti \u00e0 la d\u00e9mission de neuf d\u00e9put\u00e9s risquent de mener \u00e0 la disparition du bloc parlementaire et vont de ce fait d\u00e9naturer la sc\u00e8ne politique dans [&hellip;]<\/p>\n","protected":false},"author":1789,"featured_media":37578,"comment_status":"closed","ping_status":"closed","sticky":false,"template":"","format":"standard","meta":{"fifu_image_url":"","fifu_image_alt":"","footnotes":""},"categories":[73,55],"tags":[],"class_list":["post-37577","post","type-post","status-publish","format-standard","has-post-thumbnail","hentry","category-actualite","category-tunisie"],"_links":{"self":[{"href":"https:\/\/linitiative.ca\/International\/wp-json\/wp\/v2\/posts\/37577","targetHints":{"allow":["GET"]}}],"collection":[{"href":"https:\/\/linitiative.ca\/International\/wp-json\/wp\/v2\/posts"}],"about":[{"href":"https:\/\/linitiative.ca\/International\/wp-json\/wp\/v2\/types\/post"}],"author":[{"embeddable":true,"href":"https:\/\/linitiative.ca\/International\/wp-json\/wp\/v2\/users\/1789"}],"replies":[{"embeddable":true,"href":"https:\/\/linitiative.ca\/International\/wp-json\/wp\/v2\/comments?post=37577"}],"version-history":[{"count":0,"href":"https:\/\/linitiative.ca\/International\/wp-json\/wp\/v2\/posts\/37577\/revisions"}],"wp:featuredmedia":[{"embeddable":true,"href":"https:\/\/linitiative.ca\/International\/wp-json\/"}],"wp:attachment":[{"href":"https:\/\/linitiative.ca\/International\/wp-json\/wp\/v2\/media?parent=37577"}],"wp:term":[{"taxonomy":"category","embeddable":true,"href":"https:\/\/linitiative.ca\/International\/wp-json\/wp\/v2\/categories?post=37577"},{"taxonomy":"post_tag","embeddable":true,"href":"https:\/\/linitiative.ca\/International\/wp-json\/wp\/v2\/tags?post=37577"}],"curies":[{"name":"wp","href":"https:\/\/api.w.org\/{rel}","templated":true}]}}