{"id":37590,"date":"2019-05-29T13:54:15","date_gmt":"2019-05-29T17:54:15","guid":{"rendered":"https:\/\/linitiative.ca\/International\/boycott-du-dialogue-national-par-le-pds-au-senegal\/"},"modified":"2019-05-29T13:54:15","modified_gmt":"2019-05-29T17:54:15","slug":"boycott-du-dialogue-national-par-le-pds-au-senegal","status":"publish","type":"post","link":"https:\/\/linitiative.ca\/International\/boycott-du-dialogue-national-par-le-pds-au-senegal\/","title":{"rendered":"BOYCOTT DU DIALOGUE NATIONAL PAR LE PDS AU SENEGAL"},"content":{"rendered":"<div class=\"stream-item stream-item-above-post-content\">\n<p><noscript><\/p>\n<p><a href=\"\/\/www3.smartadserver.com\/ac?jump=1&#038;nwid=2136&#038;siteid=240610&#038;pgname=rg&#038;fmtid=49046&#038;visit=m&#038;tmstp=[timestamp]&#038;out=nonrich\" target=\"_blank\" rel=\"noopener noreferrer\"><img decoding=\"async\" src=\"\/\/www3.smartadserver.com\/ac?out=nonrich&#038;nwid=2136&#038;siteid=240610&#038;pgname=rg&#038;fmtid=49046&#038;visit=m&#038;tmstp=[timestamp]\" border=\"0\" alt=\"\"\/><\/a><\/p>\n<p><\/noscript><\/div>\n<p class=\"c3\"><em>Quelque deux mois et demi apr\u00e8s l\u2019annonce de la tenue d\u2019un dialogue national au lendemain de sa r\u00e9\u00e9lection, le pr\u00e9sident s\u00e9n\u00e9galais, Macky Sall, a pr\u00e9sid\u00e9, le 28 mai dernier, \u00e0 la salle des banquets, l\u2019ouverture de ce \u00ab dialogue national \u00bb auquel prend part l\u2019opposition politique, \u00e0 l\u2019exception du Parti d\u00e9mocratique s\u00e9n\u00e9galais (PDS) d\u2019Abdoulaye Wade, qui a d\u00e9cid\u00e9 de le boycotter. Si le PDS est dans son bon droit de refuser l\u2019offre de dialogue du pouvoir, pour n\u2019avoir \u00ab encore re\u00e7u aucun \u00e9cho de ses exigences \u00bb, l\u2019on peut cependant regretter le rejet de cette main tendue du chef de l\u2019Etat par le parti de l\u2019ex-pr\u00e9sident. Car, quoi qu\u2019on dise, le PDS demeure l\u2019une des forces politiques majeures au pays de la Teranga. Et son absence \u00e0 ce \u00ab dialogue national \u00bb fait d\u2019autant plus tache noire que les autres partis de l\u2019opposition ont non seulement r\u00e9pondu favorablement \u00e0 l\u2019invitation du chef de l\u2019Etat, mais n\u2019ont pas non plus marchand\u00e9 leur participation \u00e0 ces \u00e9changes qui s\u2019inscrivent dans le cadre du renforcement de la d\u00e9mocratie au S\u00e9n\u00e9gal. C\u2019est en cela que l\u2019on peut appr\u00e9cier positivement la pr\u00e9sence de ce haut cadre du PDS, Oumar Sarr, pour qui \u00ab seul le dialogue peut faire bouger les lignes \u00bb et qui, faisant fi de la consigne de boycott, a rejoint la table du dialogue o\u00f9 il a retrouv\u00e9 deux autres membres influents du parti, Tidiane Sy et Habib Sy.\u00a0<\/em> <em>Cela dit, l\u2019attitude du c\u00e9l\u00e8bre avocat n\u2019est pas surprenante. En effet, Abdoulaye Wade avait pos\u00e9, entre autres, comme conditions \u00e0 sa participation, la lib\u00e9ration de l\u2019ex-maire de la capitale, Khalifa Sall, et la r\u00e9vision du proc\u00e8s de son fils, Karim Wade. Frapp\u00e9s de condamnation par la justice de leur pays, l\u2019un et l\u2019autre avaient vu leur candidature retoqu\u00e9e \u00e0 la derni\u00e8re pr\u00e9sidentielle remport\u00e9e, en f\u00e9vrier dernier, haut la main, par le chef de l\u2019Etat qui rempile, du m\u00eame coup, pour un second mandat.<\/em><\/p>\n<p class=\"c3\"><strong><em>L\u2019offre de dialogue du pr\u00e9siden<\/em>t Macky Sall pourrait participer de la d\u00e9crispation politique<\/strong><\/p>\n<p class=\"c3\"><em>Mais c\u2019est peu dire que la disqualification de son fils \u00e0 la course \u00e0 la derni\u00e8re pr\u00e9sidentielle, est rest\u00e9e en travers de la gorge de \u00ab Gorgui \u00bb. Et s\u2019il n\u2019a pas h\u00e9sit\u00e9, du haut de ses 92 ans, \u00e0 monter sur ses grands chevaux en appelant \u00e0 emp\u00eacher par tous les moyens, la tenue du scrutin pr\u00e9sidentiel, l\u2019on est \u00e0 peine \u00e9tonn\u00e9 de le voir poser, entre autres, comme pr\u00e9alable \u00e0 sa participation au dialogue national, la r\u00e9vision du proc\u00e8s de son fils qui, soit dit en passant, a \u00e9t\u00e9 condamn\u00e9 en 2015, au bout d\u2019un feuilleton judiciaire, \u00e0 six ans de prison ferme et 138 milliards de F CFA d\u2019amende pour enrichissement illicite. Jusqu\u2019o\u00f9 n\u2019ira pas Gorgui pour la cause de son rejeton qu\u2019il avait \u00e9rig\u00e9 en ministre du Ciel et de la Terre, du temps o\u00f9 il pr\u00e9sidait aux destin\u00e9es de son pays ? C\u2019est la question que l\u2019on est en droit de se poser. Car m\u00eame s\u2019il eut fallu remuer ciel et terre, tout porte \u00e0 croire que cela n\u2019aurait gu\u00e8re \u00e9t\u00e9 un obstacle \u00e0 l\u2019instinct paternel du vieux pr\u00e9sident. Mais si cela est humainement compr\u00e9hensible, il y a toutefois lieu de reconna\u00eetre\u00a0<\/em> <em>que le \u00ab Vieux \u00bb d\u00e9passe les bornes. En tout cas, avec tout ce qu\u2019il a d\u00e9j\u00e0 donn\u00e9 \u00e0 voir, l\u2019on est port\u00e9 \u00e0 croire que plus que pour tout autre raison, c\u2019est le sort de son fils qui est au centre des pr\u00e9occupations d\u2019Abdoulaye Wade. Mais tant qu\u2019\u00e0 faire, qu\u2019est-ce qui l\u2019emp\u00eachait de saisir l\u2019opportunit\u00e9 qu\u2019offrait ce dialogue national, pour mettre ces questions sur la table des discussions, d\u2019autant que le pr\u00e9sident Macky Sall avait promis qu\u2019en cas de r\u00e9\u00e9lection, il n\u2019excluait pas la possibilit\u00e9 d\u2019une amnistie pour Khalifa Sall et Karim Wade ?\u00a0<\/em> <em>En tout \u00e9tat de cause, une main tendue, pour autant qu\u2019elle soit sinc\u00e8re, est toujours un geste d\u2019\u00e9l\u00e9gance qui m\u00e9rite consid\u00e9ration. Et dans le cas d\u2019esp\u00e8ce, l\u2019offre de dialogue du pr\u00e9sident Macky Sall pourrait participer de la d\u00e9crispation politique, m\u00eame si certains y voient une sorte de s\u00e9ance de rattrapage d\u2019un pr\u00e9sident en qu\u00eate de r\u00e9habilitation de son image.\u00a0<\/em> <em>Cela dit, Abdoulaye Wade a plus d\u2019une fois montr\u00e9 que son seul projet politique aujourd\u2019hui se r\u00e9sume \u00e0 son fils Karim qu\u2019il aime par-dessus tout. Mais au-del\u00e0 des ranc\u0153urs personnelles qu\u2019il pourrait avoir contre Macky Sall, la sagesse, \u00e0 son \u00e2ge, devait l\u2019amener \u00e0 avoir des positions beaucoup plus pond\u00e9r\u00e9es et plus conciliantes plut\u00f4t que de ruer toujours dans les brancards au moment o\u00f9 bien des personnalit\u00e9s de son \u00e2ge cultivent leur jardin apr\u00e8s une retraite bien m\u00e9rit\u00e9e, aupr\u00e8s de leurs petits-enfants et arri\u00e8re-petits enfants.<\/em><\/p>\n<p><strong>Out\u00e9l\u00e9 KEITA<\/strong><\/p>\n<p>Auteur: Le Pays<br \/>\n<a href=\"http:\/\/lepays.bf\/boycott-du-dialogue-national-par-le-pds-au-senegal-2\/\">Cliquez ici pour lire l&rsquo;article depuis sa source.<\/a><\/p>\n","protected":false},"excerpt":{"rendered":"<p>Quelque deux mois et demi apr\u00e8s l\u2019annonce de la tenue d\u2019un dialogue national au lendemain de sa r\u00e9\u00e9lection, le pr\u00e9sident s\u00e9n\u00e9galais, Macky Sall, a pr\u00e9sid\u00e9, le 28 mai dernier, \u00e0 la salle des banquets, l\u2019ouverture de ce \u00ab dialogue national \u00bb auquel prend part l\u2019opposition politique, \u00e0 l\u2019exception du Parti d\u00e9mocratique s\u00e9n\u00e9galais (PDS) d\u2019Abdoulaye Wade, [&hellip;]<\/p>\n","protected":false},"author":1813,"featured_media":0,"comment_status":"closed","ping_status":"closed","sticky":false,"template":"","format":"standard","meta":{"fifu_image_url":"","fifu_image_alt":"","footnotes":""},"categories":[73,81],"tags":[],"class_list":["post-37590","post","type-post","status-publish","format-standard","hentry","category-actualite","category-burkina-faso"],"_links":{"self":[{"href":"https:\/\/linitiative.ca\/International\/wp-json\/wp\/v2\/posts\/37590","targetHints":{"allow":["GET"]}}],"collection":[{"href":"https:\/\/linitiative.ca\/International\/wp-json\/wp\/v2\/posts"}],"about":[{"href":"https:\/\/linitiative.ca\/International\/wp-json\/wp\/v2\/types\/post"}],"author":[{"embeddable":true,"href":"https:\/\/linitiative.ca\/International\/wp-json\/wp\/v2\/users\/1813"}],"replies":[{"embeddable":true,"href":"https:\/\/linitiative.ca\/International\/wp-json\/wp\/v2\/comments?post=37590"}],"version-history":[{"count":0,"href":"https:\/\/linitiative.ca\/International\/wp-json\/wp\/v2\/posts\/37590\/revisions"}],"wp:attachment":[{"href":"https:\/\/linitiative.ca\/International\/wp-json\/wp\/v2\/media?parent=37590"}],"wp:term":[{"taxonomy":"category","embeddable":true,"href":"https:\/\/linitiative.ca\/International\/wp-json\/wp\/v2\/categories?post=37590"},{"taxonomy":"post_tag","embeddable":true,"href":"https:\/\/linitiative.ca\/International\/wp-json\/wp\/v2\/tags?post=37590"}],"curies":[{"name":"wp","href":"https:\/\/api.w.org\/{rel}","templated":true}]}}